{"id":1310,"date":"2009-01-05T16:38:31","date_gmt":"2009-01-05T15:38:31","guid":{"rendered":"http:\/\/www.letourismeaparis.fr\/?p=1310"},"modified":"2009-01-05T16:38:31","modified_gmt":"2009-01-05T15:38:31","slug":"un-concert-unique-et-envoutant-au-musee-guimet","status":"publish","type":"post","link":"http:\/\/www.letourismeaparis.fr\/index.php\/2009\/01\/05\/un-concert-unique-et-envoutant-au-musee-guimet\/","title":{"rendered":"Un concert unique et envo\u00fbtant au Mus\u00e9e Guimet"},"content":{"rendered":"<p><b><br \/>\nVendredi 16 janvier \u00e0 20h30<\/b><\/p>\n<p>Sudeshna et Nabankur Bhattacharya<br \/>\n<span style=\"color: rgb(51, 153, 102);\" mce_style=\"color: #339966;\">Sarod et tabla (Inde du nord)<\/span><\/p>\n<p>C&rsquo;est au sein de l\u2019ensemble Calcutta Chandra que S &amp; N Bhattacharya, deux jeunes virtuoses firent leurs premi\u00e8res apparitions en France en 2003&#8230;<img decoding=\"async\" src=\"http:\/\/www.letourismeaparis.fr\/wp-includes\/js\/tinymce\/plugins\/wordpress\/img\/trans.gif\" mce_src=\"http:\/\/www.letourismeaparis.fr\/wp-includes\/js\/tinymce\/plugins\/wordpress\/img\/trans.gif\" alt=\"\" class=\"mceWPmore mceItemNoResize\" title=\"Lire la suite\u2026\"><\/p>\n<p>Ce duo, issu d\u2019une des plus anciennes traditions de l\u2019Inde du nord, exprime \u00e0 travers rythmes et m\u00e9lodies une multiplicit\u00e9 de sentiments.<\/p>\n<p>Leur musique minutieuse et complexe, bas\u00e9e sur un syst\u00e8me modal, s\u2019\u00e9panouit dans l\u2019improvisation.<\/p>\n<p>Auditorium Guimet<\/p>\n<p>Mus\u00e9e national des arts asiatiques&nbsp;&nbsp;&nbsp; 6, place d&rsquo;I\u00e9na 75116 Paris<\/p>\n<p><a href=\"http:\/\/www.guimet.fr\" mce_href=\"http:\/\/www.guimet.fr\">www.guimet.fr<\/a><br \/>\n<a href=\"http:\/\/www.letourismeparis.fr%20\" mce_href=\"http:\/\/www.letourismeparis.fr \">http:\/\/www.letourismeparis.fr <\/a><\/p>\n","protected":false},"excerpt":{"rendered":"<p>Vendredi 16 janvier \u00e0 20h30 Sudeshna et Nabankur Bhattacharya Sarod et tabla (Inde du nord) C&rsquo;est au sein de l\u2019ensemble Calcutta Chandra que S &amp; N Bhattacharya, deux jeunes virtuoses firent leurs premi\u00e8res apparitions en France en 2003&#8230; Ce duo,&#8230;<\/p>\n","protected":false},"author":2,"featured_media":0,"comment_status":"open","ping_status":"open","sticky":false,"template":"","format":"standard","meta":{"ngg_post_thumbnail":0,"jetpack_post_was_ever_published":false,"_jetpack_newsletter_access":"","footnotes":""},"categories":[1],"tags":[],"class_list":["post-1310","post","type-post","status-publish","format-standard","hentry","category-non-classe"],"jetpack_featured_media_url":"","jetpack-related-posts":[{"id":1749,"url":"http:\/\/www.letourismeaparis.fr\/index.php\/2009\/02\/02\/parthasarathi-desikan-au-musee-guimet-le-vendredi-6-fevrier-a-20h30\/","url_meta":{"origin":1310,"position":0},"title":"Parthasarathi Desikan au mus\u00e9e Guimet le vendredi 6 f\u00e9vrier \u00e0 20h30","author":"Fabienne TM","date":"2 f\u00e9vrier 2009","format":false,"excerpt":"Vendredi 6 f\u00e9vrier \u00e0 20h30 http:\/\/www.letourismeaparis.fr Parthasarathi Desikan Chant khay\u00e2l \u2013 Inde du nord \"Parthasarathi Desikan a \u00e9t\u00e9 \u00e9lev\u00e9 au sein d\u2019une famille originaire du sud de l\u2019Inde, mais a grandi au son de la musique classique hindoustanie du Bengale.... Son odyss\u00e9e musicale commence aupr\u00e8s de Smt Deepti Mukherjee, un\u2026","rel":"","context":"Dans &quot;Non class\u00e9&quot;","block_context":{"text":"Non class\u00e9","link":"http:\/\/www.letourismeaparis.fr\/index.php\/category\/non-classe\/"},"img":{"alt_text":"","src":"","width":0,"height":0},"classes":[]},{"id":3000,"url":"http:\/\/www.letourismeaparis.fr\/index.php\/2009\/05\/27\/sitar-et-chant-khayal-inde-du-nord-au-musee-guimet-le-29-mai\/","url_meta":{"origin":1310,"position":1},"title":"Sitar et chant khayal (Inde du nord) au mus\u00e9e Guimet le 29 mai","author":"Fabienne TM","date":"27 mai 2009","format":false,"excerpt":"Arvind et Purvi Parikh ,accompagn\u00e9s par Anutosh Degharya (tabla) Au cours de ce concert, les deux artistes se produiront en solo, puis en duo, accompagn\u00e9s au tabla par le virtuose Anutosh Degharya. Arvind Parikh\u00a0 s\u2019est produit aux quatre coins du monde, multipliant concerts et festivals Purvi Parikh a un style\u2026","rel":"","context":"Dans &quot;Non class\u00e9&quot;","block_context":{"text":"Non class\u00e9","link":"http:\/\/www.letourismeaparis.fr\/index.php\/category\/non-classe\/"},"img":{"alt_text":"","src":"","width":0,"height":0},"classes":[]},{"id":10236,"url":"http:\/\/www.letourismeaparis.fr\/index.php\/2011\/05\/22\/vendredi-27-et-samedi-28-mai-2011-a-20h30-soiree-a-la-cour-de-wajid-ali-shah-au-musee-guimet\/","url_meta":{"origin":1310,"position":2},"title":"Vendredi 27 et samedi 28 mai 2011 \u00e0 20h30 : soir\u00e9e \u00e0 la cour de Wajid Ali Shah au mus\u00e9e Guimet","author":"Fabienne TM","date":"22 mai 2011","format":false,"excerpt":"La toute jeune troupe indienne de Kal\u00e9idans\u2019Scop est compos\u00e9e de brillants danseurs \u00e0 l\u2019aube de leur carri\u00e8re. Des chor\u00e9graphies sp\u00e9cialement con\u00e7ues et inspir\u00e9es de th\u00e8mes chers au Sultan feront se c\u00f4toyer Krishna et po\u00e8tes du monde moghol. Compos\u00e9 de solos majestueux, de duos complices, de jeux dans\u00e9s amoureux, de comp\u00e9titions\u2026","rel":"","context":"Dans &quot;Non class\u00e9&quot;","block_context":{"text":"Non class\u00e9","link":"http:\/\/www.letourismeaparis.fr\/index.php\/category\/non-classe\/"},"img":{"alt_text":"","src":"","width":0,"height":0},"classes":[]},{"id":369,"url":"http:\/\/www.letourismeaparis.fr\/index.php\/2008\/09\/25\/ramesh-meena-au-musee-guimet\/","url_meta":{"origin":1310,"position":3},"title":"Ramesh Meena au mus\u00e9e Guimet","author":"Fabienne TM","date":"25 septembre 2008","format":false,"excerpt":"Vendredi 26 septembre \u00e0 20h30 Chant khay\u00e2l ( Rajasthan ) accompagn\u00e9 par Koshal Kumar Panwar (tabla) et Megha Jagawat (tanpura) Chanteur et joueur d'harmonium, Ramesh Meena excelle dans le chant khay\u00e2l (chant classique du nord de l'Inde). Depuis 2001, il enseigne au Centre National de la Musique et de la\u2026","rel":"","context":"Dans &quot;Non class\u00e9&quot;","block_context":{"text":"Non class\u00e9","link":"http:\/\/www.letourismeaparis.fr\/index.php\/category\/non-classe\/"},"img":{"alt_text":"","src":"","width":0,"height":0},"classes":[]},{"id":378,"url":"http:\/\/www.letourismeaparis.fr\/index.php\/2008\/10\/07\/joydeep-ghosh-et-kaushik-sen-sarod-et-tabla-inde-du-nord\/","url_meta":{"origin":1310,"position":4},"title":"Joydeep Ghosh et Kaushik Sen  Sarod et tabla (Inde du nord)","author":"Fabienne TM","date":"7 octobre 2008","format":false,"excerpt":"Vendredi 10 octobre \u00e0 20h30 Auditorium Guimet Joydeep Ghosh est consid\u00e9r\u00e9 comme l\u2019un des meilleurs joueurs de sarod de sa g\u00e9n\u00e9ration. Porte-flambeau de la c\u00e9l\u00e8bre Sahajahanpur Sarod Gharana, il y a d\u00e9velopp\u00e9 une ma\u00eetrise sans pareille de son instrument et s\u2019est sp\u00e9cialis\u00e9 dans le maintien de la puret\u00e9 originelle des\u2026","rel":"","context":"Dans &quot;Non class\u00e9&quot;","block_context":{"text":"Non class\u00e9","link":"http:\/\/www.letourismeaparis.fr\/index.php\/category\/non-classe\/"},"img":{"alt_text":"","src":"","width":0,"height":0},"classes":[]},{"id":13452,"url":"http:\/\/www.letourismeaparis.fr\/index.php\/2013\/06\/10\/musiques-et-danses-du-rajasthan-au-musee-guimet-le-14-et-le-15-juin\/","url_meta":{"origin":1310,"position":5},"title":"Musiques et danses du Rajasthan au mus\u00e9e Guimet le 14 et le 15 juin","author":"Fabienne TM","date":"10 juin 2013","format":false,"excerpt":"Au confluent des cultures gitanes, hindoues et musulmanes, les artistes de la formation Dhoad sont les ambassadeurs de la culture du Thar, au Rajasthan. Au c\u0153ur de ce \u00ab pays des rois \u00bb, entre les citadelles, les palais somptueux des maharajas accueillaient d\u00e9j\u00e0 les anc\u00eatres des Dhoad. Mais le d\u00e9sert\u2026","rel":"","context":"Dans &quot;Non class\u00e9&quot;","block_context":{"text":"Non class\u00e9","link":"http:\/\/www.letourismeaparis.fr\/index.php\/category\/non-classe\/"},"img":{"alt_text":"","src":"","width":0,"height":0},"classes":[]}],"jetpack_sharing_enabled":true,"jetpack_likes_enabled":true,"_links":{"self":[{"href":"http:\/\/www.letourismeaparis.fr\/index.php\/wp-json\/wp\/v2\/posts\/1310","targetHints":{"allow":["GET"]}}],"collection":[{"href":"http:\/\/www.letourismeaparis.fr\/index.php\/wp-json\/wp\/v2\/posts"}],"about":[{"href":"http:\/\/www.letourismeaparis.fr\/index.php\/wp-json\/wp\/v2\/types\/post"}],"author":[{"embeddable":true,"href":"http:\/\/www.letourismeaparis.fr\/index.php\/wp-json\/wp\/v2\/users\/2"}],"replies":[{"embeddable":true,"href":"http:\/\/www.letourismeaparis.fr\/index.php\/wp-json\/wp\/v2\/comments?post=1310"}],"version-history":[{"count":0,"href":"http:\/\/www.letourismeaparis.fr\/index.php\/wp-json\/wp\/v2\/posts\/1310\/revisions"}],"wp:attachment":[{"href":"http:\/\/www.letourismeaparis.fr\/index.php\/wp-json\/wp\/v2\/media?parent=1310"}],"wp:term":[{"taxonomy":"category","embeddable":true,"href":"http:\/\/www.letourismeaparis.fr\/index.php\/wp-json\/wp\/v2\/categories?post=1310"},{"taxonomy":"post_tag","embeddable":true,"href":"http:\/\/www.letourismeaparis.fr\/index.php\/wp-json\/wp\/v2\/tags?post=1310"}],"curies":[{"name":"wp","href":"https:\/\/api.w.org\/{rel}","templated":true}]}}