{"id":1352,"date":"2009-01-07T12:51:30","date_gmt":"2009-01-07T11:51:30","guid":{"rendered":"http:\/\/www.letourismeaparis.fr\/?p=1352"},"modified":"2009-01-07T12:51:30","modified_gmt":"2009-01-07T11:51:30","slug":"publicite-et-television","status":"publish","type":"post","link":"http:\/\/www.letourismeaparis.fr\/index.php\/2009\/01\/07\/publicite-et-television\/","title":{"rendered":"Publicit\u00e9 et T\u00e9l\u00e9vision"},"content":{"rendered":"<p>EXPOSITION au mus\u00e9e des Arts d\u00e9coratifs<br \/>\njusqu&rsquo;au 12 avril 2009<br \/>\n<a href=\"http:\/\/www.letourismeaparis.fr\"><span style=\"color: #339966;\"><strong>www.letourismeaparis.fr<\/strong><\/span><\/a><br \/>\n\u00a0\u00bb C\u2019est une fa\u00e7on de d\u00e9couvrir des spots publicitaires\u00a0 tels que ceux r\u00e9alis\u00e9s par Jean-Paul Goude pour Lee Cooper qui met en sc\u00e8ne des personnages sortis tout droit d\u2019un univers de bande dessin\u00e9e.<!--more--><br \/>\nVous pourrez\u00a0 chanter la musique de Dim, compos\u00e9e par Lalo Schifrin, sur laquelle de nombreux grands r\u00e9alisateurs de cin\u00e9ma ont, entre 1970 et 1999, \u00e9t\u00e9 convi\u00e9s \u00e0 tourner des images<br \/>\nCe sera aussi l\u2019occasion de retrouver l\u2019humour\u00a0 d\u2019 Etienne Chatiliez qui s\u2019est illustr\u00e9 principalement dans la saga Eram.\u00a0\u00bb<br \/>\nPour finir, on d\u00e9couvrira les r\u00e9alisateurs de la nouvelle g\u00e9n\u00e9ration qui exploitent les possibilit\u00e9s du num\u00e9rique<br \/>\nLes Arts D\u00e9coratifs 107 rue de Rivoli\u00a0\u00a0\u00a0\u00a0 75001- Paris<br \/>\n<a href=\"http:\/\/www.lesartdecoratifs.fr\">www.lesartdecoratifs.fr<\/a><\/p>\n","protected":false},"excerpt":{"rendered":"<p>EXPOSITION au mus\u00e9e des Arts d\u00e9coratifs jusqu&rsquo;au 12 avril 2009 www.letourismeaparis.fr \u00a0\u00bb C\u2019est une fa\u00e7on de d\u00e9couvrir des spots publicitaires\u00a0 tels que ceux r\u00e9alis\u00e9s par Jean-Paul Goude pour Lee Cooper qui met en sc\u00e8ne des personnages sortis tout droit d\u2019un&#8230;<\/p>\n","protected":false},"author":2,"featured_media":0,"comment_status":"open","ping_status":"open","sticky":false,"template":"","format":"standard","meta":{"ngg_post_thumbnail":0,"jetpack_post_was_ever_published":false,"_jetpack_newsletter_access":"","footnotes":""},"categories":[1],"tags":[],"class_list":["post-1352","post","type-post","status-publish","format-standard","hentry","category-non-classe"],"jetpack_featured_media_url":"","jetpack-related-posts":[{"id":585,"url":"http:\/\/www.letourismeaparis.fr\/index.php\/2008\/12\/02\/40-ans-de-pub-a-la-television\/","url_meta":{"origin":1352,"position":0},"title":"40 ans de pub \u00e0 la t\u00e9l\u00e9vision","author":"Fabienne TM","date":"2 d\u00e9cembre 2008","format":false,"excerpt":"EXPOSITION au mus\u00e9e des Arts d\u00e9coratifs 4 d\u00e9cembre 2008 - 12 avril 2009 www.letourismeaparis.fr \" C\u2019est une fa\u00e7on de d\u00e9couvrir des spots publicitaires\u00a0 tels que ceux r\u00e9alis\u00e9s par Jean-Paul Goude pour Lee Cooper qui met en sc\u00e8ne des personnages sortis tout droit d\u2019un univers de bande dessin\u00e9e. Vous pourrez\u00a0 chanter\u2026","rel":"","context":"Dans &quot;Non class\u00e9&quot;","block_context":{"text":"Non class\u00e9","link":"http:\/\/www.letourismeaparis.fr\/index.php\/category\/non-classe\/"},"img":{"alt_text":"","src":"","width":0,"height":0},"classes":[]},{"id":427,"url":"http:\/\/www.letourismeaparis.fr\/index.php\/2008\/11\/18\/sonia-rykiel-au-musee-des-arts-decoratifs\/","url_meta":{"origin":1352,"position":1},"title":"Sonia Rykiel au mus\u00e9e des arts d\u00e9coratifs","author":"Fabienne TM","date":"18 novembre 2008","format":false,"excerpt":"20 novembre 2008 - 19 avril 2009 \"Premi\u00e8re exposition consacr\u00e9e \u00e0 cette cr\u00e9atrice \u00e0 l\u2019occasion du 40e anniversaire de sa maison. Ev\u00e9nement construit \u00e0 part \u00e9gale entre le v\u00eatement, la photographie de mode\u00a0 (Sarah Moon, Isserman) et la vid\u00e9o de d\u00e9fil\u00e9s. Si la mode de Sonia Rykiel r\u00e9siste si bien\u2026","rel":"","context":"Dans &quot;Non class\u00e9&quot;","block_context":{"text":"Non class\u00e9","link":"http:\/\/www.letourismeaparis.fr\/index.php\/category\/non-classe\/"},"img":{"alt_text":"","src":"","width":0,"height":0},"classes":[]},{"id":2496,"url":"http:\/\/www.letourismeaparis.fr\/index.php\/2009\/04\/01\/bijoux-art-deco-et-avant-garde-au-musee-des-arts-decoratifs\/","url_meta":{"origin":1352,"position":2},"title":"Bijoux Art d\u00e9co et Avant-garde au mus\u00e9e des arts d\u00e9coratifs","author":"Fabienne TM","date":"1 avril 2009","format":false,"excerpt":"jusqu'au 12 juillet 2009 Exposition consacr\u00e9e au bijou moderne, cette manifestation exceptionnelle r\u00e9unit \u00e0 Paris pr\u00e8s de 300 bijoux et pi\u00e8ces d\u2019orf\u00e8vrerie Art d\u00e9co. Autour des grands noms de la bijouterie des ann\u00e9es 1930, comme Jean Fouquet, G\u00e9rard Sandoz ou Raymond Templier, il s\u2019agit de rendre un hommage particulier \u00e0\u2026","rel":"","context":"Dans &quot;Non class\u00e9&quot;","block_context":{"text":"Non class\u00e9","link":"http:\/\/www.letourismeaparis.fr\/index.php\/category\/non-classe\/"},"img":{"alt_text":"","src":"","width":0,"height":0},"classes":[]},{"id":25153,"url":"http:\/\/www.letourismeaparis.fr\/index.php\/2023\/05\/11\/des-cheveux-et-des-poils-au-musee-des-arts-decoratifs\/","url_meta":{"origin":1352,"position":3},"title":"\u00ab\u00a0DES CHEVEUX ET DES POILS\u00a0\u00bb au mus\u00e9e des arts d\u00e9coratifs","author":"Fabienne TM","date":"11 mai 2023","format":false,"excerpt":"du 5 avril au 17 septembre 2023 le mus\u00e9e des Arts d\u00e9coratifs pr\u00e9sente une exposition consacr\u00e9e aux cheveux et aux poils dans le monde occidental. \u00ab Des cheveux et des poils \u00bb montre comment la coiffure et l\u2019agencement des poils humains participent depuis des si\u00e8cles \u00e0 la construction des apparences.\u2026","rel":"","context":"Dans &quot;Mus\u00e9es \/ Expositions&quot;","block_context":{"text":"Mus\u00e9es \/ Expositions","link":"http:\/\/www.letourismeaparis.fr\/index.php\/category\/culture\/musees-expositions\/"},"img":{"alt_text":"","src":"","width":0,"height":0},"classes":[]},{"id":17678,"url":"http:\/\/www.letourismeaparis.fr\/index.php\/2015\/03\/03\/lempreinte-du-geste-une-belle-exposition-en-perspective-aux-arts-decoratifs\/","url_meta":{"origin":1352,"position":4},"title":"\u00ab L\u2019EMPREINTE DU GESTE \u00bb une belle exposition  aux Arts d\u00e9coratifs \u00e0 partir du 23 mars.","author":"Fabienne TM","date":"3 mars 2015","format":false,"excerpt":"\u00a0 Uune semaine qui mettra \u00e0 l\u2019honneur la singularit\u00e9, la modernit\u00e9 des m\u00e9tiers d\u2019art et leur ind\u00e9niable r\u00f4le cr\u00e9atif, social, culturel et \u00e9conomique Cette exposition unique en son genre se d\u00e9ploie hors des sentiers battus pour \u00e9voquer\u00a0des pratiques d\u2019exception, des savoir-faire de l\u2019usage et du beau dans toute leur singularit\u00e9,\u2026","rel":"","context":"Dans &quot;Non class\u00e9&quot;","block_context":{"text":"Non class\u00e9","link":"http:\/\/www.letourismeaparis.fr\/index.php\/category\/non-classe\/"},"img":{"alt_text":"","src":"https:\/\/i0.wp.com\/www.letourismeaparis.fr\/wp-content\/uploads\/2015\/12\/Capture-d%C3%A2%C2%80%C2%99e%C3%8C%C2%81cran-2015-12-23-a%C3%8C%C2%80-12.52.19-218x300.png?resize=350%2C200","width":350,"height":200},"classes":[]},{"id":5148,"url":"http:\/\/www.letourismeaparis.fr\/index.php\/2009\/11\/12\/madeleine-vionnet-et-dessiner-le-designaux-art-decoratifs\/","url_meta":{"origin":1352,"position":5},"title":"&quot;Madeleine Vionnet&quot; et &quot; Dessiner le design&quot;aux Art d\u00e9coratifs","author":"Fabienne TM","date":"12 novembre 2009","format":false,"excerpt":"Madeleine Vionnet, Puriste de la Mode jusqu' au 31 janvier 2010 Dans les ann\u00e9es 30, Madeleine Vionnet est une des grandes couturi\u00e8res de la mode Parisienne. le mus\u00e9e de la mode et du textile lui rend hommage \u00e0 travers une exposition qui pr\u00e9sente pr\u00e8s de 130 mod\u00e8les. Elle aura\u00a0 transmis\u2026","rel":"","context":"Dans &quot;Non class\u00e9&quot;","block_context":{"text":"Non class\u00e9","link":"http:\/\/www.letourismeaparis.fr\/index.php\/category\/non-classe\/"},"img":{"alt_text":"","src":"","width":0,"height":0},"classes":[]}],"jetpack_sharing_enabled":true,"jetpack_likes_enabled":true,"_links":{"self":[{"href":"http:\/\/www.letourismeaparis.fr\/index.php\/wp-json\/wp\/v2\/posts\/1352","targetHints":{"allow":["GET"]}}],"collection":[{"href":"http:\/\/www.letourismeaparis.fr\/index.php\/wp-json\/wp\/v2\/posts"}],"about":[{"href":"http:\/\/www.letourismeaparis.fr\/index.php\/wp-json\/wp\/v2\/types\/post"}],"author":[{"embeddable":true,"href":"http:\/\/www.letourismeaparis.fr\/index.php\/wp-json\/wp\/v2\/users\/2"}],"replies":[{"embeddable":true,"href":"http:\/\/www.letourismeaparis.fr\/index.php\/wp-json\/wp\/v2\/comments?post=1352"}],"version-history":[{"count":0,"href":"http:\/\/www.letourismeaparis.fr\/index.php\/wp-json\/wp\/v2\/posts\/1352\/revisions"}],"wp:attachment":[{"href":"http:\/\/www.letourismeaparis.fr\/index.php\/wp-json\/wp\/v2\/media?parent=1352"}],"wp:term":[{"taxonomy":"category","embeddable":true,"href":"http:\/\/www.letourismeaparis.fr\/index.php\/wp-json\/wp\/v2\/categories?post=1352"},{"taxonomy":"post_tag","embeddable":true,"href":"http:\/\/www.letourismeaparis.fr\/index.php\/wp-json\/wp\/v2\/tags?post=1352"}],"curies":[{"name":"wp","href":"https:\/\/api.w.org\/{rel}","templated":true}]}}