{"id":1356,"date":"2009-01-08T11:07:49","date_gmt":"2009-01-08T10:07:49","guid":{"rendered":"http:\/\/www.letourismeaparis.fr\/?p=1356"},"modified":"2009-01-08T11:07:49","modified_gmt":"2009-01-08T10:07:49","slug":"le-musee-marmottan-et-ses-nocturnes-musicales","status":"publish","type":"post","link":"http:\/\/www.letourismeaparis.fr\/index.php\/2009\/01\/08\/le-musee-marmottan-et-ses-nocturnes-musicales\/","title":{"rendered":"Le mus\u00e9e Marmottan et ses nocturnes musicales"},"content":{"rendered":"<p>Dans le cadre\u00a0 de l&rsquo;exposition \u00ab\u00a0Monet, l&rsquo;oeil impressioniste\u00a0\u00bb, le mus\u00e9e Marmottan propose dans la rotonde des Nymph\u00e9as chaque 3\u00e8me mardi du mois un concert consacr\u00e9 \u00e0 l&rsquo;oeuvre de <strong><span style=\"color: #339966;\">Debussy <\/span><\/strong>.<br \/>\n<strong>Mardi 20 janvier de 19h30 \u00e0 20h30 <\/strong>seront interpr\u00e9tt\u00e9es \u00ab\u00a0ariettes oubli\u00e9es\u00a0\u00bb, \u00ab\u00a0f\u00eates galantes\u00a0\u00bb avec les chanteurs du jeune choeur de Paris, sous la direction de laurence Equilbey.<br \/>\n2, rue Louis Boilly Paris 75016<br \/>\n<a href=\"www.marmottan.com\"><cite>www.<strong>marmottan<\/strong>.com<\/cite><\/a><br \/>\n<strong><a href=\"http:\/\/www.letourismeaparis.fr\">http:\/\/www.letourismeaparis.fr<\/a><\/strong><\/p>\n","protected":false},"excerpt":{"rendered":"<p>Dans le cadre\u00a0 de l&rsquo;exposition \u00ab\u00a0Monet, l&rsquo;oeil impressioniste\u00a0\u00bb, le mus\u00e9e Marmottan propose dans la rotonde des Nymph\u00e9as chaque 3\u00e8me mardi du mois un concert consacr\u00e9 \u00e0 l&rsquo;oeuvre de Debussy . Mardi 20 janvier de 19h30 \u00e0 20h30 seront interpr\u00e9tt\u00e9es \u00ab\u00a0ariettes&#8230;<\/p>\n","protected":false},"author":2,"featured_media":0,"comment_status":"open","ping_status":"open","sticky":false,"template":"","format":"standard","meta":{"ngg_post_thumbnail":0,"jetpack_post_was_ever_published":false,"_jetpack_newsletter_access":"","footnotes":""},"categories":[1],"tags":[],"class_list":["post-1356","post","type-post","status-publish","format-standard","hentry","category-non-classe"],"jetpack_featured_media_url":"","jetpack-related-posts":[{"id":8791,"url":"http:\/\/www.letourismeaparis.fr\/index.php\/2010\/01\/16\/exposition-monet-2010-2011-au-musee-marmottan-a-voir-absolument\/","url_meta":{"origin":1356,"position":0},"title":"Exposition Monet  au mus\u00e9e Marmottan : \u00e0 voir  !","author":"Fabienne TM","date":"16 janvier 2010","format":false,"excerpt":"Le mus\u00e9e Marmottan Monet pr\u00e9sente\u00a0 une exposition in\u00e9dite et exceptionnelle, \u00ab Claude Monet, son Mus\u00e9e\u00a0 \u00bb. Pour la premi\u00e8re fois, le mus\u00e9e pr\u00e9sente l\u2019int\u00e9gralit\u00e9 de sa collection Monet, la plus riche au monde : Impression, Soleil Levant, Les Nymph\u00e9as, Iris, ponts Japonais, portrait de Poly, la Barque, La Meule, les\u2026","rel":"","context":"Dans &quot;Non class\u00e9&quot;","block_context":{"text":"Non class\u00e9","link":"http:\/\/www.letourismeaparis.fr\/index.php\/category\/non-classe\/"},"img":{"alt_text":"","src":"","width":0,"height":0},"classes":[]},{"id":25342,"url":"http:\/\/www.letourismeaparis.fr\/index.php\/2023\/10\/26\/berthe-morisot-et-lart-du-xviiieme-siecle-au-musee-marmottan\/","url_meta":{"origin":1356,"position":1},"title":"Berthe Morisot et l&rsquo;art du  XVIII\u00e8me si\u00e8cle au mus\u00e9e Marmottan","author":"Fabienne TM","date":"26 octobre 2023","format":false,"excerpt":"Soixante-cinq \u0153uvres provenant de mus\u00e9es fran\u00e7ais et \u00e9trangers ainsi que de collections particuli\u00e8res sont r\u00e9unies pour la premi\u00e8re fois afin de mettre en lumi\u00e8re les liens qui unissent l\u2019\u0153uvre de la premi\u00e8re femme impressionniste, Berthe Morisot (1841-1895) \u00e0 l\u2019art d\u2019Antoine Watteau (1684-1721), Fran\u00e7ois Boucher (1703-1770), Jean-Honor\u00e9 Fragonard (1732-1806) ou encore\u2026","rel":"","context":"Dans &quot;Culture&quot;","block_context":{"text":"Culture","link":"http:\/\/www.letourismeaparis.fr\/index.php\/category\/culture\/"},"img":{"alt_text":"","src":"","width":0,"height":0},"classes":[]},{"id":19501,"url":"http:\/\/www.letourismeaparis.fr\/index.php\/2017\/03\/18\/camille-pissarro-le-premier-des-impressionnistesau-musee-marmottan\/","url_meta":{"origin":1356,"position":2},"title":"CAMILLE PISSARRO &quot;LE PREMIER DES IMPRESSIONNISTES&quot;au mus\u00e9e Marmottan","author":"Fabienne TM","date":"18 mars 2017","format":false,"excerpt":"nistesCAMILLE PISSARRO \"LE PREMIER DES IMPRESSIONNISTES\" \u00a0 Du 23 f\u00e9vrier au 2 juillet 2017 \u00a0 Le mus\u00e9e Marmottan Monet pr\u00e9sente, du 23 f\u00e9vrier au 2 juillet 2017, la premi\u00e8re exposition monographique Camille Pissarro organis\u00e9e \u00e0 Paris depuis 36 ans. Quelque soixante-quinze de ses chefs-d\u2019\u0153uvre, peintures et temp\u00e9ras, provenant des plus\u2026","rel":"","context":"Dans &quot;Mus\u00e9es \/ Expositions&quot;","block_context":{"text":"Mus\u00e9es \/ Expositions","link":"http:\/\/www.letourismeaparis.fr\/index.php\/category\/culture\/musees-expositions\/"},"img":{"alt_text":"","src":"https:\/\/i0.wp.com\/www.letourismeaparis.fr\/wp-content\/uploads\/2017\/02\/Capture-d%C3%A2%C2%80%C2%99e%C3%8C%C2%81cran-2017-02-22-a%C3%8C%C2%80-13.09.57.png?resize=350%2C200","width":350,"height":200},"classes":[]},{"id":20784,"url":"http:\/\/www.letourismeaparis.fr\/index.php\/2018\/02\/07\/corot-le-peintre-et-ses-modeles-au-musee-marmottan\/","url_meta":{"origin":1356,"position":3},"title":"\u00abCorot. Le peintre et ses mod\u00e8les\u00bb au mus\u00e9e Marmottan","author":"Fabienne TM","date":"7 f\u00e9vrier 2018","format":false,"excerpt":"Du 8 f\u00e9vrier au 8 juillet 2018, l\u2019exposition r\u00e9unit un ensemble exceptionnel de peintures de figures et c\u00e9l\u00e8bre la part la plus personnelle, la plus secr\u00e8te mais aussi la plus moderne de la production de l\u2019artiste.Connu avant tout pour ses paysages et ses \u00e9tudes sur le motif qui ouvrent la\u2026","rel":"","context":"Dans &quot;Mus\u00e9es \/ Expositions&quot;","block_context":{"text":"Mus\u00e9es \/ Expositions","link":"http:\/\/www.letourismeaparis.fr\/index.php\/category\/culture\/musees-expositions\/"},"img":{"alt_text":"","src":"https:\/\/i0.wp.com\/www.letourismeaparis.fr\/wp-content\/uploads\/2018\/02\/Capture-d%C3%A2%C2%80%C2%99e%C3%8C%C2%81cran-2018-02-07-a%C3%8C%C2%80-14.18.43-229x300.png?resize=350%2C200","width":350,"height":200},"classes":[]},{"id":24687,"url":"http:\/\/www.letourismeaparis.fr\/index.php\/2022\/04\/13\/le-theatre-des-emotions-au-musee-marmottan-une-superbe-exposition\/","url_meta":{"origin":1356,"position":4},"title":"Le \u00ab\u00a0Th\u00e9atre des \u00e9motions\u00a0\u00bb  au mus\u00e9e Marmottan , une superbe exposition.","author":"Fabienne TM","date":"13 avril 2022","format":false,"excerpt":"DU 13 AVRIL AU 21 AO\u00dbT 2022 Le mus\u00e9e Marmottan Monet pr\u00e9sente, du 13 avril au 21 ao\u00fbt 2022, l\u2019exposition \u00ab Le Th\u00e9\u00e2tre des \u00e9motions \u00bb. Pr\u00e8s de quatre-vingts oeuvres du Moyen \u00c2ge \u00e0 nos jours, provenant de collections particuli\u00e8res et de prestigieux mus\u00e9es fran\u00e7ais et internationaux sont r\u00e9unies et\u2026","rel":"","context":"Dans &quot;Mus\u00e9es \/ Expositions&quot;","block_context":{"text":"Mus\u00e9es \/ Expositions","link":"http:\/\/www.letourismeaparis.fr\/index.php\/category\/culture\/musees-expositions\/"},"img":{"alt_text":"","src":"","width":0,"height":0},"classes":[]},{"id":18032,"url":"http:\/\/www.letourismeaparis.fr\/index.php\/2016\/03\/09\/lart-et-lenfant-au-musee-marmottan-a-decouvrir-sans-tarder\/","url_meta":{"origin":1356,"position":5},"title":"L&#039;art et l&#039;enfant au mus\u00e9e Marmottan : \u00e0 d\u00e9couvrir sans tarder !","author":"Fabienne TM","date":"9 mars 2016","format":false,"excerpt":"\u00a0 Le mus\u00e9e Marmottan Monet organise, \u00a0l\u2019exposition L\u2019art et l\u2019enfant. Chefs-d\u2019\u0153uvre de la peinture fran\u00e7aise. Provenant de collections particuli\u00e8res et de prestigieux mus\u00e9es fran\u00e7ais et \u00e9trangers, une centaine d\u2019\u0153uvres sign\u00e9es Le Nain, Champaigne, Fragonard, Chardin, Greuze, Corot, Millet, Manet, Monet, Morisot, Renoir, C\u00e9zanne, Matisse, Picasso\u2026 composent une fresque in\u00e9dite. Le\u2026","rel":"","context":"Dans &quot;Non class\u00e9&quot;","block_context":{"text":"Non class\u00e9","link":"http:\/\/www.letourismeaparis.fr\/index.php\/category\/non-classe\/"},"img":{"alt_text":"","src":"https:\/\/i0.wp.com\/www.letourismeaparis.fr\/wp-content\/uploads\/2016\/03\/l-ART-ET-L-ENFANT-203x300.jpg?resize=350%2C200","width":350,"height":200},"classes":[]}],"jetpack_sharing_enabled":true,"jetpack_likes_enabled":true,"_links":{"self":[{"href":"http:\/\/www.letourismeaparis.fr\/index.php\/wp-json\/wp\/v2\/posts\/1356","targetHints":{"allow":["GET"]}}],"collection":[{"href":"http:\/\/www.letourismeaparis.fr\/index.php\/wp-json\/wp\/v2\/posts"}],"about":[{"href":"http:\/\/www.letourismeaparis.fr\/index.php\/wp-json\/wp\/v2\/types\/post"}],"author":[{"embeddable":true,"href":"http:\/\/www.letourismeaparis.fr\/index.php\/wp-json\/wp\/v2\/users\/2"}],"replies":[{"embeddable":true,"href":"http:\/\/www.letourismeaparis.fr\/index.php\/wp-json\/wp\/v2\/comments?post=1356"}],"version-history":[{"count":0,"href":"http:\/\/www.letourismeaparis.fr\/index.php\/wp-json\/wp\/v2\/posts\/1356\/revisions"}],"wp:attachment":[{"href":"http:\/\/www.letourismeaparis.fr\/index.php\/wp-json\/wp\/v2\/media?parent=1356"}],"wp:term":[{"taxonomy":"category","embeddable":true,"href":"http:\/\/www.letourismeaparis.fr\/index.php\/wp-json\/wp\/v2\/categories?post=1356"},{"taxonomy":"post_tag","embeddable":true,"href":"http:\/\/www.letourismeaparis.fr\/index.php\/wp-json\/wp\/v2\/tags?post=1356"}],"curies":[{"name":"wp","href":"https:\/\/api.w.org\/{rel}","templated":true}]}}