{"id":1395,"date":"2009-01-11T20:50:23","date_gmt":"2009-01-11T19:50:23","guid":{"rendered":"http:\/\/www.letourismeaparis.fr\/?p=1395"},"modified":"2009-01-11T20:50:23","modified_gmt":"2009-01-11T19:50:23","slug":"velib-2009-paris-et-sa-banlieue","status":"publish","type":"post","link":"http:\/\/www.letourismeaparis.fr\/index.php\/2009\/01\/11\/velib-2009-paris-et-sa-banlieue\/","title":{"rendered":"VELIB&#039;  2009 : Paris et sa banlieue"},"content":{"rendered":"<p>V\u00e9lib\u2019\u00a0 2009 !<br \/>\nVous aurez bient\u00f4t acc\u00e8s \u00e0 V\u00e9lib\u2019 au-del\u00e0 de la p\u00e9riph\u00e9rie parisienne. Consultez la carte interactive\u00a0 sur <a href=\"http:\/\/\">velib.paris.fr.<\/a> La disponibilit\u00e9 des places et des v\u00e9los en temps r\u00e9el pr\u00e8s de votre lieu de destination est indiqu\u00e9e.<!--more-->liste des comunes int\u00e9r\u00e9ss\u00e9es :<br \/>\nArcueil, Aubervilliers, Bagnolet, Boulogne-Billancourt, Charenton-le-Pont, Clichy, Fontenay-sous-Bois, Gentilly, Issy-les-Moulineaux, Ivry-sur-Seine, Joinville-le-Pont, Le Kremlin-Bic\u00eatre, Le Pr\u00e9 Saint Gervais, Les Lilas, Levallois-Perret, Malakoff, Montreuil, Montrouge, Neuilly-sur-Seine, Nogent-sur-Marne, Pantin, Puteaux, Saint-Cloud, Saint-Denis, Saint-Mand\u00e9, Saint-Maurice, Saint-Ouen, Suresnes, Vanves, Vincennes.<\/p>\n","protected":false},"excerpt":{"rendered":"<p>V\u00e9lib\u2019\u00a0 2009 ! Vous aurez bient\u00f4t acc\u00e8s \u00e0 V\u00e9lib\u2019 au-del\u00e0 de la p\u00e9riph\u00e9rie parisienne. Consultez la carte interactive\u00a0 sur velib.paris.fr. La disponibilit\u00e9 des places et des v\u00e9los en temps r\u00e9el pr\u00e8s de votre lieu de destination est indiqu\u00e9e.<\/p>\n","protected":false},"author":2,"featured_media":0,"comment_status":"open","ping_status":"open","sticky":false,"template":"","format":"standard","meta":{"ngg_post_thumbnail":0,"jetpack_post_was_ever_published":false,"_jetpack_newsletter_access":"","footnotes":""},"categories":[1],"tags":[],"class_list":["post-1395","post","type-post","status-publish","format-standard","hentry","category-non-classe"],"jetpack_featured_media_url":"","jetpack-related-posts":[{"id":8598,"url":"http:\/\/www.letourismeaparis.fr\/index.php\/2010\/09\/18\/pour-les-sportifs-du-dimanche-19-septembre-randonnee-a-velib\/","url_meta":{"origin":1395,"position":0},"title":"Pour les sportifs du dimanche 19 septembre ,randonn\u00e9e \u00e0 V\u00e9lib\u2019.","author":"Fabienne TM","date":"18 septembre 2010","format":false,"excerpt":"Au d\u00e9part de 4 villes(cf infra) , les randonneurs de V\u00e9lib\u2019 rejoindront le Parvis de l\u2019H\u00f4tel de Ville au terme de pr\u00e8s de 15 kilom\u00e8tres et d\u2019une heure et demie de v\u00e9lo !Les 100 premiers abonn\u00e9s annuels \u00e0 V\u00e9lib\u2019 qui se pr\u00e9senteront dans chacune des villes de d\u00e9part, munis de\u2026","rel":"","context":"Dans &quot;Non class\u00e9&quot;","block_context":{"text":"Non class\u00e9","link":"http:\/\/www.letourismeaparis.fr\/index.php\/category\/non-classe\/"},"img":{"alt_text":"","src":"https:\/\/i0.wp.com\/www.letourismeaparis.fr\/wp-content\/uploads\/2010\/09\/velibienne-300x207.jpg?resize=350%2C200","width":350,"height":200},"classes":[]},{"id":3770,"url":"http:\/\/www.letourismeaparis.fr\/index.php\/2009\/08\/07\/musique-classique-au-parc-floral-de-vincennes\/","url_meta":{"origin":1395,"position":1},"title":"Musique classique au Parc Floral de Vincennes les 8 et 9 ao\u00fbt","author":"Fabienne TM","date":"7 ao\u00fbt 2009","format":false,"excerpt":"Samedi 8 ao\u00fbt\u00a0 L\u2019\u00e2ge d\u2019or du sextuor \u00e0 vent\u00a0 Ann\u00e9e Haydn La Symphonie boh\u00e9mienne\u00a0 Gille Thom\u00e9 direction MOZART . HAYDN . KROMMER . BEETHOVEN Dimanche 9 ao\u00fbt\u00a0\u00a0\u00a0\u00a0 Ensemble vocal Sequenza 9.3\u00a0 La Symphonie boh\u00e9mienne\u00a0 Gilles Thom\u00e9 direction Arnaud Marzorati baryton et r\u00e9citant\u00a0 ROUGET DE L\u2019ISLE . M\u00c9HUL .\u00a0 GOSSEC Esplanade\u2026","rel":"","context":"Dans &quot;Non class\u00e9&quot;","block_context":{"text":"Non class\u00e9","link":"http:\/\/www.letourismeaparis.fr\/index.php\/category\/non-classe\/"},"img":{"alt_text":"","src":"","width":0,"height":0},"classes":[]},{"id":3773,"url":"http:\/\/www.letourismeaparis.fr\/index.php\/2009\/08\/14\/de-la-gaite-au-parc-de-vincennes-en-musique\/","url_meta":{"origin":1395,"position":2},"title":"De la gait\u00e9 au Parc de Vincennes en musique les 15 at 16 ao\u00fbt","author":"Fabienne TM","date":"14 ao\u00fbt 2009","format":false,"excerpt":"Samedi 15 ao\u00fbt Paris\/Buenos Aires Marie Kobayashi mezzo-soprano Quinteto El Despu\u00e9s\u00a0 GUASTAVINO . PIAZZOLLA\u2026 et tangos Dimanche 16 ao\u00fbt Tout \u00e7a\u2026 Ensemble vocal Piccolo Arrangements sur chansons\u00a0 et th\u00e8mes classiques Esplanade Saint Louis devant le Ch\u00e2teau de Vincennes Bois de Vincennes - Av. de la Pyramide Rer A Vincennes -\u2026","rel":"","context":"Dans &quot;Non class\u00e9&quot;","block_context":{"text":"Non class\u00e9","link":"http:\/\/www.letourismeaparis.fr\/index.php\/category\/non-classe\/"},"img":{"alt_text":"","src":"","width":0,"height":0},"classes":[]},{"id":10969,"url":"http:\/\/www.letourismeaparis.fr\/index.php\/2011\/08\/04\/des-nouveautes-pour-velib-la-carte-velib-express\/","url_meta":{"origin":1395,"position":3},"title":"Des nouveaut\u00e9s pour V\u00e9lib&#039; : la carte V\u00e9lib&#039; express","author":"Fabienne TM","date":"4 ao\u00fbt 2011","format":false,"excerpt":"La carte V\u00e9lib' Express permet d'acc\u00e9der plus rapidement au service V\u00e9lib'. Avec la carte V\u00e9lib' Express, 3 formules d'abonnement sont possible: 1. V\u00e9lib' Classique \u00e0 29\u20ac par an pour un nombre de trajets illimit\u00e9s et 30 premi\u00e8res minutes offertes pour chacun des voyages. 2. NOUVEAU : V\u00e9lib' Passion, une offre\u2026","rel":"","context":"Dans &quot;Non class\u00e9&quot;","block_context":{"text":"Non class\u00e9","link":"http:\/\/www.letourismeaparis.fr\/index.php\/category\/non-classe\/"},"img":{"alt_text":"","src":"","width":0,"height":0},"classes":[]},{"id":10988,"url":"http:\/\/www.letourismeaparis.fr\/index.php\/2011\/08\/18\/velib-express-vous-attend\/","url_meta":{"origin":1395,"position":4},"title":"Velib&#039; express vous attend","author":"Fabienne TM","date":"18 ao\u00fbt 2011","format":false,"excerpt":"La carte V\u00e9lib' Express permet d'acc\u00e9der plus rapidement au service V\u00e9lib'.Avec la carte V\u00e9lib' Express, 3 formules d'abonnement sont possible: 1. V\u00e9lib' Classique \u00e0 29\u20ac par an pour un nombre de trajets illimit\u00e9s et 30 premi\u00e8res minutes offertes pour chacun des voyages. 2. NOUVEAU : V\u00e9lib' Passion, une offre d'abonnement\u2026","rel":"","context":"Dans &quot;Non class\u00e9&quot;","block_context":{"text":"Non class\u00e9","link":"http:\/\/www.letourismeaparis.fr\/index.php\/category\/non-classe\/"},"img":{"alt_text":"","src":"","width":0,"height":0},"classes":[]},{"id":2924,"url":"http:\/\/www.letourismeaparis.fr\/index.php\/2009\/06\/16\/paris-jazz-festival-du-7-juin-au-27-juillet\/","url_meta":{"origin":1395,"position":5},"title":"PARIS JAZZ FESTIVAL :&quot; Ciao Italia&quot;les 20 et 21 juin","author":"Fabienne TM","date":"16 juin 2009","format":false,"excerpt":"Parc Floral de Vincennes\u00a0 \"\u00a0 CIAO ITALIA\" Samedi 20 juin 15h\u00a0\u00a0\u00a0\u00a0\u00a0 Gianluca PETRELLA, Indigo 4, 16h30\u00a0\u00a0 Rita MARCOTULLI \u00ab Us and Them \u00bb Hommage \u00e0 Pink Floyd Dimanche 21 juin 14h\u00a0\u00a0\u00a0\u00a0\u00a0\u00a0 Antonello SALIS \/ Fabrizio BOSSO duo, 15h\u00a0\u00a0\u00a0\u00a0\u00a0\u00a0 Emmanuel Bex \/ Francesco Bearzatti \/ Simon Goubert 16h30\u00a0\u00a0\u00a0 MUSICA NUDA M\u00e9tro\u2026","rel":"","context":"Dans &quot;Non class\u00e9&quot;","block_context":{"text":"Non class\u00e9","link":"http:\/\/www.letourismeaparis.fr\/index.php\/category\/non-classe\/"},"img":{"alt_text":"","src":"","width":0,"height":0},"classes":[]}],"jetpack_sharing_enabled":true,"jetpack_likes_enabled":true,"_links":{"self":[{"href":"http:\/\/www.letourismeaparis.fr\/index.php\/wp-json\/wp\/v2\/posts\/1395","targetHints":{"allow":["GET"]}}],"collection":[{"href":"http:\/\/www.letourismeaparis.fr\/index.php\/wp-json\/wp\/v2\/posts"}],"about":[{"href":"http:\/\/www.letourismeaparis.fr\/index.php\/wp-json\/wp\/v2\/types\/post"}],"author":[{"embeddable":true,"href":"http:\/\/www.letourismeaparis.fr\/index.php\/wp-json\/wp\/v2\/users\/2"}],"replies":[{"embeddable":true,"href":"http:\/\/www.letourismeaparis.fr\/index.php\/wp-json\/wp\/v2\/comments?post=1395"}],"version-history":[{"count":0,"href":"http:\/\/www.letourismeaparis.fr\/index.php\/wp-json\/wp\/v2\/posts\/1395\/revisions"}],"wp:attachment":[{"href":"http:\/\/www.letourismeaparis.fr\/index.php\/wp-json\/wp\/v2\/media?parent=1395"}],"wp:term":[{"taxonomy":"category","embeddable":true,"href":"http:\/\/www.letourismeaparis.fr\/index.php\/wp-json\/wp\/v2\/categories?post=1395"},{"taxonomy":"post_tag","embeddable":true,"href":"http:\/\/www.letourismeaparis.fr\/index.php\/wp-json\/wp\/v2\/tags?post=1395"}],"curies":[{"name":"wp","href":"https:\/\/api.w.org\/{rel}","templated":true}]}}