{"id":14196,"date":"2013-11-08T14:52:59","date_gmt":"2013-11-08T14:52:59","guid":{"rendered":"http:\/\/www.letourismeaparis.fr\/?p=14196"},"modified":"2013-11-08T14:52:59","modified_gmt":"2013-11-08T14:52:59","slug":"miss-dior-au-grand-palais-galerie-courbe-entree-gratuite-13-novembre-2013-25-novembre-2013","status":"publish","type":"post","link":"http:\/\/www.letourismeaparis.fr\/index.php\/2013\/11\/08\/miss-dior-au-grand-palais-galerie-courbe-entree-gratuite-13-novembre-2013-25-novembre-2013\/","title":{"rendered":"Miss Dior  au Grand Palais ( galerie courbe, entr\u00e9e gratuite) 13 Novembre 2013 &#8211; 25 Novembre 2013"},"content":{"rendered":"<p><b>\u00a0<\/b><br \/>\nMiss Dior, premier parfum cr\u00e9\u00e9 par Christian Dior en 1947, est un symbole autant qu\u2019un mythe. Perp\u00e9tuant les liens forts qui l\u2019unissent depuis toujours \u00e0 l\u2019Art, Dior invite 15 artistes f\u00e9minines venues du monde entier \u00e0 s\u2019inspirer librement de ce parfum de l\u00e9gende. En s\u2019emparant de ses codes \u00e9ternels,<br \/>\n<a href=\"http:\/\/www.letourismeaparis.fr\/wp-content\/uploads\/2013\/11\/dior_0_0.jpg\"><img loading=\"lazy\" decoding=\"async\" class=\"aligncenter size-medium wp-image-14197\" alt=\"dior_0_0\" src=\"http:\/\/www.letourismeaparis.fr\/wp-content\/uploads\/2013\/11\/dior_0_0-231x300.jpg\" width=\"231\" height=\"300\" \/><\/a> son flacon et son motif pied-de-poule, son noeud poignard comme son \u00e9g\u00e9rie Natalie Portman,<!--more--> leurs oeuvres visionnaires nous plongent dans l\u2019histoire de la maison Dior.<br \/>\n<b>Horaires<\/b><br \/>\n13 Novembre 2013\u00a0&#8211;\u00a025 Novembre 2013<br \/>\nDe 11h \u00e0 20h, nocturne le mercredi jusqu&rsquo;\u00e0 22h<br \/>\n<b>Tarifs<\/b><br \/>\nEntr\u00e9e gratuite<br \/>\n&nbsp;<br \/>\nEntr\u00e9e \u00a0cours la reine<\/p>\n","protected":false},"excerpt":{"rendered":"<p>\u00a0 Miss Dior, premier parfum cr\u00e9\u00e9 par Christian Dior en 1947, est un symbole autant qu\u2019un mythe. Perp\u00e9tuant les liens forts qui l\u2019unissent depuis toujours \u00e0 l\u2019Art, Dior invite 15 artistes f\u00e9minines venues du monde entier \u00e0 s\u2019inspirer librement de&#8230;<\/p>\n","protected":false},"author":2,"featured_media":0,"comment_status":"open","ping_status":"open","sticky":false,"template":"","format":"standard","meta":{"ngg_post_thumbnail":0,"jetpack_post_was_ever_published":false,"_jetpack_newsletter_access":"","footnotes":""},"categories":[27],"tags":[134],"class_list":["post-14196","post","type-post","status-publish","format-standard","hentry","category-musees-expositions","tag-dior"],"jetpack_featured_media_url":"","jetpack-related-posts":[{"id":25021,"url":"http:\/\/www.letourismeaparis.fr\/index.php\/2023\/01\/21\/la-galerie-dior-magnifique\/","url_meta":{"origin":14196,"position":0},"title":"La Galerie DIOR : magnifique !","author":"Fabienne TM","date":"21 janvier 2023","format":false,"excerpt":"Les couturiers incarnent un des derniers refuges du merveilleux. Ils sont en quelque sorte des ma\u00eetres \u00e0 r\u00eaver\u2026\" Christian Dior, Christian Dior et moi, 1956 Le couturier eut un coup de foudre pour cet h\u00f4tel particulier devenu l\u00e9gende. D\u00e9sormais m\u00e9tamorphos\u00e9, sublim\u00e9, ce \u00ab refuge du merveilleux \u00bb, c\u0153ur battant de\u2026","rel":"","context":"Dans &quot;Haute couture&quot;","block_context":{"text":"Haute couture","link":"http:\/\/www.letourismeaparis.fr\/index.php\/category\/haute-couture\/"},"img":{"alt_text":"","src":"https:\/\/i0.wp.com\/www.letourismeaparis.fr\/wp-content\/uploads\/2023\/01\/Capture-decran-2023-01-21-a-12.32.41.png?resize=350%2C200","width":350,"height":200},"classes":[]},{"id":9721,"url":"http:\/\/www.letourismeaparis.fr\/index.php\/2011\/03\/17\/christian-dior-sexpose-au-bon-marche\/","url_meta":{"origin":14196,"position":1},"title":"Christian Dior s&#039;expose  au Bon March\u00e9","author":"Fabienne TM","date":"17 mars 2011","format":false,"excerpt":"L'exposition Christian Dior se tient jusqu'au 26 mars 2011 . un \u00e9crin\u00a0 aux couleurs du c\u00e9l\u00e8bre gris Montaigne\u00a0 rassemble les codes \u00e9ternels Dior et c\u00e9l\u00e8bre son savoir-faire unique. Mod\u00e8les historiques de Christian Dior et cr\u00e9ations f\u00e9\u00e9riques de John Galliano illuminent cette galerie. L\u2019\u00e9toile porte-bonheur de Christian Dior invite\u00e0 regarder le\u2026","rel":"","context":"Dans &quot;Non class\u00e9&quot;","block_context":{"text":"Non class\u00e9","link":"http:\/\/www.letourismeaparis.fr\/index.php\/category\/non-classe\/"},"img":{"alt_text":"","src":"","width":0,"height":0},"classes":[]},{"id":14230,"url":"http:\/\/www.letourismeaparis.fr\/index.php\/2013\/11\/19\/frimousses-de-createurs-un-evenement-incontournable-au-petit-palais-entree-gratuite-et-au-four-seasons\/","url_meta":{"origin":14196,"position":2},"title":"&quot; Frimousses de Cr\u00e9ateurs &quot;, un \u00e9v\u00e8nement incontournable ! au petit Palais( entr\u00e9e gratuite) et au Four Seasons","author":"Fabienne TM","date":"19 novembre 2013","format":false,"excerpt":"\" Frimousses de Cr\u00e9ateurs \", un \u00e9v\u00e8nement incontournable ! \" Frimousses de Cr\u00e9ateurs \" r\u00e9unit depuis 11 ans les plus grands Cr\u00e9ateurs de Mode, des Artistes de renom, des Joailliers, des Designers autour d\u2019un but commun : apporter une aide concr\u00e8te aux enfants du Darfour, 1\u00e8res victimes d\u2019une crise humanitaire\u2026","rel":"","context":"Dans &quot;Non class\u00e9&quot;","block_context":{"text":"Non class\u00e9","link":"http:\/\/www.letourismeaparis.fr\/index.php\/category\/non-classe\/"},"img":{"alt_text":"","src":"","width":0,"height":0},"classes":[]},{"id":24145,"url":"http:\/\/www.letourismeaparis.fr\/index.php\/2020\/11\/14\/decouvrez-les-expos-et-les-musees-de-chez-vous\/","url_meta":{"origin":14196,"position":3},"title":"D\u00e9couvrez les expos et les mus\u00e9es de chez vous&#8230;","author":"Fabienne TM","date":"14 novembre 2020","format":false,"excerpt":"CHRISTIAN DIOR, L'EXPOSITION AU MUS\u00c9E DES ARTS D\u00c9CORATIFS ACCESSIBLE NUM\u00c9RIQUEMENT La Maison Dior vous propose de d\u00e9couvrir une version num\u00e9rique de l'exposition de tous les records, Christian Dior, couturier du r\u00eave, qui s'est tenu en 2017 au MAD Paris pour les 70 ans de la maison de couture (et qui\u2026","rel":"","context":"Dans &quot;Mus\u00e9es \/ Expositions&quot;","block_context":{"text":"Mus\u00e9es \/ Expositions","link":"http:\/\/www.letourismeaparis.fr\/index.php\/category\/culture\/musees-expositions\/"},"img":{"alt_text":"","src":"https:\/\/i0.wp.com\/www.letourismeaparis.fr\/wp-content\/uploads\/2020\/11\/john-cameron-Hgy1LYN7iTI-unsplash.jpg?resize=350%2C200","width":350,"height":200,"srcset":"https:\/\/i0.wp.com\/www.letourismeaparis.fr\/wp-content\/uploads\/2020\/11\/john-cameron-Hgy1LYN7iTI-unsplash.jpg?resize=350%2C200 1x, https:\/\/i0.wp.com\/www.letourismeaparis.fr\/wp-content\/uploads\/2020\/11\/john-cameron-Hgy1LYN7iTI-unsplash.jpg?resize=525%2C300 1.5x, https:\/\/i0.wp.com\/www.letourismeaparis.fr\/wp-content\/uploads\/2020\/11\/john-cameron-Hgy1LYN7iTI-unsplash.jpg?resize=700%2C400 2x, https:\/\/i0.wp.com\/www.letourismeaparis.fr\/wp-content\/uploads\/2020\/11\/john-cameron-Hgy1LYN7iTI-unsplash.jpg?resize=1050%2C600 3x, https:\/\/i0.wp.com\/www.letourismeaparis.fr\/wp-content\/uploads\/2020\/11\/john-cameron-Hgy1LYN7iTI-unsplash.jpg?resize=1400%2C800 4x"},"classes":[]},{"id":11140,"url":"http:\/\/www.letourismeaparis.fr\/index.php\/2011\/10\/15\/les-journees-particulieres-de-lvmh\/","url_meta":{"origin":14196,"position":4},"title":"Les &quot;journ\u00e9es particuli\u00e8res&quot; de LVMH","author":"Fabienne TM","date":"15 octobre 2011","format":false,"excerpt":"Les 15 et 16 octobre, LVMH vous invite \u00e0 d\u00e9couvrir les secrets de son Patrimoine, dans 25 de ses Maisons.Inscrivez vous tr\u00e8s rapidement ! Ateliers, chais, caves, maisons de famille, studios de cr\u00e9ation, showrooms... Vous pourrez visiter les lieux o\u00f9 se perp\u00e9tuent les arts et techniques de la haute couture,\u2026","rel":"","context":"Dans &quot;Non class\u00e9&quot;","block_context":{"text":"Non class\u00e9","link":"http:\/\/www.letourismeaparis.fr\/index.php\/category\/non-classe\/"},"img":{"alt_text":"","src":"https:\/\/i0.wp.com\/www.letourismeaparis.fr\/wp-content\/uploads\/2011\/10\/jp-243x300.jpg?resize=350%2C200","width":350,"height":200},"classes":[]},{"id":6921,"url":"http:\/\/www.letourismeaparis.fr\/index.php\/2010\/08\/23\/yves-saint-laurent-au-petit-palais\/","url_meta":{"origin":14196,"position":5},"title":"Yves Saint Laurent au Petit Palais jusqu&#039;au 29 ao\u00fbt au petit Palais","author":"Fabienne TM","date":"23 ao\u00fbt 2010","format":false,"excerpt":"Premi\u00e8re r\u00e9trospective pr\u00e9sentant l\u2019int\u00e9gralit\u00e9 de l\u2019oeuvre d\u2019Yves Saint Laurent. Dessins, vid\u00e9os et mod\u00e8les d\u00e9voilent les 40 ann\u00e9es de carri\u00e8re de cet immense cr\u00e9ateur, depuis ses d\u00e9buts chez Dior \u00e0 son ultime collection en 2002. Une nocturne exceptionnelle le samedi 28 ao\u00fbt jusqu'\u00e0 minuit plus de 300 mod\u00e8les, de nombreux dessins,\u2026","rel":"","context":"Dans &quot;Non class\u00e9&quot;","block_context":{"text":"Non class\u00e9","link":"http:\/\/www.letourismeaparis.fr\/index.php\/category\/non-classe\/"},"img":{"alt_text":"","src":"","width":0,"height":0},"classes":[]}],"jetpack_sharing_enabled":true,"jetpack_likes_enabled":true,"_links":{"self":[{"href":"http:\/\/www.letourismeaparis.fr\/index.php\/wp-json\/wp\/v2\/posts\/14196","targetHints":{"allow":["GET"]}}],"collection":[{"href":"http:\/\/www.letourismeaparis.fr\/index.php\/wp-json\/wp\/v2\/posts"}],"about":[{"href":"http:\/\/www.letourismeaparis.fr\/index.php\/wp-json\/wp\/v2\/types\/post"}],"author":[{"embeddable":true,"href":"http:\/\/www.letourismeaparis.fr\/index.php\/wp-json\/wp\/v2\/users\/2"}],"replies":[{"embeddable":true,"href":"http:\/\/www.letourismeaparis.fr\/index.php\/wp-json\/wp\/v2\/comments?post=14196"}],"version-history":[{"count":0,"href":"http:\/\/www.letourismeaparis.fr\/index.php\/wp-json\/wp\/v2\/posts\/14196\/revisions"}],"wp:attachment":[{"href":"http:\/\/www.letourismeaparis.fr\/index.php\/wp-json\/wp\/v2\/media?parent=14196"}],"wp:term":[{"taxonomy":"category","embeddable":true,"href":"http:\/\/www.letourismeaparis.fr\/index.php\/wp-json\/wp\/v2\/categories?post=14196"},{"taxonomy":"post_tag","embeddable":true,"href":"http:\/\/www.letourismeaparis.fr\/index.php\/wp-json\/wp\/v2\/tags?post=14196"}],"curies":[{"name":"wp","href":"https:\/\/api.w.org\/{rel}","templated":true}]}}