{"id":1451,"date":"2009-01-15T11:54:42","date_gmt":"2009-01-15T10:54:42","guid":{"rendered":"http:\/\/www.letourismeaparis.fr\/?p=1451"},"modified":"2009-01-15T11:54:42","modified_gmt":"2009-01-15T10:54:42","slug":"good-morning-mr-gershwin-suivi-de-bals-au-theatre-national-de-chaillot","status":"publish","type":"post","link":"http:\/\/www.letourismeaparis.fr\/index.php\/2009\/01\/15\/good-morning-mr-gershwin-suivi-de-bals-au-theatre-national-de-chaillot\/","title":{"rendered":"Good Morning, Mr. Gershwin suivi de bals  au Th\u00e9atre national de Chaillot le samedi 17\/01 &#8230;"},"content":{"rendered":"<p><strong>Good Morning, Mr. Gershwin<\/strong><br \/>\n<strong>Jos\u00e9 Montalvo et Dominique Hervieu rendent hommage au<br \/>\ncompositeur am\u00e9ricain &#8230;<!--more--><\/strong><\/p>\n<h4>En liaison avec <span style=\"color: #0000ff;\">Good Morning, Mr. Gershwin, <\/span>vous pourrez participer \u00e0 un<span style=\"color: #ff0000;\"> bal des ann\u00e9es 30 <\/span>sur les musiques des grands standards de Gershwin et autre surprises, o\u00f9 les danses du savoy, shim-sham, balboa et autres charleston seront d\u00e9tourn\u00e9es pour le plaisir de tous&#8230;.<\/h4>\n<p><span style=\"color: #ff0000;\">Les samedis 17 et 31 janvier 2009 ainsi que le 7 f\u00e9vrier 2009, <\/span>\u00e0 l\u2019issue de la<br \/>\nrepr\u00e9sentation.<br \/>\n<a href=\" http:\/\/www.theatre-chaillot.fr\"> www.theatre-chaillot.fr<\/a><\/p>\n<h2><a href=\"http:\/\/www.letourismeaparis.fr\">http:\/\/www.letourismeaparis.fr<\/a><\/h2>\n<p>1, Place du Trocad\u00e9ro\u00a0 7 5 1 1 6- Paris<br \/>\n.<br \/>\n\u00b7<\/p>\n","protected":false},"excerpt":{"rendered":"<p>Good Morning, Mr. Gershwin Jos\u00e9 Montalvo et Dominique Hervieu rendent hommage au compositeur am\u00e9ricain &#8230;<\/p>\n","protected":false},"author":2,"featured_media":0,"comment_status":"open","ping_status":"open","sticky":false,"template":"","format":"standard","meta":{"ngg_post_thumbnail":0,"jetpack_post_was_ever_published":false,"_jetpack_newsletter_access":"","footnotes":""},"categories":[1],"tags":[],"class_list":["post-1451","post","type-post","status-publish","format-standard","hentry","category-non-classe"],"jetpack_featured_media_url":"","jetpack-related-posts":[{"id":20149,"url":"http:\/\/www.letourismeaparis.fr\/index.php\/2017\/08\/21\/week-end-ilot-america-america-a-la-seine-musicale-du-8-au-10-septembre-2017\/","url_meta":{"origin":1451,"position":0},"title":"WEEK-END \u00ceLOT AMERICA AMERICA \u00c0 LA SEINE MUSICALE du 8 au 10 septembre 2017","author":"Fabienne TM","date":"21 ao\u00fbt 2017","format":false,"excerpt":"Une rentr\u00e9e en musique avec le Cincinnati Symphony Orchestra, qui fait son grand retour en Europe ! La Seine Musicale met le cap sur l'Am\u00e9rique en compagnie du Cincinnati Symphony Orchestra, de Lambert Wilson, d'accentus, de la Compagnie Inou\u00efe, de Thierry Balasse et du Quatuor B\u00e9la. Au programme : Cincinnati\u2026","rel":"","context":"Dans &quot;Musique&quot;","block_context":{"text":"Musique","link":"http:\/\/www.letourismeaparis.fr\/index.php\/category\/culture\/concerts-musique\/musique\/"},"img":{"alt_text":"","src":"","width":0,"height":0},"classes":[]},{"id":9057,"url":"http:\/\/www.letourismeaparis.fr\/index.php\/2010\/11\/20\/des-concerts-gratuits-dans-les-mairies-du-4-eme-et-du-11-eme-samedi-20-novembre\/","url_meta":{"origin":1451,"position":1},"title":"Des concerts gratuits  dans les mairies du 4 \u00e8me  et du 11 \u00e8me samedi 20 novembre","author":"Fabienne TM","date":"20 novembre 2010","format":false,"excerpt":"MELOMANIA - De Piazzolla a Gershwin Samedi 20 novembre, 15h00 De Piazzolla \u00e0 Gershwin : la rencontre de deux claviers. Un itin\u00e9raire musical joyeux, en passant par le Bol\u00e9ro de RAVEL, par un duo de musiciens talentueux vraiment original. PIAZZOLLA, Le Grand Tango RAVEL, Bol\u00e9ro RAVEL, Pavane pour une infante\u2026","rel":"","context":"Dans &quot;Non class\u00e9&quot;","block_context":{"text":"Non class\u00e9","link":"http:\/\/www.letourismeaparis.fr\/index.php\/category\/non-classe\/"},"img":{"alt_text":"","src":"","width":0,"height":0},"classes":[]},{"id":10960,"url":"http:\/\/www.letourismeaparis.fr\/index.php\/2011\/08\/03\/festival-classique-au-vert-2011-au-parc-floral-de-vincennes-samedi-et-dimanche-du-6-aout-au-25-septembre\/","url_meta":{"origin":1451,"position":2},"title":"Festival Classique au Vert 2011  au Parc Floral de Vincennes  samedi et dimanche du 6 ao\u00fbt au 25 septembre","author":"Fabienne TM","date":"3 ao\u00fbt 2011","format":false,"excerpt":"le festival Classique au Vert a consacr\u00e9 la majeure partie de son \u00e9dition 2011 \u00e0 l' Am\u00e9rique Le programme : Samedi 6 ao\u00fbt \u00e0 16h Double clavier Thomas Enhco, piano Vassilena Serafimova, marimba et percussions Mozart, Bach, K Abe, T Enhco, Piazzolla Dimanche 07 ao\u00fbt \u00e0 16h West side quartet\u2026","rel":"","context":"Dans &quot;Non class\u00e9&quot;","block_context":{"text":"Non class\u00e9","link":"http:\/\/www.letourismeaparis.fr\/index.php\/category\/non-classe\/"},"img":{"alt_text":"","src":"https:\/\/i0.wp.com\/www.letourismeaparis.fr\/wp-content\/uploads\/2011\/08\/classique-au-vert.gif?resize=350%2C200","width":350,"height":200},"classes":[]},{"id":237,"url":"http:\/\/www.letourismeaparis.fr\/index.php\/2008\/07\/12\/le-feu-dartifice-du-14-juillet-au-trocadero\/","url_meta":{"origin":1451,"position":3},"title":"Le feu d\u2019artifice du 14 juillet au Trocad\u00e9ro \u00e0 22h30","author":"Fabienne TM","date":"12 juillet 2008","format":false,"excerpt":"Paris Advisor Le Tourisme \u00e0 Paris Voyage au c\u0153ur des plus grands th\u00e8mes de l\u2019op\u00e9ra. Spectacle de 35 minutes, \u00e0 partir de 22h30. Le feu d\u2019artifice b\u00e9n\u00e9ficiera pour la 1\u00e8re fois d\u2019un son en st\u00e9r\u00e9ophonie et d\u2019une mise en lumi\u00e8re totale du Palais de Chaillot gr\u00e2ce \u00e0 180 projecteurs. Des\u2026","rel":"","context":"Dans &quot;Non class\u00e9&quot;","block_context":{"text":"Non class\u00e9","link":"http:\/\/www.letourismeaparis.fr\/index.php\/category\/non-classe\/"},"img":{"alt_text":"","src":"","width":0,"height":0},"classes":[]},{"id":14676,"url":"http:\/\/www.letourismeaparis.fr\/index.php\/2014\/03\/19\/un-excellent-spectacle-au-theatre-du-ranelagh-le-pianiste-aux-50-doigts-avec-pascal-amoyel\/","url_meta":{"origin":1451,"position":4},"title":"Un excellent spectacle au th\u00e9atre du Ranelagh : le pianiste aux 50 doigts avec Pascal Amoyel","author":"Fabienne TM","date":"19 mars 2014","format":false,"excerpt":"jusqu\u2019au 27 avril \u00a02014\u00a0 Pascal Amoyel, actuellement consid\u00e9r\u00e9 comme l\u2019un des h\u00e9ritiers spirituels de Cziffra, a compt\u00e9 parmi ses rares \u00e9l\u00e8ves. Il lui rend ici un vibrant hommage.\u00a0L\u2019interpr\u00e8te replonge dans sa premi\u00e8re rencontre avec le Ma\u00eetre \u00e0 l\u2019\u00e2ge de 13 ans\u00a0et entra\u00eene le spectateur dans la vie incroyable de ce\u2026","rel":"","context":"Dans &quot;Musique&quot;","block_context":{"text":"Musique","link":"http:\/\/www.letourismeaparis.fr\/index.php\/category\/culture\/concerts-musique\/musique\/"},"img":{"alt_text":"","src":"","width":0,"height":0},"classes":[]},{"id":10986,"url":"http:\/\/www.letourismeaparis.fr\/index.php\/2011\/08\/16\/festival-classique-au-vert-a-vincennes-les-week-end-dete\/","url_meta":{"origin":1451,"position":5},"title":"Festival classique au vert \u00e0 Vincennes les week-end d&#039;\u00e9t\u00e9","author":"Fabienne TM","date":"16 ao\u00fbt 2011","format":false,"excerpt":"le festival Classique au Vert a consacr\u00e9 la majeure partie de son \u00e9dition 2011 \u00e0 l' Am\u00e9rique Samedi 20 ao\u00fbt \u00e0 16h Le Quatuor am\u00e9ricain Quatuor Voce Sarah Dayan, violon C\u00e9cile Roubin, violon Guillaume Becker, alto Florian Fr\u00e8re, violoncelle Ravel, Piazzolla, El Din, Dvorak\u2026 Dimanche 21 ao\u00fbt \u00e0 16h Hommage\u2026","rel":"","context":"Dans &quot;Non class\u00e9&quot;","block_context":{"text":"Non class\u00e9","link":"http:\/\/www.letourismeaparis.fr\/index.php\/category\/non-classe\/"},"img":{"alt_text":"","src":"","width":0,"height":0},"classes":[]}],"jetpack_sharing_enabled":true,"jetpack_likes_enabled":true,"_links":{"self":[{"href":"http:\/\/www.letourismeaparis.fr\/index.php\/wp-json\/wp\/v2\/posts\/1451","targetHints":{"allow":["GET"]}}],"collection":[{"href":"http:\/\/www.letourismeaparis.fr\/index.php\/wp-json\/wp\/v2\/posts"}],"about":[{"href":"http:\/\/www.letourismeaparis.fr\/index.php\/wp-json\/wp\/v2\/types\/post"}],"author":[{"embeddable":true,"href":"http:\/\/www.letourismeaparis.fr\/index.php\/wp-json\/wp\/v2\/users\/2"}],"replies":[{"embeddable":true,"href":"http:\/\/www.letourismeaparis.fr\/index.php\/wp-json\/wp\/v2\/comments?post=1451"}],"version-history":[{"count":0,"href":"http:\/\/www.letourismeaparis.fr\/index.php\/wp-json\/wp\/v2\/posts\/1451\/revisions"}],"wp:attachment":[{"href":"http:\/\/www.letourismeaparis.fr\/index.php\/wp-json\/wp\/v2\/media?parent=1451"}],"wp:term":[{"taxonomy":"category","embeddable":true,"href":"http:\/\/www.letourismeaparis.fr\/index.php\/wp-json\/wp\/v2\/categories?post=1451"},{"taxonomy":"post_tag","embeddable":true,"href":"http:\/\/www.letourismeaparis.fr\/index.php\/wp-json\/wp\/v2\/tags?post=1451"}],"curies":[{"name":"wp","href":"https:\/\/api.w.org\/{rel}","templated":true}]}}