{"id":1458,"date":"2009-01-15T12:08:35","date_gmt":"2009-01-15T11:08:35","guid":{"rendered":"http:\/\/www.letourismeaparis.fr\/?p=1458"},"modified":"2009-01-15T12:08:35","modified_gmt":"2009-01-15T11:08:35","slug":"la-scala-au-louvre-en-2009-musique-filmee","status":"publish","type":"post","link":"http:\/\/www.letourismeaparis.fr\/index.php\/2009\/01\/15\/la-scala-au-louvre-en-2009-musique-filmee\/","title":{"rendered":"LA SCALA AU LOUVRE en 2009 (musique film\u00e9e)17 et18\/01"},"content":{"rendered":"<h3><strong><span style=\"color: #008000;\">Programme janvier-Juin 2009<\/span><\/strong><\/h3>\n<p>samedi 17 janvier 2009 \u00a0\u00a0\u00a0 \u00e0 15h<br \/>\nMacbeth de Giuseppe Verdi<br \/>\nPr\u00e9c\u00e9d\u00e9 d&rsquo;une conf\u00e9rence de Sergio Segalini, musicologue, sur l\u2019histoire de la Scala&#8230;<!--more--><\/p>\n<h2><a href=\" http:\/\/www.letourismeaparis.fr \"><span style=\"color: #ff6600;\"><strong> http:\/\/www.letourismeaparis.fr<\/strong><\/span><\/a><\/h2>\n<p>dimanche 18 janvier 2009 \u00a0 \u00e0 15h<br \/>\nOthello de Giuseppe Verdi<br \/>\nlundi 19 janvier 2009 \u00a0 \u00e0 20h30<br \/>\nFalstaff de Giuseppe Verdi<br \/>\nsamedi 14 f\u00e9vrier 2009 \u00a0\u00a0\u00a0 \u00e0 15h<br \/>\nTristan et Isolde de Richard Wagner<br \/>\nPr\u00e9c\u00e9d\u00e9 d\u2019une pr\u00e9sentation de St\u00e9phane Lissner, Surintendant et Directeur artistique de la Scala de Milan : \u00ab La Scala, un th\u00e9\u00e2tre de l\u2019Europe \u00bb<br \/>\ndimanche 15 f\u00e9vrier 2009 \u00a0\u00a0\u00a0 \u00e0 15h<br \/>\nDon Giovanni de Wolfgang Amadeus Mozart<br \/>\nsamedi 27 juin 2009\u00a0 \u00e0 15h<br \/>\nLa Boh\u00e8me de Giacomo Puccini<br \/>\nsamedi 27 juin 2009 \u00a0\u00a0\u00a0 \u00e0 19h<br \/>\nTurandot de Giacomo Puccini<br \/>\ndimanche 28 juin 2009\u00a0\u00a0\u00a0 \u00e0 15h<br \/>\nLe voyage \u00e0 Reims de Giacchino Rossini<br \/>\n<a href=\" http:\/\/www.louvre.fr   \"> http:\/\/www.louvre.fr <\/a><\/p>\n","protected":false},"excerpt":{"rendered":"<p>Programme janvier-Juin 2009 samedi 17 janvier 2009 \u00a0\u00a0\u00a0 \u00e0 15h Macbeth de Giuseppe Verdi Pr\u00e9c\u00e9d\u00e9 d&rsquo;une conf\u00e9rence de Sergio Segalini, musicologue, sur l\u2019histoire de la Scala&#8230;<\/p>\n","protected":false},"author":2,"featured_media":0,"comment_status":"open","ping_status":"open","sticky":false,"template":"","format":"standard","meta":{"ngg_post_thumbnail":0,"jetpack_post_was_ever_published":false,"_jetpack_newsletter_access":"","footnotes":""},"categories":[1],"tags":[],"class_list":["post-1458","post","type-post","status-publish","format-standard","hentry","category-non-classe"],"jetpack_featured_media_url":"","jetpack-related-posts":[{"id":3004,"url":"http:\/\/www.letourismeaparis.fr\/index.php\/2009\/06\/24\/musique-filmee-a-lauditorium-du-louvre-samedi-27-juin\/","url_meta":{"origin":1458,"position":0},"title":"Musique film\u00e9e \u00e0 l&#039;auditorium du Louvre samedi 27 juin","author":"Fabienne TM","date":"24 juin 2009","format":false,"excerpt":"\" Une saison \u00e0\u2026 la Scala de Milan \u00bb La Boh\u00e8me de Giacomo Puccini Samedi 27 juin \u00e0 15h Dirig\u00e9 par Carlos Kleiber Turandot de Giacomo Puccini Samedi 27 juin \u00e0 19h Dirig\u00e9 par Lorin Maazel Le Voyage \u00e0 Reims de Gioacchino Rossini Dimanche 28 juin \u00e0 15h Dirig\u00e9 par\u2026","rel":"","context":"Dans &quot;Non class\u00e9&quot;","block_context":{"text":"Non class\u00e9","link":"http:\/\/www.letourismeaparis.fr\/index.php\/category\/non-classe\/"},"img":{"alt_text":"","src":"","width":0,"height":0},"classes":[]},{"id":1618,"url":"http:\/\/www.letourismeaparis.fr\/index.php\/2009\/02\/11\/la-scala-au-louvre-les-14-et-15-fevrier\/","url_meta":{"origin":1458,"position":1},"title":"La Scala au Louvre les 14 et 15 f\u00e9vrier","author":"Fabienne TM","date":"11 f\u00e9vrier 2009","format":false,"excerpt":"Programme F\u00e9vrier 2009 http:\/\/www.letourismeaparis.fr samedi 14 f\u00e9vrier 2009 \u00a0\u00a0\u00a0 \u00e0 15h Tristan et Isolde de Richard Wagner Pr\u00e9c\u00e9d\u00e9 d\u2019une pr\u00e9sentation de St\u00e9phane Lissner, Surintendant et Directeur artistique de la Scala de Milan : \u00ab La Scala, un th\u00e9\u00e2tre de l\u2019Europe \u00bb dimanche 15 f\u00e9vrier 2009 \u00a0\u00a0\u00a0 \u00e0 15h Don Giovanni\u2026","rel":"","context":"Dans &quot;Non class\u00e9&quot;","block_context":{"text":"Non class\u00e9","link":"http:\/\/www.letourismeaparis.fr\/index.php\/category\/non-classe\/"},"img":{"alt_text":"","src":"","width":0,"height":0},"classes":[]},{"id":4139,"url":"http:\/\/www.letourismeaparis.fr\/index.php\/2009\/09\/10\/metropolitan-opera-en-direct-de-new-york\/","url_meta":{"origin":1458,"position":2},"title":"METROPOLITAN OPERA en direct de New York","author":"Fabienne TM","date":"10 septembre 2009","format":false,"excerpt":"Un superbe spectacle \u00e0 r\u00e9server d\u00e8s aujourd'hui . Toutes les repr\u00e9sentations seront en \u00ab live \u00bb le samedi, \u00e0 19H00 - Tosca, Samedi 10 Octobre\u00a0 \u00e0\u00a0 19 h\u2013 De Giacomo Puccini, dirig\u00e9 par James Levine; Avec Karita Mattila, Marcelo \u00c1lvarez, Juha Uusitalo, Paul Plishka - Aida, Samedi 24 Octobre \u2013\u2026","rel":"","context":"Dans &quot;Non class\u00e9&quot;","block_context":{"text":"Non class\u00e9","link":"http:\/\/www.letourismeaparis.fr\/index.php\/category\/non-classe\/"},"img":{"alt_text":"","src":"","width":0,"height":0},"classes":[]},{"id":666,"url":"http:\/\/www.letourismeaparis.fr\/index.php\/2008\/12\/06\/la-scala-de-milan-a-lauditorium-du-louvre-0712-0812\/","url_meta":{"origin":1458,"position":3},"title":"La Scala de Milan et des musiques film\u00e9es \u00e0 l&#039;auditorium du Louvre","author":"Fabienne TM","date":"6 d\u00e9cembre 2008","format":false,"excerpt":"www.letourismeaparis.fr L\u2019auditorium du Louvre propose une nouvelle s\u00e9rie de musique film\u00e9e consacr\u00e9e aux grandes maisons d\u2019op\u00e9ra. Dimanche 7 d\u00e9cembre \u00e0 18h Don Carlo de Giusseppe Verdi (restransmis sur Arte\u00a0 le dimanche 7 d\u00e9cembre \u00e0 19 h) Lundi 08 d\u00e9cembre 2008\u00a0 \u00e0 20h La Traviata de Giuseppe verdi puis Rigoletto, Norma,\u2026","rel":"","context":"Dans &quot;Non class\u00e9&quot;","block_context":{"text":"Non class\u00e9","link":"http:\/\/www.letourismeaparis.fr\/index.php\/category\/non-classe\/"},"img":{"alt_text":"","src":"","width":0,"height":0},"classes":[]},{"id":2924,"url":"http:\/\/www.letourismeaparis.fr\/index.php\/2009\/06\/16\/paris-jazz-festival-du-7-juin-au-27-juillet\/","url_meta":{"origin":1458,"position":4},"title":"PARIS JAZZ FESTIVAL :&quot; Ciao Italia&quot;les 20 et 21 juin","author":"Fabienne TM","date":"16 juin 2009","format":false,"excerpt":"Parc Floral de Vincennes\u00a0 \"\u00a0 CIAO ITALIA\" Samedi 20 juin 15h\u00a0\u00a0\u00a0\u00a0\u00a0 Gianluca PETRELLA, Indigo 4, 16h30\u00a0\u00a0 Rita MARCOTULLI \u00ab Us and Them \u00bb Hommage \u00e0 Pink Floyd Dimanche 21 juin 14h\u00a0\u00a0\u00a0\u00a0\u00a0\u00a0 Antonello SALIS \/ Fabrizio BOSSO duo, 15h\u00a0\u00a0\u00a0\u00a0\u00a0\u00a0 Emmanuel Bex \/ Francesco Bearzatti \/ Simon Goubert 16h30\u00a0\u00a0\u00a0 MUSICA NUDA M\u00e9tro\u2026","rel":"","context":"Dans &quot;Non class\u00e9&quot;","block_context":{"text":"Non class\u00e9","link":"http:\/\/www.letourismeaparis.fr\/index.php\/category\/non-classe\/"},"img":{"alt_text":"","src":"","width":0,"height":0},"classes":[]},{"id":654,"url":"http:\/\/www.letourismeaparis.fr\/index.php\/2008\/12\/18\/vos-enfants-veulent-ils-se-defouler-1812\/","url_meta":{"origin":1458,"position":5},"title":"Vos enfants veulent-ils se d\u00e9fouler ?","author":"Fabienne TM","date":"18 d\u00e9cembre 2008","format":false,"excerpt":"Emmenez les \"danser\" au Palais de Tokyo les mercredis, samedis, dimanches jusqu'au 4 janvier 2009. Trois cessions de 15h \u00e0 18 h. Enfants de 4 \u00e0 7 ans ! www.palaisdetokyo.com www.letourismeaparis.fr","rel":"","context":"Dans &quot;Non class\u00e9&quot;","block_context":{"text":"Non class\u00e9","link":"http:\/\/www.letourismeaparis.fr\/index.php\/category\/non-classe\/"},"img":{"alt_text":"","src":"","width":0,"height":0},"classes":[]}],"jetpack_sharing_enabled":true,"jetpack_likes_enabled":true,"_links":{"self":[{"href":"http:\/\/www.letourismeaparis.fr\/index.php\/wp-json\/wp\/v2\/posts\/1458","targetHints":{"allow":["GET"]}}],"collection":[{"href":"http:\/\/www.letourismeaparis.fr\/index.php\/wp-json\/wp\/v2\/posts"}],"about":[{"href":"http:\/\/www.letourismeaparis.fr\/index.php\/wp-json\/wp\/v2\/types\/post"}],"author":[{"embeddable":true,"href":"http:\/\/www.letourismeaparis.fr\/index.php\/wp-json\/wp\/v2\/users\/2"}],"replies":[{"embeddable":true,"href":"http:\/\/www.letourismeaparis.fr\/index.php\/wp-json\/wp\/v2\/comments?post=1458"}],"version-history":[{"count":0,"href":"http:\/\/www.letourismeaparis.fr\/index.php\/wp-json\/wp\/v2\/posts\/1458\/revisions"}],"wp:attachment":[{"href":"http:\/\/www.letourismeaparis.fr\/index.php\/wp-json\/wp\/v2\/media?parent=1458"}],"wp:term":[{"taxonomy":"category","embeddable":true,"href":"http:\/\/www.letourismeaparis.fr\/index.php\/wp-json\/wp\/v2\/categories?post=1458"},{"taxonomy":"post_tag","embeddable":true,"href":"http:\/\/www.letourismeaparis.fr\/index.php\/wp-json\/wp\/v2\/tags?post=1458"}],"curies":[{"name":"wp","href":"https:\/\/api.w.org\/{rel}","templated":true}]}}