{"id":1476,"date":"2009-01-17T11:21:53","date_gmt":"2009-01-17T10:21:53","guid":{"rendered":"http:\/\/www.letourismeaparis.fr\/?p=1476"},"modified":"2009-01-17T11:21:53","modified_gmt":"2009-01-17T10:21:53","slug":"festival-vocal-18-et-25-janvier","status":"publish","type":"post","link":"http:\/\/www.letourismeaparis.fr\/index.php\/2009\/01\/17\/festival-vocal-18-et-25-janvier\/","title":{"rendered":"Festival vocal  18 et 25 janvier"},"content":{"rendered":"<p>Concerts du Festival Vocal.<br \/>\nDimanche 18 janvier \u00e0 17h<br \/>\n\u00c0 travers chants<br \/>\nCet ensemble vocal a capella interpr\u00e9tera des chants classiques et des chants du monde,s ous la direction de Francine Romain&#8230;<!--more--><br \/>\nDimanche 25 janvier \u00e0 17h<br \/>\nNightingales ,Chorale gospel, Jazz, negro spiritual<br \/>\nSous la direction de Chris Johnson.<br \/>\n<strong>Entr\u00e9e gratuite <\/strong><br \/>\nNotre Dame d\u2019Esp\u00e9rance\u00a0 47, rue de la Roquette<br \/>\n<a href=\"http:\/\/culture.nde.free.fr\">http:\/\/culture.nde.free.fr<\/a><\/p>\n<h3><a href=\"http:\/\/www.letourismeaparis.fr \"><em><span style=\"color: #ff0000;\">http:\/\/www.letourismeaparis.fr<\/span><\/em><\/a><\/h3>\n","protected":false},"excerpt":{"rendered":"<p>Concerts du Festival Vocal. Dimanche 18 janvier \u00e0 17h \u00c0 travers chants Cet ensemble vocal a capella interpr\u00e9tera des chants classiques et des chants du monde,s ous la direction de Francine Romain&#8230;<\/p>\n","protected":false},"author":2,"featured_media":0,"comment_status":"open","ping_status":"open","sticky":false,"template":"","format":"standard","meta":{"ngg_post_thumbnail":0,"jetpack_post_was_ever_published":false,"_jetpack_newsletter_access":"","footnotes":""},"categories":[1],"tags":[],"class_list":["post-1476","post","type-post","status-publish","format-standard","hentry","category-non-classe"],"jetpack_featured_media_url":"","jetpack-related-posts":[{"id":16499,"url":"http:\/\/www.letourismeaparis.fr\/index.php\/2015\/03\/25\/festival-dix-de-choeurs-du-samedi-21-au-dimanche-29-mars-2015-dans-le-10-eme\/","url_meta":{"origin":1476,"position":0},"title":"Festival Dix de choeurs ,du samedi 21 au dimanche 29 mars 2015 dans LE 10 \u00c8ME.","author":"Fabienne TM","date":"25 mars 2015","format":false,"excerpt":"SAMEDI 21 MARS \u00e0 15h conservatoire Hector Berlioz - 6 rue Pierre Bullet 10\u00e8 Ensemble de jeunes voix Aposiop\u00e9e et ch\u0153ur des Polysons. \u00e0 20h30 Espace Jemmapes - Sc\u00e8ne du Canal - 116 quai de Jemmapes 10\u00e8 Humour avec Les Voisinx et le ch\u0153ur Variatio DIMANCHE 22 MARS \u00e0 17h\u2026","rel":"","context":"Dans &quot;Musique&quot;","block_context":{"text":"Musique","link":"http:\/\/www.letourismeaparis.fr\/index.php\/category\/culture\/concerts-musique\/musique\/"},"img":{"alt_text":"","src":"","width":0,"height":0},"classes":[]},{"id":4471,"url":"http:\/\/www.letourismeaparis.fr\/index.php\/2009\/12\/02\/des-concerts-animes-par-jean-francois-zygel-le-jeudi-a-la-mairie-du-20-eme\/","url_meta":{"origin":1476,"position":1},"title":"Des concerts anim\u00e9s par Jean Fran\u00e7ois Zygel le jeudi \u00e0 la mairie du 20 \u00e8me","author":"Fabienne TM","date":"2 d\u00e9cembre 2009","format":false,"excerpt":"Les Jeudis de Jean-Fran\u00e7ois Zygel - saison 2009\/10 De novembre 2009 \u00e0 mai 2010, Jean-Fran\u00e7ois Zygel invite chanteurs et musiciens pour des concerts \u00e0 la mairie du 20e. Jeudi 3 d\u00e9cembre - Trio Tzane (ensemble vocal des Balkans) En grec, en turc, en bulgare, en bosniaque... un r\u00e9pertoire unique, frais\u2026","rel":"","context":"Dans &quot;Non class\u00e9&quot;","block_context":{"text":"Non class\u00e9","link":"http:\/\/www.letourismeaparis.fr\/index.php\/category\/non-classe\/"},"img":{"alt_text":"","src":"","width":0,"height":0},"classes":[]},{"id":13043,"url":"http:\/\/www.letourismeaparis.fr\/index.php\/2013\/03\/21\/festival-10-de-choeurs-jusquau-24-mars-2013-a-paris-10eme-concerts-gratuits\/","url_meta":{"origin":1476,"position":2},"title":"Festival \u00ab 10 de Ch\u0153urs \u00bb  jusqu&#039;au 24 mars 2013 \u00e0 Paris 10\u00e8me (concerts gratuits)","author":"Fabienne TM","date":"21 mars 2013","format":false,"excerpt":"Ttous les styles sont repr\u00e9sent\u00e9s : du classique au baroque en passant par du contemporain, du latin-jazz, de la vari\u00e9t\u00e9 et du gospel. Une constante n\u00e9anmoins : la qualit\u00e9 ! Jeudi 21 mars - 20h30 - Salle St Charles, Maison des Jeunes de St Vincent de Paul, 12 rue Bossuet\u2026","rel":"","context":"Dans &quot;Festivals \/ Manifestations&quot;","block_context":{"text":"Festivals \/ Manifestations","link":"http:\/\/www.letourismeaparis.fr\/index.php\/category\/spectacle\/festival\/"},"img":{"alt_text":"","src":"https:\/\/i0.wp.com\/www.letourismeaparis.fr\/wp-content\/uploads\/2013\/03\/10-200x300.jpg?resize=350%2C200","width":350,"height":200},"classes":[]},{"id":19467,"url":"http:\/\/www.letourismeaparis.fr\/index.php\/2017\/03\/24\/spectacle-phuphuma-love-minus-choeur-masculin-isicathamiya-afrique-du-sud-au-theatre-levi-strauss-quai-branly\/","url_meta":{"origin":1476,"position":3},"title":"SPECTACLE PHUPHUMA LOVE MINUS  Ch\u0153ur masculin Isicathamiya   au Th\u00e9atre Levi-Strauss ,Quai Branly","author":"Fabienne TM","date":"24 mars 2017","format":false,"excerpt":"Un beau spectacle,de tr\u00e8s belles voix, des spectateurs invit\u00e9s \u00e0 monter sur sc\u00e8ne .... Un chant traditionnel entra\u00eenant, une danse au pouvoir enivrant, pour un spectacle haut en couleur... Le ch\u0153ur PHUPHUMA LOVE MINUS tout droit venu d'Afrique du Sud, pose ses valises au mus\u00e9e du quai Branly - Jacques\u2026","rel":"","context":"Dans &quot;Cultures du Monde&quot;","block_context":{"text":"Cultures du Monde","link":"http:\/\/www.letourismeaparis.fr\/index.php\/category\/culture\/musees-expositions\/cultures-du-monde\/"},"img":{"alt_text":"","src":"https:\/\/i0.wp.com\/www.letourismeaparis.fr\/wp-content\/uploads\/2017\/02\/Capture-d%C3%A2%C2%80%C2%99e%C3%8C%C2%81cran-2017-02-07-a%C3%8C%C2%80-18.15.00-202x300.png?resize=350%2C200","width":350,"height":200},"classes":[]},{"id":15257,"url":"http:\/\/www.letourismeaparis.fr\/index.php\/2014\/06\/27\/jazz-club-talons-aiguilles-un-spectacle-musical-au-theatre-du-ranelagh\/","url_meta":{"origin":1476,"position":4},"title":"Jazz Club &amp; Talons Aiguilles  Un spectacle musical  au Th\u00e9atre du Ranelagh","author":"Fabienne TM","date":"27 juin 2014","format":false,"excerpt":"Trois chanteuses \u00e0 Paris\u00a0: une am\u00e9ricaine, une norv\u00e9gienne et une hollandaise, s\u00e9duisantes, spontan\u00e9es et talentueuses. Ces trois filles se retrouvent dans un club de jazz pour donner un concert. La blonde sensuelle, la brune sensible et la rousse piquante ont des histoires \u00e0 se raconter et \u00e0 partager avec le\u2026","rel":"","context":"Dans &quot;Th\u00e9atre&quot;","block_context":{"text":"Th\u00e9atre","link":"http:\/\/www.letourismeaparis.fr\/index.php\/category\/spectacle\/theatre\/"},"img":{"alt_text":"","src":"","width":0,"height":0},"classes":[]},{"id":10960,"url":"http:\/\/www.letourismeaparis.fr\/index.php\/2011\/08\/03\/festival-classique-au-vert-2011-au-parc-floral-de-vincennes-samedi-et-dimanche-du-6-aout-au-25-septembre\/","url_meta":{"origin":1476,"position":5},"title":"Festival Classique au Vert 2011  au Parc Floral de Vincennes  samedi et dimanche du 6 ao\u00fbt au 25 septembre","author":"Fabienne TM","date":"3 ao\u00fbt 2011","format":false,"excerpt":"le festival Classique au Vert a consacr\u00e9 la majeure partie de son \u00e9dition 2011 \u00e0 l' Am\u00e9rique Le programme : Samedi 6 ao\u00fbt \u00e0 16h Double clavier Thomas Enhco, piano Vassilena Serafimova, marimba et percussions Mozart, Bach, K Abe, T Enhco, Piazzolla Dimanche 07 ao\u00fbt \u00e0 16h West side quartet\u2026","rel":"","context":"Dans &quot;Non class\u00e9&quot;","block_context":{"text":"Non class\u00e9","link":"http:\/\/www.letourismeaparis.fr\/index.php\/category\/non-classe\/"},"img":{"alt_text":"","src":"https:\/\/i0.wp.com\/www.letourismeaparis.fr\/wp-content\/uploads\/2011\/08\/classique-au-vert.gif?resize=350%2C200","width":350,"height":200},"classes":[]}],"jetpack_sharing_enabled":true,"jetpack_likes_enabled":true,"_links":{"self":[{"href":"http:\/\/www.letourismeaparis.fr\/index.php\/wp-json\/wp\/v2\/posts\/1476","targetHints":{"allow":["GET"]}}],"collection":[{"href":"http:\/\/www.letourismeaparis.fr\/index.php\/wp-json\/wp\/v2\/posts"}],"about":[{"href":"http:\/\/www.letourismeaparis.fr\/index.php\/wp-json\/wp\/v2\/types\/post"}],"author":[{"embeddable":true,"href":"http:\/\/www.letourismeaparis.fr\/index.php\/wp-json\/wp\/v2\/users\/2"}],"replies":[{"embeddable":true,"href":"http:\/\/www.letourismeaparis.fr\/index.php\/wp-json\/wp\/v2\/comments?post=1476"}],"version-history":[{"count":0,"href":"http:\/\/www.letourismeaparis.fr\/index.php\/wp-json\/wp\/v2\/posts\/1476\/revisions"}],"wp:attachment":[{"href":"http:\/\/www.letourismeaparis.fr\/index.php\/wp-json\/wp\/v2\/media?parent=1476"}],"wp:term":[{"taxonomy":"category","embeddable":true,"href":"http:\/\/www.letourismeaparis.fr\/index.php\/wp-json\/wp\/v2\/categories?post=1476"},{"taxonomy":"post_tag","embeddable":true,"href":"http:\/\/www.letourismeaparis.fr\/index.php\/wp-json\/wp\/v2\/tags?post=1476"}],"curies":[{"name":"wp","href":"https:\/\/api.w.org\/{rel}","templated":true}]}}