{"id":15138,"date":"2014-06-13T11:12:18","date_gmt":"2014-06-13T11:12:18","guid":{"rendered":"http:\/\/www.letourismeaparis.fr\/?p=15138"},"modified":"2014-06-13T11:12:18","modified_gmt":"2014-06-13T11:12:18","slug":"parlez-moi-damour-un-excellent-spectacle-talentgaitejoie","status":"publish","type":"post","link":"http:\/\/www.letourismeaparis.fr\/index.php\/2014\/06\/13\/parlez-moi-damour-un-excellent-spectacle-talentgaitejoie\/","title":{"rendered":"Parlez-moi d&#039;amour : un excellent spectacle (talent,gait\u00e9,joie)"},"content":{"rendered":"<p>Un tr\u00e8s bon spectacle vous attend au th\u00e9atre la Bruy\u00e8re : les plus belles chansons d&rsquo;amour fran\u00e7aises des ann\u00e9es 30 \u00e0 50 revisit\u00e9es avec humour et po\u00e9sie dans un spectacle musical, romantique et clownesque de et avec La tr\u00e8s jolie Lydie Muller et le bon pianiste Vincent Prezioso.<!--more--><br \/>\nUn superbe tour de chant qui vous enchantera et dont \u00a0vous ressortirez heureux .<br \/>\n<a href=\"http:\/\/www.parlezmoidamour-spectacle.com\/videos_photos.html\">http:\/\/www.parlezmoidamour-spectacle.com\/videos_photos.html<\/a><br \/>\n&nbsp;<br \/>\njeudi au samedi \u00e0 19 h<br \/>\nmatin\u00e9es samedi \u00e0 17h15<br \/>\n5, rue la Bruyere Paris 75009<br \/>\n&nbsp;<\/p>\n","protected":false},"excerpt":{"rendered":"<p>Un tr\u00e8s bon spectacle vous attend au th\u00e9atre la Bruy\u00e8re : les plus belles chansons d&rsquo;amour fran\u00e7aises des ann\u00e9es 30 \u00e0 50 revisit\u00e9es avec humour et po\u00e9sie dans un spectacle musical, romantique et clownesque de et avec La tr\u00e8s jolie&#8230;<\/p>\n","protected":false},"author":2,"featured_media":0,"comment_status":"open","ping_status":"open","sticky":false,"template":"","format":"standard","meta":{"ngg_post_thumbnail":0,"jetpack_post_was_ever_published":false,"_jetpack_newsletter_access":"","footnotes":""},"categories":[39,47,49],"tags":[],"class_list":["post-15138","post","type-post","status-publish","format-standard","hentry","category-musique","category-spectacle","category-theatre"],"jetpack_featured_media_url":"","jetpack-related-posts":[{"id":24385,"url":"http:\/\/www.letourismeaparis.fr\/index.php\/2021\/10\/17\/la-bas-de-lautre-cote-de-leau-un-tres-bon-spectacle-au-theatre-la-bruyere\/","url_meta":{"origin":15138,"position":0},"title":"\u00ab\u00a0L\u00e0-bas, de l&rsquo;autre c\u00f4t\u00e9 de l&rsquo;eau\u00a0\u00bb, un  tr\u00e8s bon spectacle                              au th\u00e9atre La Bruy\u00e8re","author":"Fabienne TM","date":"17 octobre 2021","format":false,"excerpt":"\u00a0de \u00a0Pierre Olivier Scotto, mise en sc\u00e8ne de Xavier Lemaire Alger 1956.\u00a0 France, 18 ans, passionn\u00e9e, r\u00eave de cin\u00e9ma et de Com\u00e9die Fran\u00e7aise. Elle est amoureuse de Moktar, jeune r\u00e9volutionnaire jusqu\u2019\u00e0 ce que Jean Paul, jeune soldat appel\u00e9, d\u00e9barque dans sa vie et lui fasse r\u00eaver de Paris\u2026 Le tourbillon\u2026","rel":"","context":"Dans &quot;Th\u00e9atre&quot;","block_context":{"text":"Th\u00e9atre","link":"http:\/\/www.letourismeaparis.fr\/index.php\/category\/spectacle\/theatre\/"},"img":{"alt_text":"","src":"https:\/\/i0.wp.com\/www.letourismeaparis.fr\/wp-content\/uploads\/2021\/10\/Capture-d%E2%80%99e%CC%81cran-2021-10-17-a%CC%80-16.10.08.png?resize=350%2C200","width":350,"height":200},"classes":[]},{"id":25769,"url":"http:\/\/www.letourismeaparis.fr\/index.php\/2024\/09\/09\/un-bon-spectacle-au-theatre-la-bruyere-la-voix-dor\/","url_meta":{"origin":15138,"position":1},"title":"Un bon spectacle au th\u00e9atre La Bruy\u00e8re\u00a0:La Voix d\u2019or","author":"Fabienne TM","date":"9 septembre 2024","format":false,"excerpt":"Embarquez dans cette surprenante histoire vraie, celle de Charles Gent\u00e8s, chanteur d\u2019apr\u00e8s-guerre que l\u2019on surnommait LA VOIX D\u2019OR : chansons originales de l\u2019\u00e9poque, reprises des grands airs de la chanson fran\u00e7aise (Aznavour, Brel, Piaf, Trenet, Brassens, Montand, en passant par Dario Moreno et Dalida), amours passionn\u00e9s, traversez cette folle et\u2026","rel":"","context":"Dans &quot;Com\u00e9die Musicale&quot;","block_context":{"text":"Com\u00e9die Musicale","link":"http:\/\/www.letourismeaparis.fr\/index.php\/category\/spectacle\/comedie-musicale\/"},"img":{"alt_text":"","src":"https:\/\/i0.wp.com\/www.letourismeaparis.fr\/wp-content\/uploads\/2024\/09\/Capture-decran-2024-09-09-a-18.47.24-1.png?resize=350%2C200","width":350,"height":200},"classes":[]},{"id":11918,"url":"http:\/\/www.letourismeaparis.fr\/index.php\/2012\/11\/13\/julie-des-batignolles-au-theatre-de-la-bruyere-un-excellent-spectacle-pour-une-tres-bonne-soiree\/","url_meta":{"origin":15138,"position":2},"title":"&quot;Julie des Batignolles&quot; au Th\u00e9atre La Bruy\u00e8re : un excellent spectacle pour une tr\u00e8s bonne soir\u00e9e jusqu&#039;au 24 novembre.","author":"Fabienne TM","date":"13 novembre 2012","format":false,"excerpt":"JULIE DES BATIGNOLLES de Pascal LAURENT Mise en sc\u00e8ne : Eric METAYER Dans un langage imag\u00e9 et haut en couleur,Julie des Batignolles est un polar \u00e0 l'ancienne dans laquelle les victimes donnent du fil \u00e0 retordre aux voyous. Visuelle, rythm\u00e9e, po\u00e9tique et comique, Eric M\u00e9tayer signe sa nouvelle mise en\u2026","rel":"","context":"Dans &quot;Non class\u00e9&quot;","block_context":{"text":"Non class\u00e9","link":"http:\/\/www.letourismeaparis.fr\/index.php\/category\/non-classe\/"},"img":{"alt_text":"","src":"","width":0,"height":0},"classes":[]},{"id":5381,"url":"http:\/\/www.letourismeaparis.fr\/index.php\/2010\/09\/08\/les-39-marches-au-theatre-la-bruyere-un-spectacle-hilarant\/","url_meta":{"origin":15138,"position":3},"title":"Les 39 marches au th\u00e9atre La Bruy\u00e8re : un spectacle hilarant  prolong\u00e9 du 14 septembre au 9 octobre","author":"Fabienne TM","date":"8 septembre 2010","format":false,"excerpt":"Les 39 marches de John Buchan et Alfred Hitchcock, spectacle\u00a0\u00a0 mis en sc\u00e8ne par Eric Metayer avec Jean-Philippe Beche, Andr\u00e9a Bescond, Christophe Laubion . Dans une mise en sc\u00e8ne d\u00e9sopilante, 4 com\u00e9diens interpr\u00eatent plus de 150 personnages :\u00a0 un sacr\u00e9 moment de rigolade ! Th\u00e9atre La Bruy\u00e8re 5, rue La\u2026","rel":"","context":"Dans &quot;Non class\u00e9&quot;","block_context":{"text":"Non class\u00e9","link":"http:\/\/www.letourismeaparis.fr\/index.php\/category\/non-classe\/"},"img":{"alt_text":"","src":"","width":0,"height":0},"classes":[]},{"id":17536,"url":"http:\/\/www.letourismeaparis.fr\/index.php\/2015\/01\/05\/chanson-plus-bifluoree-au-theatre-la-bruyere\/","url_meta":{"origin":15138,"position":4},"title":"&quot;CHANSON PLUS  BIFLUOR\u00c9E&quot; au Th\u00e9atre La Bruy\u00e8re ; un spectacle p\u00e9tillant , sympa et dynamique !","author":"Fabienne TM","date":"5 janvier 2015","format":false,"excerpt":"Chanson Plus fluor\u00e9e, trois acrobates de la voix, nous offrent un show haut en d\u00e9lire, ou l\u2019humour est\u00a0un fil rouge, l\u2019inventivit\u00e9 est une r\u00e8gle d\u2019or et l\u2019\u00e9motion un suppl\u00e9ment d\u2019\u00e2me.\u00a0Le meilleur des chansons, sketches et parodies, dans une r\u00e9trospective de leurs plus grands succ\u00e8s. \u00a0 TH\u00c9\u00c2TRE LA BRUY\u00c8RE 5 RUE\u2026","rel":"","context":"Dans &quot;Spectacle&quot;","block_context":{"text":"Spectacle","link":"http:\/\/www.letourismeaparis.fr\/index.php\/category\/spectacle\/"},"img":{"alt_text":"","src":"","width":0,"height":0},"classes":[]},{"id":12317,"url":"http:\/\/www.letourismeaparis.fr\/index.php\/2012\/12\/10\/broadway-enchante-un-spectacle-distrayant-et-de-qualite-pour-les-fetes\/","url_meta":{"origin":15138,"position":5},"title":"BROADWAY ENCHANTE ! un spectacle distrayant et de qualit\u00e9 pour les f\u00eates.","author":"Fabienne TM","date":"10 d\u00e9cembre 2012","format":false,"excerpt":"BROADWAY ENCHANTE ! revient sur les planches du th\u00e9\u00e2tre La Bruy\u00e8re. Isabelle Georges, Frederic Steenbrink et leur complices nous entrainent dans un spectacle \u00e9tourdissant de rythme et de ga\u00eet\u00e9. Dans un esprit \"burlesquo-culturel\", d\u00e9lirant et d\u00e9cal\u00e9, un si\u00e8cle de feux d'artifice o\u00f9 brillent les noms de Cole Porter, Irving Berlin,\u2026","rel":"","context":"Dans &quot;Non class\u00e9&quot;","block_context":{"text":"Non class\u00e9","link":"http:\/\/www.letourismeaparis.fr\/index.php\/category\/non-classe\/"},"img":{"alt_text":"","src":"","width":0,"height":0},"classes":[]}],"jetpack_sharing_enabled":true,"jetpack_likes_enabled":true,"_links":{"self":[{"href":"http:\/\/www.letourismeaparis.fr\/index.php\/wp-json\/wp\/v2\/posts\/15138","targetHints":{"allow":["GET"]}}],"collection":[{"href":"http:\/\/www.letourismeaparis.fr\/index.php\/wp-json\/wp\/v2\/posts"}],"about":[{"href":"http:\/\/www.letourismeaparis.fr\/index.php\/wp-json\/wp\/v2\/types\/post"}],"author":[{"embeddable":true,"href":"http:\/\/www.letourismeaparis.fr\/index.php\/wp-json\/wp\/v2\/users\/2"}],"replies":[{"embeddable":true,"href":"http:\/\/www.letourismeaparis.fr\/index.php\/wp-json\/wp\/v2\/comments?post=15138"}],"version-history":[{"count":0,"href":"http:\/\/www.letourismeaparis.fr\/index.php\/wp-json\/wp\/v2\/posts\/15138\/revisions"}],"wp:attachment":[{"href":"http:\/\/www.letourismeaparis.fr\/index.php\/wp-json\/wp\/v2\/media?parent=15138"}],"wp:term":[{"taxonomy":"category","embeddable":true,"href":"http:\/\/www.letourismeaparis.fr\/index.php\/wp-json\/wp\/v2\/categories?post=15138"},{"taxonomy":"post_tag","embeddable":true,"href":"http:\/\/www.letourismeaparis.fr\/index.php\/wp-json\/wp\/v2\/tags?post=15138"}],"curies":[{"name":"wp","href":"https:\/\/api.w.org\/{rel}","templated":true}]}}