{"id":1518,"date":"2009-01-24T12:38:48","date_gmt":"2009-01-24T11:38:48","guid":{"rendered":"http:\/\/www.letourismeaparis.fr\/?p=1518"},"modified":"2009-01-24T12:38:48","modified_gmt":"2009-01-24T11:38:48","slug":"course-a-pied-dans-le-14eme-le-2501","status":"publish","type":"post","link":"http:\/\/www.letourismeaparis.fr\/index.php\/2009\/01\/24\/course-a-pied-dans-le-14eme-le-2501\/","title":{"rendered":"Course \u00e0 pied dans le 14\u00e8me le 25\/01"},"content":{"rendered":"<p>Le 25 janvier : courez les 10 km du 14e<br \/>\nLa mairie du 14e et l\u2019Office du Mouvement Sportif du 14e vous proposent, comme chaque ann\u00e9e, la course des 10 km du 14e le dimanche 25 janvier \u00e0 9h30.<br \/>\n<a href=\"www.topchrono.biz\">http:\/\/www.topchrono.biz<\/a><br \/>\nmairie annexe, 26 rue Mouton Duvernet. M\u00b0 Mouton Duvernet<br \/>\n<a href=\"http:\/\/www.letourismeaparis.fr\">http:\/\/www.letourismeaparis.fr<\/a><\/p>\n","protected":false},"excerpt":{"rendered":"<p>Le 25 janvier : courez les 10 km du 14e La mairie du 14e et l\u2019Office du Mouvement Sportif du 14e vous proposent, comme chaque ann\u00e9e, la course des 10 km du 14e le dimanche 25 janvier \u00e0 9h30. http:\/\/www.topchrono.biz&#8230;<\/p>\n","protected":false},"author":2,"featured_media":0,"comment_status":"open","ping_status":"open","sticky":false,"template":"","format":"standard","meta":{"ngg_post_thumbnail":0,"jetpack_post_was_ever_published":false,"_jetpack_newsletter_access":"","footnotes":""},"categories":[1],"tags":[],"class_list":["post-1518","post","type-post","status-publish","format-standard","hentry","category-non-classe"],"jetpack_featured_media_url":"","jetpack-related-posts":[{"id":7498,"url":"http:\/\/www.letourismeaparis.fr\/index.php\/2010\/05\/02\/victor-schoelcher-un-homme-contre-lesclavage\/","url_meta":{"origin":1518,"position":0},"title":"Victor Schoelcher, un homme contre l&#039;esclavage.","author":"Fabienne TM","date":"2 mai 2010","format":false,"excerpt":"Lundi 10 mai, pour comm\u00e9morer l'abolition de l'esclavage, la mairie, en partenariat avec l'association Prot\u00e9a, du 14e pr\u00e9sente le film \u00ab Victor Schoelcher, un homme contre l'esclavage \u00bb. Ce documentaire, de Rita Hermont Belot, Antoine Lassaigne et Fr\u00e9d\u00e9ric Tyrode St Louis, retrace l'histoire des r\u00e9voltes et des luttes engag\u00e9es par\u2026","rel":"","context":"Dans &quot;Non class\u00e9&quot;","block_context":{"text":"Non class\u00e9","link":"http:\/\/www.letourismeaparis.fr\/index.php\/category\/non-classe\/"},"img":{"alt_text":"","src":"","width":0,"height":0},"classes":[]},{"id":7495,"url":"http:\/\/www.letourismeaparis.fr\/index.php\/2010\/05\/11\/decouvrez-la-commune-de-paris\/","url_meta":{"origin":1518,"position":1},"title":"D\u00e9couvrez la&quot; Commune&quot; de Paris !","author":"Fabienne TM","date":"11 mai 2010","format":false,"excerpt":"Du 11 au 30 mai, trois rendez-vous pour mieux conna\u00eetre l'histoire de ce gouvernement insurrectionnel ouvrier, qui dirigea la capitale de mars \u00e0 mai 1871. 11 mai, de 19h \u00e0 21h30 : histoire de la Commune, avec Jean-Louis Robert, historien. 17 mai, de 19h \u00e0 21h30 : la Commune dans\u2026","rel":"","context":"Dans &quot;Non class\u00e9&quot;","block_context":{"text":"Non class\u00e9","link":"http:\/\/www.letourismeaparis.fr\/index.php\/category\/non-classe\/"},"img":{"alt_text":"","src":"","width":0,"height":0},"classes":[]},{"id":11274,"url":"http:\/\/www.letourismeaparis.fr\/index.php\/2011\/11\/25\/journees-internationales-de-la-marqueterie-du-19-au-27-novembre\/","url_meta":{"origin":1518,"position":2},"title":"Journ\u00e9es Internationales de la Marqueterie  jusqu&#039; au 27 novembre","author":"Fabienne TM","date":"25 novembre 2011","format":false,"excerpt":"La Mairie du 11e et l\u2019association Atrema organisent la 14e \u00e9dition des Journ\u00e9es Internationales de la Marqueterie. L\u2019occasion de d\u00e9couvrir l\u2019art de la marqueterie gr\u00e2ce aux 50 exposants venus du monde entier. Artisans, amateurs, professionnels et \u00e9tudiants des six grandes \u00e9coles nationales fran\u00e7aises pr\u00e9senteront la diversit\u00e9 de leurs cr\u00e9ations. entr\u00e9e\u2026","rel":"","context":"Dans &quot;Non class\u00e9&quot;","block_context":{"text":"Non class\u00e9","link":"http:\/\/www.letourismeaparis.fr\/index.php\/category\/non-classe\/"},"img":{"alt_text":"","src":"https:\/\/i0.wp.com\/www.letourismeaparis.fr\/wp-content\/uploads\/2011\/11\/MM.jpg?resize=350%2C200","width":350,"height":200},"classes":[]},{"id":4079,"url":"http:\/\/www.letourismeaparis.fr\/index.php\/2009\/09\/10\/14e-salon-dautomne-de-la-peinture-dans-le-11-eme\/","url_meta":{"origin":1518,"position":3},"title":"14e Salon d\u2019Automne de la Peinture dans le 11 \u00e8me","author":"Fabienne TM","date":"10 septembre 2009","format":false,"excerpt":"Du 11 au 20 septembre, la Mairie du 11e vous invite \u00e0 d\u00e9couvrir plus de 65 artistes peintres, amateurs et professionnels. Cette exposition-vente permet chaque ann\u00e9e de valoriser les talents de l\u2019arrondissement et d\u2019ailleurs. Cette ann\u00e9e le Salon accueille Charlotte Julian, inspir\u00e9e par l\u2019art naif, elle d\u00e9veloppe une \u0153uvre mettant\u2026","rel":"","context":"Dans &quot;Non class\u00e9&quot;","block_context":{"text":"Non class\u00e9","link":"http:\/\/www.letourismeaparis.fr\/index.php\/category\/non-classe\/"},"img":{"alt_text":"","src":"","width":0,"height":0},"classes":[]},{"id":16748,"url":"http:\/\/www.letourismeaparis.fr\/index.php\/2015\/05\/27\/le-14e-fete-les-60-ans-du-conservatoire-a-partir-du-31-mai\/","url_meta":{"origin":1518,"position":4},"title":"Le 14e f\u00eate les 60 ans du conservatoire ,\u00e0 partir du 31 mai","author":"Fabienne TM","date":"27 mai 2015","format":false,"excerpt":"Pour le 60e anniversaire du conservatoire Darius Milhaud, ses \u00e9l\u00e8ves et ses \u00e9quipes se mobilisent pour vous proposer 4 grands rendez-vous\u00a0: Dimanche 31 mai \u00e0 16h Spectacle de danse \u00e0 la Cit\u00e9 Internationale Spectacle des classes de danse et de l\u2019ensemble instrumental des professeurs et des \u00e9l\u00e8ves du conservatoire avec\u2026","rel":"","context":"Dans &quot;Musique&quot;","block_context":{"text":"Musique","link":"http:\/\/www.letourismeaparis.fr\/index.php\/category\/culture\/concerts-musique\/musique\/"},"img":{"alt_text":"","src":"","width":0,"height":0},"classes":[]},{"id":10680,"url":"http:\/\/www.letourismeaparis.fr\/index.php\/2011\/07\/05\/14e-edition-du-festival-soirs-dete-a-la-mairie-du-3-eme\/","url_meta":{"origin":1518,"position":5},"title":"14e \u00e9dition du Festival Soirs d\u2019\u00e9t\u00e9 \u00e0 la mairie du 3 \u00e8me.","author":"Fabienne TM","date":"5 juillet 2011","format":false,"excerpt":"trois semaines de concerts gratuits, en plein air, sur le parvis de la mairie du 3e, qui se termineront en grand bal... jusqu' au 13 juillet 2011 Mardi 5 juillet 2011 : Oh La La ! (20h) Pep\u2019s (21h15) Mercredi 6 juillet 2011 : Jim Murple Memorial (20h) Kill The\u2026","rel":"","context":"Dans &quot;Non class\u00e9&quot;","block_context":{"text":"Non class\u00e9","link":"http:\/\/www.letourismeaparis.fr\/index.php\/category\/non-classe\/"},"img":{"alt_text":"","src":"","width":0,"height":0},"classes":[]}],"jetpack_sharing_enabled":true,"jetpack_likes_enabled":true,"_links":{"self":[{"href":"http:\/\/www.letourismeaparis.fr\/index.php\/wp-json\/wp\/v2\/posts\/1518","targetHints":{"allow":["GET"]}}],"collection":[{"href":"http:\/\/www.letourismeaparis.fr\/index.php\/wp-json\/wp\/v2\/posts"}],"about":[{"href":"http:\/\/www.letourismeaparis.fr\/index.php\/wp-json\/wp\/v2\/types\/post"}],"author":[{"embeddable":true,"href":"http:\/\/www.letourismeaparis.fr\/index.php\/wp-json\/wp\/v2\/users\/2"}],"replies":[{"embeddable":true,"href":"http:\/\/www.letourismeaparis.fr\/index.php\/wp-json\/wp\/v2\/comments?post=1518"}],"version-history":[{"count":0,"href":"http:\/\/www.letourismeaparis.fr\/index.php\/wp-json\/wp\/v2\/posts\/1518\/revisions"}],"wp:attachment":[{"href":"http:\/\/www.letourismeaparis.fr\/index.php\/wp-json\/wp\/v2\/media?parent=1518"}],"wp:term":[{"taxonomy":"category","embeddable":true,"href":"http:\/\/www.letourismeaparis.fr\/index.php\/wp-json\/wp\/v2\/categories?post=1518"},{"taxonomy":"post_tag","embeddable":true,"href":"http:\/\/www.letourismeaparis.fr\/index.php\/wp-json\/wp\/v2\/tags?post=1518"}],"curies":[{"name":"wp","href":"https:\/\/api.w.org\/{rel}","templated":true}]}}