{"id":15244,"date":"2014-05-21T16:24:35","date_gmt":"2014-05-21T16:24:35","guid":{"rendered":"http:\/\/www.letourismeaparis.fr\/?p=15244"},"modified":"2014-05-21T16:24:35","modified_gmt":"2014-05-21T16:24:35","slug":"festival-de-jazz-saint-germain-des-pres-jusquau-25-mai","status":"publish","type":"post","link":"http:\/\/www.letourismeaparis.fr\/index.php\/2014\/05\/21\/festival-de-jazz-saint-germain-des-pres-jusquau-25-mai\/","title":{"rendered":"Festival de Jazz \u00e0 Saint Germain des pr\u00e9s jusqu&#039;au 25 mai"},"content":{"rendered":"<p>Cr\u00e9\u00e9 en 2001 et situ\u00e9 dans le quartier mythique de Saint-Germain-des-Pr\u00e9s, berceau du jazz en Europe, le Festival Jazz \u00e0 Saint-Germain-des-Pr\u00e9s Paris n\u2019est pas un festival de plus mais un festival \u00e0 part. Il est l\u2019un des \u00e9v\u00e9nements jazz majeurs parisiens et propose chaque ann\u00e9e :<\/p>\n<ul>\n<li>Des concerts exceptionnels, fond\u00e9e sur des rencontres in\u00e9dites d\u2019artistes, des d\u00e9couvertes de talents et des coups de c\u0153ur ;<\/li>\n<li>Des t\u00eates d\u2019affiche et des jeunes talents. Au festival depuis 2001 : Dee Dee Bridgewater, Brad Meldhau, premier concert en France de Norah Jones, Manu Katch\u00e9, Manu Dibango, Michel Legrand, Michel Portal, Paolo Fresu, Kenny Barron, Kurt Elling, Lucky Peterson, Richard Galliano, Ben l\u2019Oncle Soul, Raphael Gualazzi ;<\/li>\n<li>Un cadre exceptionnel, unique et patrimonial : l\u2018\u00c9glise Saint-Germain-des-Pr\u00e9s, la Maison des Oc\u00e9ans, l\u2019Universit\u00e9 Paris-Sorbonne, l\u2019Universit\u00e9 Paris Descartes, le S\u00e9nat, le Couvent des Cordeliers, le Th\u00e9\u00e2tre de l\u2019Od\u00e9on, l\u2019H\u00f4tel Lutetia, le Centre Culturel Irlandais\u2026<\/li>\n<li>Le jazz comme une culture pluri-artistique : concerts, expositions photos, Jazz &amp; Bavardages, conf\u00e9rences, master class, Jazz &amp; Champagne\u2026<\/li>\n<\/ul>\n<p><!--more--><br \/>\n<a href=\"http:\/\/festivaljazzsaintgermainparis.com\/\">http:\/\/festivaljazzsaintgermainparis.com\/<\/a><\/p>\n","protected":false},"excerpt":{"rendered":"<p>Cr\u00e9\u00e9 en 2001 et situ\u00e9 dans le quartier mythique de Saint-Germain-des-Pr\u00e9s, berceau du jazz en Europe, le Festival Jazz \u00e0 Saint-Germain-des-Pr\u00e9s Paris n\u2019est pas un festival de plus mais un festival \u00e0 part. Il est l\u2019un des \u00e9v\u00e9nements jazz majeurs&#8230;<\/p>\n","protected":false},"author":2,"featured_media":0,"comment_status":"open","ping_status":"open","sticky":false,"template":"","format":"standard","meta":{"ngg_post_thumbnail":0,"jetpack_post_was_ever_published":false,"_jetpack_newsletter_access":"","footnotes":""},"categories":[29,39],"tags":[207],"class_list":["post-15244","post","type-post","status-publish","format-standard","hentry","category-festival","category-musique","tag-jazz"],"jetpack_featured_media_url":"","jetpack-related-posts":[{"id":10425,"url":"http:\/\/www.letourismeaparis.fr\/index.php\/2011\/05\/27\/festival-jazz-a-saint-germain-des-pres-dernier-week-end\/","url_meta":{"origin":15244,"position":0},"title":"Festival Jazz \u00e0 Saint-Germain-des-Pr\u00e9s : dernier week-end !","author":"Fabienne TM","date":"27 mai 2011","format":false,"excerpt":"Le Festival JAZZ \u00e0 SAINT-GERMAIN-DES-PR\u00c9S n\u2019est pas un festival de plus, mais un festival \u00e0 part. Samedi 28 mai 14h : Tremplin Jeunes Talents \u2013 10\u00e8me \u00e9dition Sunset et Sunside Jazz Club gratuit - consommation obligatoire \u00c0 15h : GROUPES DE JAZZ VOCAL AMATEURS Conservatoire municipal Jean-Philippe Rameau 3 ter\u2026","rel":"","context":"Dans &quot;Non class\u00e9&quot;","block_context":{"text":"Non class\u00e9","link":"http:\/\/www.letourismeaparis.fr\/index.php\/category\/non-classe\/"},"img":{"alt_text":"","src":"","width":0,"height":0},"classes":[]},{"id":2871,"url":"http:\/\/www.letourismeaparis.fr\/index.php\/2009\/05\/14\/festival-de-jazz-a-saint-germain-des-pres-jusquau-25-mai\/","url_meta":{"origin":15244,"position":1},"title":"Festival de Jazz \u00e0 Saint Germain des pr\u00e9s jusqu&#039;au 30 mai","author":"Fabienne TM","date":"14 mai 2009","format":false,"excerpt":"Starbucks Od\u00e9on, Saint-Michel et Saint-Andr\u00e9 des Arts Starbucks Coffee Starbucks Coffee Paris 6\u00e8me. http:\/\/www.festivaljazzsaintgermainparis.com","rel":"","context":"Dans &quot;Non class\u00e9&quot;","block_context":{"text":"Non class\u00e9","link":"http:\/\/www.letourismeaparis.fr\/index.php\/category\/non-classe\/"},"img":{"alt_text":"","src":"","width":0,"height":0},"classes":[]},{"id":7676,"url":"http:\/\/www.letourismeaparis.fr\/index.php\/2010\/05\/20\/tremplin-jeunes-talents-de-jazz-au-festival-saint-germain-des-pres-les-2122-et-23-mai\/","url_meta":{"origin":15244,"position":2},"title":"Tremplin Jeunes Talents  de Jazz au Festival Saint germain des pr\u00e8s les 21,22 et 23 mai","author":"Fabienne TM","date":"20 mai 2010","format":false,"excerpt":"Sous l\u2019\u00e9gide du festival, le jury compos\u00e9 de musiciens, journalistes et professionnels d\u00e9partagera chaque soir les trois formations en comp\u00e9tition. Les formations en comp\u00e9tition les 21, 22 et 23 mai : Vendredi 21 mai Ouverture des portes : 17h30 Urban Jazz (18h00 - 18h45) 3Spirit (19h00 - 19h45) Pouaz''rlk (20h00\u2026","rel":"","context":"Dans &quot;Non class\u00e9&quot;","block_context":{"text":"Non class\u00e9","link":"http:\/\/www.letourismeaparis.fr\/index.php\/category\/non-classe\/"},"img":{"alt_text":"","src":"","width":0,"height":0},"classes":[]},{"id":3702,"url":"http:\/\/www.letourismeaparis.fr\/index.php\/2009\/07\/22\/jazz-jusqu-au-25-juillet-a-21h-dans-les-arenes-de-montmartre-18e\/","url_meta":{"origin":15244,"position":3},"title":"Jazz jusqu&#039;au 25 juillet , \u00e0 21h dans les Ar\u00e8nes de Montmartre (18e)","author":"Fabienne TM","date":"22 juillet 2009","format":false,"excerpt":"Festival de Jazz aux ar\u00e8nes de Montmartre\u00a0 du 20 au 25 juillet :concerts en plein air, ateliers musicaux...concerts tous les soirs \u00e0 partir de 21h et\u00a0 entre 10h et 13h, des ateliers d\u2019improvisation jazz - Mercredi 22 juillet : Mina Agossi Mina Agossi (chant), Eric Jacot (contrebasse), Ichiro Onoe (batterie)\u2026","rel":"","context":"Dans &quot;Non class\u00e9&quot;","block_context":{"text":"Non class\u00e9","link":"http:\/\/www.letourismeaparis.fr\/index.php\/category\/non-classe\/"},"img":{"alt_text":"","src":"","width":0,"height":0},"classes":[]},{"id":10640,"url":"http:\/\/www.letourismeaparis.fr\/index.php\/2011\/06\/25\/concerts-de-jazz-gratuits-a-la-defense\/","url_meta":{"origin":15244,"position":4},"title":"Concerts de jazz gratuits \u00e0 La D\u00e9fense","author":"Fabienne TM","date":"25 juin 2011","format":false,"excerpt":"Dans le cadre de l\u2019\u00e9v\u00e9nement \u00ab La D\u00e9fense Jazz Festival \u00bb, organis\u00e9 par le Conseil g\u00e9n\u00e9ral, avec Keziah Jones, Hindi Zahra, Manu Katch\u00e9, Sly Johnson Samedi 25 juin Clinton Fearon Solo \/ Emir Kusturica & The No Smoking Orchestra \u2013 20h Dimanche 26 juin Keziah Jones Solo acoustic \/ Georges\u2026","rel":"","context":"Dans &quot;Non class\u00e9&quot;","block_context":{"text":"Non class\u00e9","link":"http:\/\/www.letourismeaparis.fr\/index.php\/category\/non-classe\/"},"img":{"alt_text":"","src":"","width":0,"height":0},"classes":[]},{"id":15316,"url":"http:\/\/www.letourismeaparis.fr\/index.php\/2014\/06\/24\/paris-jazz-festival-fete-ses-20-ans-partir-du-7-juin\/","url_meta":{"origin":15244,"position":5},"title":"Paris Jazz Festival f\u00eate ses 20 ans \u00e0 partir du 7 juin","author":"Fabienne TM","date":"24 juin 2014","format":false,"excerpt":"Paris Jazz Festival f\u00eate ses 20 ans Le Paris Jazz Festival, rendez-vous incontournable du parc floral, f\u00eate cette ann\u00e9e ses 20 ans du 7 juin au 27 juillet 2014. Soutenu par la Ville de Paris et la Direction des espaces verts et de l\u2019environnement, il est devenu le premier des\u2026","rel":"","context":"Dans &quot;Festivals \/ Manifestations&quot;","block_context":{"text":"Festivals \/ Manifestations","link":"http:\/\/www.letourismeaparis.fr\/index.php\/category\/spectacle\/festival\/"},"img":{"alt_text":"","src":"https:\/\/i0.wp.com\/www.letourismeaparis.fr\/wp-content\/uploads\/2014\/06\/jazz.jpeg?resize=350%2C200","width":350,"height":200},"classes":[]}],"jetpack_sharing_enabled":true,"jetpack_likes_enabled":true,"_links":{"self":[{"href":"http:\/\/www.letourismeaparis.fr\/index.php\/wp-json\/wp\/v2\/posts\/15244","targetHints":{"allow":["GET"]}}],"collection":[{"href":"http:\/\/www.letourismeaparis.fr\/index.php\/wp-json\/wp\/v2\/posts"}],"about":[{"href":"http:\/\/www.letourismeaparis.fr\/index.php\/wp-json\/wp\/v2\/types\/post"}],"author":[{"embeddable":true,"href":"http:\/\/www.letourismeaparis.fr\/index.php\/wp-json\/wp\/v2\/users\/2"}],"replies":[{"embeddable":true,"href":"http:\/\/www.letourismeaparis.fr\/index.php\/wp-json\/wp\/v2\/comments?post=15244"}],"version-history":[{"count":0,"href":"http:\/\/www.letourismeaparis.fr\/index.php\/wp-json\/wp\/v2\/posts\/15244\/revisions"}],"wp:attachment":[{"href":"http:\/\/www.letourismeaparis.fr\/index.php\/wp-json\/wp\/v2\/media?parent=15244"}],"wp:term":[{"taxonomy":"category","embeddable":true,"href":"http:\/\/www.letourismeaparis.fr\/index.php\/wp-json\/wp\/v2\/categories?post=15244"},{"taxonomy":"post_tag","embeddable":true,"href":"http:\/\/www.letourismeaparis.fr\/index.php\/wp-json\/wp\/v2\/tags?post=15244"}],"curies":[{"name":"wp","href":"https:\/\/api.w.org\/{rel}","templated":true}]}}