{"id":15257,"date":"2014-06-27T07:19:12","date_gmt":"2014-06-27T07:19:12","guid":{"rendered":"http:\/\/www.letourismeaparis.fr\/?p=15257"},"modified":"2014-06-27T07:19:12","modified_gmt":"2014-06-27T07:19:12","slug":"jazz-club-talons-aiguilles-un-spectacle-musical-au-theatre-du-ranelagh","status":"publish","type":"post","link":"http:\/\/www.letourismeaparis.fr\/index.php\/2014\/06\/27\/jazz-club-talons-aiguilles-un-spectacle-musical-au-theatre-du-ranelagh\/","title":{"rendered":"Jazz Club &amp; Talons Aiguilles  Un spectacle musical  au Th\u00e9atre du Ranelagh"},"content":{"rendered":"<p>Trois chanteuses \u00e0 Paris\u00a0: une am\u00e9ricaine, une norv\u00e9gienne et une hollandaise, s\u00e9duisantes, spontan\u00e9es et talentueuses. Ces trois filles se retrouvent dans un club de jazz pour donner un concert.<a href=\"http:\/\/www.letourismeaparis.fr\/wp-content\/uploads\/2014\/05\/jazz_club-4bed2.jpg\"><img loading=\"lazy\" decoding=\"async\" class=\"alignleft size-medium wp-image-15258\" src=\"http:\/\/www.letourismeaparis.fr\/wp-content\/uploads\/2014\/05\/jazz_club-4bed2-300x140.jpg\" alt=\"jazz_club-4bed2\" width=\"300\" height=\"140\" \/><\/a><br \/>\nLa blonde sensuelle, la brune sensible et la rousse piquante ont des histoires \u00e0 se raconter et \u00e0 partager avec le public.<br \/>\nAvec humour, gr\u00e2ce et d\u00e9rision, elles posent un regard tendre et coquin sur les femmes, les hommes et aussi sur leur vie pittoresque d\u2019\u00e9trang\u00e8res \u00e0 Paris.<!--more--><br \/>\nHarmonies vocales impeccables, scats cisel\u00e9s, alors que le spectacle touche \u00e0 sa fin et que le club va fermer ses portes, les artistes ont du mal \u00e0 quitter ce lieu magique, tout comme les spectateurs\u00a0!<br \/>\nUn spectacle musical interpr\u00e9t\u00e9 par\u00a0<strong>SWEET SYSTEM<\/strong><br \/>\n<strong>Keri CHRYST<\/strong>,\u00a0<strong>Martineke KOOISTRA<\/strong>,\u00a0<strong>Fanny WERNER<\/strong>\u00a0&#8211; chant<br \/>\n<strong>Patrick CABON<\/strong>\u00a0ou\u00a0<strong>R\u00e9mi TOULON<\/strong>\u00a0&#8211; piano<br \/>\n<strong>Fabien MARCOZ<\/strong>\u00a0ou\u00a0<strong>Bruno ROUSSELET<\/strong>\u00a0&#8211; contrebasse<br \/>\nConception\u00a0<strong>Martineke KOOISTRA<\/strong><br \/>\nMise en sc\u00e8ne\u00a0<strong>Flannan OB\u00c9<\/strong><br \/>\nGenre\u00a0: Spectacle Musical<br \/>\nDur\u00e9e\u00a0: 1h20<br \/>\ndu 2 au 27 juillet 2014<br \/>\nDu mercredi au samedi \u00e0 21h &#8211; dimanche \u00e0 17h<br \/>\nRel\u00e2ches\u00a0: 16, 18 et 22 mai \/ 5 et 26 juillet<br \/>\nTh\u00e9\u00e2tre le Ranelagh &#8211; 5 rue des vignes &#8211; 75016 Paris.<\/p>\n","protected":false},"excerpt":{"rendered":"<p>Trois chanteuses \u00e0 Paris\u00a0: une am\u00e9ricaine, une norv\u00e9gienne et une hollandaise, s\u00e9duisantes, spontan\u00e9es et talentueuses. Ces trois filles se retrouvent dans un club de jazz pour donner un concert. La blonde sensuelle, la brune sensible et la rousse piquante ont&#8230;<\/p>\n","protected":false},"author":2,"featured_media":0,"comment_status":"open","ping_status":"open","sticky":false,"template":"","format":"standard","meta":{"ngg_post_thumbnail":0,"jetpack_post_was_ever_published":false,"_jetpack_newsletter_access":"","footnotes":""},"categories":[49],"tags":[],"class_list":["post-15257","post","type-post","status-publish","format-standard","hentry","category-theatre"],"jetpack_featured_media_url":"","jetpack-related-posts":[{"id":25177,"url":"http:\/\/www.letourismeaparis.fr\/index.php\/2023\/05\/31\/gaby-deslys-au-theatre-de-passy-un-tres-bon-spectacle\/","url_meta":{"origin":15257,"position":0},"title":"Gaby Deslys au th\u00e9atre de Passy : un tr\u00e8s bon spectacle !","author":"Fabienne TM","date":"31 mai 2023","format":false,"excerpt":"\u00a0Ce spectacle musical nous fait revivre le destin exceptionnel de Gaby Deslys, qui allait enflammer la sc\u00e8ne internationale du Music-hall, de Paris, Londres, New-York. \u00a0Audacieuse et novatrice elle osa par son style inimitable, son chant et ses danses, bousculer les codes du music-hall de la belle \u00e9poque, et fut la\u2026","rel":"","context":"Dans &quot;Com\u00e9die Musicale&quot;","block_context":{"text":"Com\u00e9die Musicale","link":"http:\/\/www.letourismeaparis.fr\/index.php\/category\/spectacle\/comedie-musicale\/"},"img":{"alt_text":"","src":"https:\/\/i0.wp.com\/www.letourismeaparis.fr\/wp-content\/uploads\/2023\/05\/Capture-decran-2023-05-31-a-17.44.50.png?resize=350%2C200","width":350,"height":200},"classes":[]},{"id":22748,"url":"http:\/\/www.letourismeaparis.fr\/index.php\/2019\/04\/29\/une-comedie-musicale-la-boule-rouge\/","url_meta":{"origin":15257,"position":1},"title":"Une com\u00e9die musicale : LA BOULE ROUGE","author":"Fabienne TM","date":"29 avril 2019","format":false,"excerpt":"Une bonne soir\u00e9e pour un spectacle divertissant ! La com\u00e9die musicale LA BOULE ROUGE nous plonge dans le Paris des ann\u00e9es 20. Une \u00e9poque insouciante marqu\u00e9e par la volont\u00e9 d'oublier un pass\u00e9 meurtri par la guerre et l'envie de vivre pleinement chaque instant. Plongez au c\u0153ur du Paris des ann\u00e9es\u2026","rel":"","context":"Dans &quot;Non class\u00e9&quot;","block_context":{"text":"Non class\u00e9","link":"http:\/\/www.letourismeaparis.fr\/index.php\/category\/non-classe\/"},"img":{"alt_text":"","src":"","width":0,"height":0},"classes":[]},{"id":21279,"url":"http:\/\/www.letourismeaparis.fr\/index.php\/2018\/09\/29\/une-pepite-de-broadway-a-laffiche-de-mogador-chicago-le-musical\/","url_meta":{"origin":15257,"position":2},"title":"Une p\u00e9pite de Broadway \u00e0 l\u2019affiche de Mogador: Chicago Le Musical","author":"Fabienne TM","date":"29 septembre 2018","format":false,"excerpt":"CHICAGO est \u00e0 une pi\u00e8ce de th\u00e9\u00e2tre de 1926; le musical, quant \u00e0 lui, a \u00e9t\u00e9 cr\u00e9\u00e9 en juin 1975, il est trois auteurs intimement associ\u00e9s au musical et qui ont fait les beaux jours: John Kander, Fred Ebb et Bob Fosse. Le revival est depuis 1996 a l'affiche a\u2026","rel":"","context":"Dans &quot;Danse&quot;","block_context":{"text":"Danse","link":"http:\/\/www.letourismeaparis.fr\/index.php\/category\/spectacle\/danse\/"},"img":{"alt_text":"","src":"","width":0,"height":0},"classes":[]},{"id":26205,"url":"http:\/\/www.letourismeaparis.fr\/index.php\/2025\/05\/19\/betty-a-la-comedie-saint-michel\/","url_meta":{"origin":15257,"position":3},"title":"\u00ab\u00a0Betty\u00a0\u00bb \u00e0 la Com\u00e9die Saint-Michel","author":"Fabienne TM","date":"19 mai 2025","format":false,"excerpt":"Un spectacle divertissant tout public\u00a0! Une com\u00e9die musicale p\u00e9tillante sur fond de Jazz ! Une am\u00e9ricaine de New-york \u00a0arrive \u00e0 Paris \u00e0 l\u2019\u00e2ge de 20 ans. Elle n\u2019en est plus jamais repartie. Elle adore les Fran\u00e7ais et leur culture lib\u00e9r\u00e9e, ainsi que la beaut\u00e9 et l\u2019histoire de Paris. \u00a0Elle aime\u2026","rel":"","context":"Dans &quot;Th\u00e9atre&quot;","block_context":{"text":"Th\u00e9atre","link":"http:\/\/www.letourismeaparis.fr\/index.php\/category\/spectacle\/theatre\/"},"img":{"alt_text":"","src":"","width":0,"height":0},"classes":[]},{"id":159,"url":"http:\/\/www.letourismeaparis.fr\/index.php\/2008\/05\/10\/le-theatre-daunou-presente-une-comedie-musicale-tres-divertissante-pour-petits-et-grands\/","url_meta":{"origin":15257,"position":4},"title":"Le Th\u00e9atre Daunou pr\u00e9sente  une com\u00e9die musicale tr\u00e8s divertissante pour petits et grands","author":"Fabienne TM","date":"10 mai 2008","format":false,"excerpt":"PARIS ADVISOR LE TOURISME A PARIS A travers une histoire inspir\u00e9e de la vie de Jos\u00e9phine Baker et du chef d\u2019orchestre Jo Bouillon, son mari, mais aussi le p\u00e8re \u00ab adoptif \u00bb de douze enfants , voici un spectacle musical ,dont les chansons ont fait le tour du monde. THEATRE\u2026","rel":"","context":"Dans &quot;Non class\u00e9&quot;","block_context":{"text":"Non class\u00e9","link":"http:\/\/www.letourismeaparis.fr\/index.php\/category\/non-classe\/"},"img":{"alt_text":"","src":"","width":0,"height":0},"classes":[]},{"id":10042,"url":"http:\/\/www.letourismeaparis.fr\/index.php\/2011\/04\/08\/destination-woodstock-un-spectacle-musical-au-theatre-de-menilmontant\/","url_meta":{"origin":15257,"position":5},"title":"Destination Woodstock : un spectacle musical  au Th\u00e9\u00e2tre de M\u00e9nilmontant","author":"Fabienne TM","date":"8 avril 2011","format":false,"excerpt":"jusqu'au samedi 9 avril 2011 \u00e0 21 h Destination Woodstock, c\u2019est 2h de concert live o\u00f9 le groupe interpr\u00e8te ses plus grands succ\u00e8s . Les Beatles, Rolling Stones, Doors, Kinks, Animals, Who, Creedence, Donovan, Bob Dylan, Crosby\/Stills\/Nash & Young et d\u2019autres encore sont dans l\u2019air . Rendez-vous au Th\u00e9\u00e2tre Menilmontant\u2026","rel":"","context":"Dans &quot;Non class\u00e9&quot;","block_context":{"text":"Non class\u00e9","link":"http:\/\/www.letourismeaparis.fr\/index.php\/category\/non-classe\/"},"img":{"alt_text":"","src":"","width":0,"height":0},"classes":[]}],"jetpack_sharing_enabled":true,"jetpack_likes_enabled":true,"_links":{"self":[{"href":"http:\/\/www.letourismeaparis.fr\/index.php\/wp-json\/wp\/v2\/posts\/15257","targetHints":{"allow":["GET"]}}],"collection":[{"href":"http:\/\/www.letourismeaparis.fr\/index.php\/wp-json\/wp\/v2\/posts"}],"about":[{"href":"http:\/\/www.letourismeaparis.fr\/index.php\/wp-json\/wp\/v2\/types\/post"}],"author":[{"embeddable":true,"href":"http:\/\/www.letourismeaparis.fr\/index.php\/wp-json\/wp\/v2\/users\/2"}],"replies":[{"embeddable":true,"href":"http:\/\/www.letourismeaparis.fr\/index.php\/wp-json\/wp\/v2\/comments?post=15257"}],"version-history":[{"count":0,"href":"http:\/\/www.letourismeaparis.fr\/index.php\/wp-json\/wp\/v2\/posts\/15257\/revisions"}],"wp:attachment":[{"href":"http:\/\/www.letourismeaparis.fr\/index.php\/wp-json\/wp\/v2\/media?parent=15257"}],"wp:term":[{"taxonomy":"category","embeddable":true,"href":"http:\/\/www.letourismeaparis.fr\/index.php\/wp-json\/wp\/v2\/categories?post=15257"},{"taxonomy":"post_tag","embeddable":true,"href":"http:\/\/www.letourismeaparis.fr\/index.php\/wp-json\/wp\/v2\/tags?post=15257"}],"curies":[{"name":"wp","href":"https:\/\/api.w.org\/{rel}","templated":true}]}}