{"id":15265,"date":"2014-06-08T16:39:26","date_gmt":"2014-06-08T16:39:26","guid":{"rendered":"http:\/\/www.letourismeaparis.fr\/?p=15265"},"modified":"2014-06-08T16:39:26","modified_gmt":"2014-06-08T16:39:26","slug":"roland-garros-retransmissions-sur-ecran-geant-au-champ-de-mars","status":"publish","type":"post","link":"http:\/\/www.letourismeaparis.fr\/index.php\/2014\/06\/08\/roland-garros-retransmissions-sur-ecran-geant-au-champ-de-mars\/","title":{"rendered":"ROLAND GARROS  :retransmissions sur \u00e9cran g\u00e9ant  au Champ de Mars"},"content":{"rendered":"<h4>Cette ann\u00e9e \u00ab\u00a0la terrasse\u00a0\u00bb sera install\u00e9e au pied de la Tour Eiffel ! Roland Garros \u00e0 Auteuil et au champ de mars c&rsquo;est du 25 mai au 8 juin !<\/h4>\n<p>Un \u00e9cran g\u00e9ant de plus de 55m2\u00a0 permettra de suivre les matchs en direct depuis une terrasse g\u00e9ante \u00e9quip\u00e9e de transats, chaises et parasols\u2026 Avis aux sportifs\u00a0!\u00a0<a href=\"http:\/\/www.letourismeaparis.fr\/wp-content\/uploads\/2014\/05\/rgr_sp_00000g9.png\"><img loading=\"lazy\" decoding=\"async\" class=\"alignleft size-medium wp-image-15266\" src=\"http:\/\/www.letourismeaparis.fr\/wp-content\/uploads\/2014\/05\/rgr_sp_00000g9-200x300.png\" alt=\"rgr_sp_00000g9\" width=\"200\" height=\"300\" \/><\/a><br \/>\n&nbsp;<br \/>\nUn court de tennis en terre battue sera ouvert au grand public sur r\u00e9servation de 12h \u00e0 19h (location de mat\u00e9riel possible sur place).<br \/>\n&nbsp;<br \/>\n<!--more-->Venez mesurer la vitesse de votre service au\u00a0<em>Smash Corner Longines<\/em>\u00a0!<br \/>\n&nbsp;<br \/>\nS\u00e9lectionn\u00e9s \u00e0 travers diff\u00e9rents pays du monde, seize joueurs \u00e2g\u00e9s de moins de treize ans disputeront le tournoi\u00a0<em>Longines Future Tennis Aces<\/em>. Ce tournoi est un v\u00e9ritable tremplin pour ces jeunes espoirs du tennis mondial qui tenteront de se qualifier durant les 29 et 30 mai pour acc\u00e9der \u00e0 la finale que se disputera le samedi 31 mai. La joueuse Marion Bartoli accompagnera cette ann\u00e9e les jeunes joueuses.<br \/>\n&nbsp;<\/p>\n","protected":false},"excerpt":{"rendered":"<p>Cette ann\u00e9e \u00ab\u00a0la terrasse\u00a0\u00bb sera install\u00e9e au pied de la Tour Eiffel ! Roland Garros \u00e0 Auteuil et au champ de mars c&rsquo;est du 25 mai au 8 juin ! Un \u00e9cran g\u00e9ant de plus de 55m2\u00a0 permettra de suivre&#8230;<\/p>\n","protected":false},"author":2,"featured_media":0,"comment_status":"open","ping_status":"open","sticky":false,"template":"","format":"standard","meta":{"ngg_post_thumbnail":0,"jetpack_post_was_ever_published":false,"_jetpack_newsletter_access":"","footnotes":""},"categories":[48],"tags":[],"class_list":["post-15265","post","type-post","status-publish","format-standard","hentry","category-sport"],"jetpack_featured_media_url":"","jetpack-related-posts":[{"id":11764,"url":"http:\/\/www.letourismeaparis.fr\/index.php\/2012\/06\/08\/roland-garros-sur-ecran-geant-place-de-lhotel-de-ville\/","url_meta":{"origin":15265,"position":0},"title":"Roland Garros sur \u00e9cran g\u00e9ant  place de l&#039;h\u00f4tel de ville","author":"Fabienne TM","date":"8 juin 2012","format":false,"excerpt":"Roland Garros dans la ville\" est de retour sur le parvis de l'H\u00f4tel de ville\u00a0 ; vous \u00eates invit\u00e9s sur une \u00e9norme terrasse o\u00f9 transats, chaises et parasols vous accueillent pour voir les matches de tennis du grand chelem sur \u00e9cran g\u00e9ant XXL\u00a0 jusqu'au 10 juin 2012. Cette ann\u00e9e encore,\u2026","rel":"","context":"Dans &quot;Non class\u00e9&quot;","block_context":{"text":"Non class\u00e9","link":"http:\/\/www.letourismeaparis.fr\/index.php\/category\/non-classe\/"},"img":{"alt_text":"","src":"","width":0,"height":0},"classes":[]},{"id":16750,"url":"http:\/\/www.letourismeaparis.fr\/index.php\/2015\/05\/29\/le-tennis-est-aussi-au-pied-de-la-tour-eiffel-avec-roland-garros\/","url_meta":{"origin":15265,"position":1},"title":"Le tennis  est aussi au pied de la Tour Eiffel avec Roland Garros","author":"Fabienne TM","date":"29 mai 2015","format":false,"excerpt":"Parce que Paris et Roland-Garros(Porte d'Auteuil) sont indissociables, le tennis prend cette ann\u00e9e encore ses aises au pied de la tour Eiffel, sur le Champ-de-Mars. Tout au long de la quinzaine, passionn\u00e9s de balle jaune et simples badauds peuvent y suivre les matchs des Internationaux de France en direct sur\u2026","rel":"","context":"Dans &quot;Non class\u00e9&quot;","block_context":{"text":"Non class\u00e9","link":"http:\/\/www.letourismeaparis.fr\/index.php\/category\/non-classe\/"},"img":{"alt_text":"","src":"","width":0,"height":0},"classes":[]},{"id":3177,"url":"http:\/\/www.letourismeaparis.fr\/index.php\/2009\/06\/07\/finale-de-roland-garros-sur-ecran-geant-a-lhotel-de-ville-le-7-juin-entree-libre\/","url_meta":{"origin":15265,"position":2},"title":"Finale de Roland Garros sur \u00e9cran g\u00e9ant \u00e0 l&#039;H\u00f4tel de Ville le 7 juin (entr\u00e9e libre !)","author":"Fabienne TM","date":"7 juin 2009","format":false,"excerpt":"Les passionn\u00e9s de tennis pourront voir sur \u00e9cran g\u00e9ant la finale\u00a0 homme de Roland Garros sur le parvis de l'H\u00f4tel de Ville. Jusqu'\u00e0 dimanche vous pourrez jouer sur terre battue (r\u00e9servation sur place le jour m\u00eame, ouvert jusqu'\u00e0 19h30) sur le court\u00a0 face \u00e0 une tribune garnie de spectateurs. Gratuit","rel":"","context":"Dans &quot;Non class\u00e9&quot;","block_context":{"text":"Non class\u00e9","link":"http:\/\/www.letourismeaparis.fr\/index.php\/category\/non-classe\/"},"img":{"alt_text":"","src":"","width":0,"height":0},"classes":[]},{"id":10405,"url":"http:\/\/www.letourismeaparis.fr\/index.php\/2011\/05\/30\/roland-garros-en-direct-place-de-lhotel-de-ville-a-partir-du-30-mai\/","url_meta":{"origin":15265,"position":3},"title":"Roland-Garros en direct Place de l&#039;H\u00f4tel de ville \u00e0 partir du 30 mai","author":"Fabienne TM","date":"30 mai 2011","format":false,"excerpt":"Roland-Garros sur grand \u00e9cran \u00e0 l\u2019H\u00f4tel de Ville du samedi 30 mai au dimanche 7 juin. un court de tennis en terre battue sera install\u00e9 sur le parvis de l\u2019H\u00f4tel de Ville \u00e0 Paris. Des exhibitions seront pr\u00e9vues sur ce court et on pourra aussi jouer. l\u2019op\u00e9ration a pr\u00e9vu de\u2026","rel":"","context":"Dans &quot;Non class\u00e9&quot;","block_context":{"text":"Non class\u00e9","link":"http:\/\/www.letourismeaparis.fr\/index.php\/category\/non-classe\/"},"img":{"alt_text":"","src":"","width":0,"height":0},"classes":[]},{"id":10382,"url":"http:\/\/www.letourismeaparis.fr\/index.php\/2011\/05\/29\/les-evenements-roland-garros-les-internationaux-de-france\/","url_meta":{"origin":15265,"position":4},"title":"Les \u00e9v\u00e8nements Roland-Garros : LES INTERNATIONAUX DE FRANCE","author":"Fabienne TM","date":"29 mai 2011","format":false,"excerpt":"voici des informations compl\u00e9mentaires \u00e0 l \u2019\u00e9v\u00e9nement tennistique incontournable en France depuis 1925. Les visiteurs du soir jusqu'au 29 mai 2011 Les \u00ab Visiteurs du soir\u00bb changent cette ann\u00e9e. Les billets donnant acc\u00e8s \u00e0 cette op\u00e9ration sont exclusivement vendus en ligne la veille \u00e0 partir de 17h en proposant deux\u2026","rel":"","context":"Dans &quot;Non class\u00e9&quot;","block_context":{"text":"Non class\u00e9","link":"http:\/\/www.letourismeaparis.fr\/index.php\/category\/non-classe\/"},"img":{"alt_text":"","src":"","width":0,"height":0},"classes":[]},{"id":3082,"url":"http:\/\/www.letourismeaparis.fr\/index.php\/2009\/06\/01\/roland-garros-sur-ecran-geant-en-direct-du-parvis-de-lhotel-de-ville\/","url_meta":{"origin":15265,"position":5},"title":"Roland-Garros sur \u00e9cran g\u00e9ant en direct du parvis de l&#039;H\u00f4tel de Ville","author":"Fabienne TM","date":"1 juin 2009","format":false,"excerpt":"Les Internationaux de France\u00a0 sur le parvis de l\u2019H\u00f4tel de Ville de Paris jusqu'au 7 juin !\u00a0 Un \u00e9cran g\u00e9ant de 55m\u00b2 est\u00a0 install\u00e9 sur le parvis pour suivre tous les matches \u00e0 partir des quarts de finale.Ambiance garantie ! Des \u00e9changes ont lieu sur ce court ;les services seront\u2026","rel":"","context":"Dans &quot;Non class\u00e9&quot;","block_context":{"text":"Non class\u00e9","link":"http:\/\/www.letourismeaparis.fr\/index.php\/category\/non-classe\/"},"img":{"alt_text":"","src":"","width":0,"height":0},"classes":[]}],"jetpack_sharing_enabled":true,"jetpack_likes_enabled":true,"_links":{"self":[{"href":"http:\/\/www.letourismeaparis.fr\/index.php\/wp-json\/wp\/v2\/posts\/15265","targetHints":{"allow":["GET"]}}],"collection":[{"href":"http:\/\/www.letourismeaparis.fr\/index.php\/wp-json\/wp\/v2\/posts"}],"about":[{"href":"http:\/\/www.letourismeaparis.fr\/index.php\/wp-json\/wp\/v2\/types\/post"}],"author":[{"embeddable":true,"href":"http:\/\/www.letourismeaparis.fr\/index.php\/wp-json\/wp\/v2\/users\/2"}],"replies":[{"embeddable":true,"href":"http:\/\/www.letourismeaparis.fr\/index.php\/wp-json\/wp\/v2\/comments?post=15265"}],"version-history":[{"count":0,"href":"http:\/\/www.letourismeaparis.fr\/index.php\/wp-json\/wp\/v2\/posts\/15265\/revisions"}],"wp:attachment":[{"href":"http:\/\/www.letourismeaparis.fr\/index.php\/wp-json\/wp\/v2\/media?parent=15265"}],"wp:term":[{"taxonomy":"category","embeddable":true,"href":"http:\/\/www.letourismeaparis.fr\/index.php\/wp-json\/wp\/v2\/categories?post=15265"},{"taxonomy":"post_tag","embeddable":true,"href":"http:\/\/www.letourismeaparis.fr\/index.php\/wp-json\/wp\/v2\/tags?post=15265"}],"curies":[{"name":"wp","href":"https:\/\/api.w.org\/{rel}","templated":true}]}}