{"id":15274,"date":"2014-06-08T17:00:15","date_gmt":"2014-06-08T17:00:15","guid":{"rendered":"http:\/\/www.letourismeaparis.fr\/?p=15274"},"modified":"2014-06-08T17:00:15","modified_gmt":"2014-06-08T17:00:15","slug":"musique-theatre-danse-du-31-mai-au-11-juin-spectacles-gratuits","status":"publish","type":"post","link":"http:\/\/www.letourismeaparis.fr\/index.php\/2014\/06\/08\/musique-theatre-danse-du-31-mai-au-11-juin-spectacles-gratuits\/","title":{"rendered":"MUSIQUE, THEATRE, DANSE du 31 mai au 11 juin : spectacles gratuits"},"content":{"rendered":"<p>&nbsp;<br \/>\n<strong>ONZE BOUGE<\/strong>\u00a0est un festival unique qui se d\u00e9marque par son\u00a0<strong>engagement artistique<\/strong>, sa volont\u00e9 de\u00a0<strong>soutenir la cr\u00e9ation<\/strong>,, Onze Bouge offre\u00a0un croisement culturel entre la musique, la danse, le th\u00e9\u00e2tre et les arts de la rue.<!--more-->Cette ann\u00e9e encore, nous vous invitons \u00e0 d\u00e9couvrir des spectacles originaux et \u00e0 aller \u00e0 la rencontre d\u2019auteurs et d\u2019artistes qui m\u00e9ritent d\u2019\u00eatre d\u00e9couverts.<br \/>\n&nbsp;<br \/>\nPour assister aux spectacles d\u2019Onze Bouge, il est indispensable de retirer son billet.<br \/>\n<strong>AU KIOSQUE 11<\/strong><br \/>\n<strong>Place L\u00e9on Blum, devant la mairie du 11<sup>e<\/sup><\/strong><strong>\u00a0<\/strong><strong>arrondissement.<\/strong><br \/>\nAu kiosque du festival, les billets gratuits sont d\u00e9livr\u00e9s \u00e0 partir de 4 jours avant chaque spectacle.<br \/>\n&nbsp;<br \/>\n<strong>SUR INTERNET<\/strong><br \/>\n<strong>Aller dans l&rsquo;onglet \u00ab\u00a0<a href=\"http:\/\/festivalonze.org\/billetterie\">Billetterie<\/a>\u00a0\u00bb\u00a0<\/strong><br \/>\nTous les billets sont disponibles \u00e0 partir du 27 mai.<br \/>\n(2 euros de frais de billetterie)<br \/>\n&nbsp;<br \/>\n<a href=\"http:\/\/www.festivalonze.org\/\">http:\/\/www.festivalonze.org\/<\/a><\/p>\n","protected":false},"excerpt":{"rendered":"<p>&nbsp; ONZE BOUGE\u00a0est un festival unique qui se d\u00e9marque par son\u00a0engagement artistique, sa volont\u00e9 de\u00a0soutenir la cr\u00e9ation,, Onze Bouge offre\u00a0un croisement culturel entre la musique, la danse, le th\u00e9\u00e2tre et les arts de la rue.<\/p>\n","protected":false},"author":2,"featured_media":0,"comment_status":"open","ping_status":"open","sticky":false,"template":"","format":"standard","meta":{"ngg_post_thumbnail":0,"jetpack_post_was_ever_published":false,"_jetpack_newsletter_access":"","footnotes":""},"categories":[1],"tags":[],"class_list":["post-15274","post","type-post","status-publish","format-standard","hentry","category-non-classe"],"jetpack_featured_media_url":"","jetpack-related-posts":[{"id":11711,"url":"http:\/\/www.letourismeaparis.fr\/index.php\/2012\/05\/25\/festival-onze-bouge-2012-du-2-au-10-juin\/","url_meta":{"origin":15274,"position":0},"title":"Festival Onze Bouge 2012  du 2 au 10 juin","author":"Fabienne TM","date":"25 mai 2012","format":false,"excerpt":"Festival Onze Bouge 2012 Du 2 au 10 juin, le festival pluridisciplinaire de la cr\u00e9ation artistique de Paris vous donne rendez-vous pour sa 16e \u00e9dition. Au programme : Musique, Th\u00e9\u00e2tre, Danse et Arts de la rue ; une trentaine de spectacles gratuits en ext\u00e9rieur et en salle. http:\/\/www.festivalonze.org\/","rel":"","context":"Dans &quot;Non class\u00e9&quot;","block_context":{"text":"Non class\u00e9","link":"http:\/\/www.letourismeaparis.fr\/index.php\/category\/non-classe\/"},"img":{"alt_text":"","src":"","width":0,"height":0},"classes":[]},{"id":19890,"url":"http:\/\/www.letourismeaparis.fr\/index.php\/2017\/05\/23\/paris-fringe-le-1er-festival-international-de-theatre-en-anglais-a-paris\/","url_meta":{"origin":15274,"position":1},"title":"Paris Fringe : le 1er Festival International de Th\u00e9\u00e2tre en anglais \u00e0 Paris","author":"Fabienne TM","date":"23 mai 2017","format":false,"excerpt":", Paris Fringe jusqu' au 28 mai 2017 dans plusieurs salles de th\u00e9\u00e2tres et lieux insolites. Paris Fringe pr\u00e9sentera le travail de compagnies bas\u00e9es en France ainsi que de compagnies venues d\u2019autres horizons tels que l\u2019Afrique du Sud, Singapour et le Canada, l\u2019accent \u00e9tant mis sur des approches originales du\u2026","rel":"","context":"Dans &quot;Spectacle&quot;","block_context":{"text":"Spectacle","link":"http:\/\/www.letourismeaparis.fr\/index.php\/category\/spectacle\/"},"img":{"alt_text":"","src":"https:\/\/i0.wp.com\/www.letourismeaparis.fr\/wp-content\/uploads\/2017\/05\/Capture-d%C3%A2%C2%80%C2%99e%C3%8C%C2%81cran-2017-05-23-a%C3%8C%C2%80-11.27.35-227x300.png?resize=350%2C200","width":350,"height":200},"classes":[]},{"id":20961,"url":"http:\/\/www.letourismeaparis.fr\/index.php\/2018\/05\/04\/tous-a-lopera\/","url_meta":{"origin":15274,"position":2},"title":"Tous \u00e0 l&#039;Op\u00e9ra !","author":"Fabienne TM","date":"4 mai 2018","format":false,"excerpt":"21 maisons d\u2019op\u00e9ra dont 3 en PACA vous ouvrent leurs portes gratuitement . Op\u00e9ra national de Paris Programme du samedi 5 mai De 10h \u00e0 17h : entr\u00e9e libre et gratuite* au Palais Garnier Entr\u00e9e par la Fa\u00e7ade 11h - 13h et 14h30 - 17h Rotonde du Glacier \u00a0 Atelier\u2026","rel":"","context":"Dans &quot;Actualit\u00e9s&quot;","block_context":{"text":"Actualit\u00e9s","link":"http:\/\/www.letourismeaparis.fr\/index.php\/category\/actualite\/"},"img":{"alt_text":"","src":"","width":0,"height":0},"classes":[]},{"id":20812,"url":"http:\/\/www.letourismeaparis.fr\/index.php\/2018\/02\/16\/mon-premier-festival-dopera-lopera-comique\/","url_meta":{"origin":15274,"position":3},"title":"\u00ab Mon premier festival d\u2019op\u00e9ra \u00bb, \u00c0 L&#039;OP\u00c9RA COMIQUE","author":"Fabienne TM","date":"16 f\u00e9vrier 2018","format":false,"excerpt":"\u00a0 Du 23 f\u00e9vrier au 11 mars, l\u2019Op\u00e9ra Comique se met au rythme des familles et propose \u00ab Mon premier festival d\u2019op\u00e9ra \u00bb, \u00e0 destination des enfants \u00e0 partir de 8 ans. Eveiller la curiosit\u00e9 et transmettre aux enfants et leurs parents le go\u00fbt du spectacle vivant, de la musique\u2026","rel":"","context":"Dans &quot;Familles&quot;","block_context":{"text":"Familles","link":"http:\/\/www.letourismeaparis.fr\/index.php\/category\/familles\/"},"img":{"alt_text":"","src":"","width":0,"height":0},"classes":[]},{"id":19789,"url":"http:\/\/www.letourismeaparis.fr\/index.php\/2017\/05\/04\/festival-international-de-theatre-en-anglais-1828-mai\/","url_meta":{"origin":15274,"position":4},"title":"Festival international de th\u00e9atre en anglais 18\/28 mai","author":"Fabienne TM","date":"4 mai 2017","format":false,"excerpt":"Fort du succ\u00e8s et de l'\u00e9loge de la critique obtenus l'ann\u00e9e derni\u00e8re, Paris Fringe est de retour du 18 au 28 mai 2017 dans plusieurs salles de th\u00e9\u00e2tres et lieux insolites.\u00a0 Paris Fringe pr\u00e9sentera le travail de compagnies bas\u00e9es en France ainsi que de compagnies venues d'autres horizons tels que\u2026","rel":"","context":"Dans &quot;Th\u00e9atre&quot;","block_context":{"text":"Th\u00e9atre","link":"http:\/\/www.letourismeaparis.fr\/index.php\/category\/spectacle\/theatre\/"},"img":{"alt_text":"","src":"https:\/\/i0.wp.com\/www.letourismeaparis.fr\/wp-content\/uploads\/2017\/05\/Capture-d%C3%A2%C2%80%C2%99e%C3%8C%C2%81cran-2017-05-04-a%C3%8C%C2%80-17.11.16-214x300.png?resize=350%2C200","width":350,"height":200},"classes":[]},{"id":15562,"url":"http:\/\/www.letourismeaparis.fr\/index.php\/2014\/09\/02\/la-defense-tours-circus-2014-4e-edition-du-festival-des-arts-de-la-rue-et-du-cirque-de-la-defense\/","url_meta":{"origin":15274,"position":5},"title":"LA DEFENSE &#8211; TOURS CIRCUS 2014     4e \u00e9dition du Festival des arts de la rue et du cirque de La D\u00e9fense","author":"Fabienne TM","date":"2 septembre 2014","format":false,"excerpt":"Les 4, 5 et 6 septembre sur le parvis de La D\u00e9fense La D\u00e9fense va vivre pendant trois jours au rythme de la 4e \u00e9dition de La D\u00e9fense - Tours Circus, le festival gratuit des arts de la rue et du cirque, organis\u00e9 sur le parvis de La D\u00e9fense par\u2026","rel":"","context":"Dans &quot;Familles&quot;","block_context":{"text":"Familles","link":"http:\/\/www.letourismeaparis.fr\/index.php\/category\/familles\/"},"img":{"alt_text":"","src":"","width":0,"height":0},"classes":[]}],"jetpack_sharing_enabled":true,"jetpack_likes_enabled":true,"_links":{"self":[{"href":"http:\/\/www.letourismeaparis.fr\/index.php\/wp-json\/wp\/v2\/posts\/15274","targetHints":{"allow":["GET"]}}],"collection":[{"href":"http:\/\/www.letourismeaparis.fr\/index.php\/wp-json\/wp\/v2\/posts"}],"about":[{"href":"http:\/\/www.letourismeaparis.fr\/index.php\/wp-json\/wp\/v2\/types\/post"}],"author":[{"embeddable":true,"href":"http:\/\/www.letourismeaparis.fr\/index.php\/wp-json\/wp\/v2\/users\/2"}],"replies":[{"embeddable":true,"href":"http:\/\/www.letourismeaparis.fr\/index.php\/wp-json\/wp\/v2\/comments?post=15274"}],"version-history":[{"count":0,"href":"http:\/\/www.letourismeaparis.fr\/index.php\/wp-json\/wp\/v2\/posts\/15274\/revisions"}],"wp:attachment":[{"href":"http:\/\/www.letourismeaparis.fr\/index.php\/wp-json\/wp\/v2\/media?parent=15274"}],"wp:term":[{"taxonomy":"category","embeddable":true,"href":"http:\/\/www.letourismeaparis.fr\/index.php\/wp-json\/wp\/v2\/categories?post=15274"},{"taxonomy":"post_tag","embeddable":true,"href":"http:\/\/www.letourismeaparis.fr\/index.php\/wp-json\/wp\/v2\/tags?post=15274"}],"curies":[{"name":"wp","href":"https:\/\/api.w.org\/{rel}","templated":true}]}}