{"id":15305,"date":"2014-06-25T18:30:44","date_gmt":"2014-06-25T18:30:44","guid":{"rendered":"http:\/\/www.letourismeaparis.fr\/?p=15305"},"modified":"2020-12-01T13:49:09","modified_gmt":"2020-12-01T12:49:09","slug":"la-franche-comte-vous-attend-vendredi-27-juin-place-denfert-roochereau","status":"publish","type":"post","link":"http:\/\/www.letourismeaparis.fr\/index.php\/2014\/06\/25\/la-franche-comte-vous-attend-vendredi-27-juin-place-denfert-roochereau\/","title":{"rendered":"La Franche Comt\u00e9 vous attend  vendredi 27 juin , place Denfert Rochereau"},"content":{"rendered":"<p>Le Comit\u00e9 R\u00e9gional du Tourisme de Franche-Comt\u00e9 vient \u00e0 la rencontre des Parisiens et les invite \u00e0 d\u00e9couvrir son offre de tourisme culturel et urbain en leur faisant gagner des lots, dont un week-end en d\u00e9part imm\u00e9diat pour la r\u00e9gion.<a href=\"http:\/\/www.letourismeaparis.fr\/wp-content\/uploads\/2014\/06\/horloge.jpeg\"><img loading=\"lazy\" decoding=\"async\" class=\"aligncenter size-medium wp-image-15307\" src=\"http:\/\/www.letourismeaparis.fr\/wp-content\/uploads\/2014\/06\/horloge-300x225.jpeg\" alt=\"horloge\" width=\"300\" height=\"225\" \/><\/a><!--more--><br \/>\n&nbsp;<br \/>\nRendez-vous est donn\u00e9 \u00e0 tous, vendredi 27 juin de 11h \u00e0 17h, place Denfert Rochereau, pour venir d\u00e9couvrir la r\u00e9gion et l\u2019horloge magique de Franche-Comt\u00e9.<br \/>\n&nbsp;<br \/>\nCRT Franche-Comt\u00e9<br \/>\n04 72 40 54 12<\/p>\n","protected":false},"excerpt":{"rendered":"<p>Le Comit\u00e9 R\u00e9gional du Tourisme de Franche-Comt\u00e9 vient \u00e0 la rencontre des Parisiens et les invite \u00e0 d\u00e9couvrir son offre de tourisme culturel et urbain en leur faisant gagner des lots, dont un week-end en d\u00e9part imm\u00e9diat pour la r\u00e9gion.<\/p>\n","protected":false},"author":2,"featured_media":0,"comment_status":"open","ping_status":"open","sticky":false,"template":"","format":"standard","meta":{"ngg_post_thumbnail":0,"jetpack_post_was_ever_published":false,"_jetpack_newsletter_access":"","footnotes":""},"categories":[11],"tags":[],"class_list":["post-15305","post","type-post","status-publish","format-standard","hentry","category-bon-plan"],"jetpack_featured_media_url":"","jetpack-related-posts":[{"id":16733,"url":"http:\/\/www.letourismeaparis.fr\/index.php\/2015\/05\/27\/venez-decouvrir-la-franche-comte-vendredi-29-mai-place-de-la-bastille-gagnez-des-sejours-de-vacances\/","url_meta":{"origin":15305,"position":0},"title":"Venez d\u00e9couvrir la Franche comt\u00e9 vendredi 29 mai, place de la Bastille,  gagnez des s\u00e9jours de vacances !","author":"Fabienne TM","date":"27 mai 2015","format":false,"excerpt":"En ce printemps 2015, la Franche-Comt\u00e9 poursuit son op\u00e9ration s\u00e9duction et lance\u00a0une grande campagne de communication : le Franche-Comt\u00e9 Experience Tour.\u00a0Voir, sentir, toucher, entendre, go\u00fbter\u2026 Les parisiens sont invit\u00e9s le 29 mai , place de la Bastille, pour\u00a0d\u00e9couvrir, au travers des 5 sens, la Franche-Comt\u00e9 et \u00e0 gagner des s\u00e9jours\u2026","rel":"","context":"Dans &quot;Bons Plans&quot;","block_context":{"text":"Bons Plans","link":"http:\/\/www.letourismeaparis.fr\/index.php\/category\/bon-plan\/"},"img":{"alt_text":"","src":"","width":0,"height":0},"classes":[]},{"id":8618,"url":"http:\/\/www.letourismeaparis.fr\/index.php\/2010\/09\/20\/la-techno-parade-samedi-25-septembre-repetition-la-veille\/","url_meta":{"origin":15305,"position":1},"title":"La &quot;Techno Parade&quot;, samedi 25 septembre (r\u00e9p\u00e9tition la veille !)","author":"Fabienne TM","date":"20 septembre 2010","format":false,"excerpt":"Pour sa 12\u00e8me \u00e9dition la Techno Parade partira \u00e0 13h de la place Denfert-Rochereau, pour ensuite emprunter l\u2019avenue Denfert-Rochereau, le boulevard Saint Michel avant de tourner sur le boulevard Saint Germain, de franchir la Seine sur le pont de Sully pour terminer sur la place de la Bastille. Vous \u00eates\u2026","rel":"","context":"Dans &quot;Non class\u00e9&quot;","block_context":{"text":"Non class\u00e9","link":"http:\/\/www.letourismeaparis.fr\/index.php\/category\/non-classe\/"},"img":{"alt_text":"","src":"","width":0,"height":0},"classes":[]},{"id":7246,"url":"http:\/\/www.letourismeaparis.fr\/index.php\/2010\/03\/27\/les-nuits-des-planetes-a-lobservatoire-de-paris\/","url_meta":{"origin":15305,"position":2},"title":"&quot;Les Nuits des plan\u00e8tes&quot; \u00e0 l\u2019Observatoire de Paris","author":"Fabienne TM","date":"27 mars 2010","format":false,"excerpt":"\"Les Nuits des plan\u00e8tes\" \u00e0 l\u2019Observatoire de Paris jusqu'au 28 mars, l\u2019Observatoire de Paris organise \u00ab les Nuits des plan\u00e8tes \u00bb, une manifestation destin\u00e9e \u00e0 faire d\u00e9couvrir au public le ciel nocturne sur des instruments performants avec des astronomes professionnels. \u2026 des observations libres de la Lune, des plan\u00e8tes, \u00e9toiles\u2026","rel":"","context":"Dans &quot;Non class\u00e9&quot;","block_context":{"text":"Non class\u00e9","link":"http:\/\/www.letourismeaparis.fr\/index.php\/category\/non-classe\/"},"img":{"alt_text":"","src":"","width":0,"height":0},"classes":[]},{"id":13334,"url":"http:\/\/www.letourismeaparis.fr\/index.php\/2013\/07\/23\/une-idee-pour-le-week-end-de-la-pentecote-decouvrir-la-franche-comte\/","url_meta":{"origin":15305,"position":3},"title":"Une id\u00e9e pour les Week end  : d\u00e9couvrir la Franche Comt\u00e9","author":"Fabienne TM","date":"23 juillet 2013","format":false,"excerpt":"Ayant su conserver ses richesses historiques et pr\u00e9server ses paysages, la Franche-Comt\u00e9 s\u2019offre aux voyageurs qui savent pousser les portes et gravir les montagnes ! Elle est\u00a0 d\u00e9sormais proche de Paris, gr\u00e2ce au TGV ! Vous d\u00e9couvrirez : Montb\u00e9liard :Entre le Parc Naturel R\u00e9gional du Ballon des Vosges et les\u2026","rel":"","context":"Dans &quot;Festivals \/ Manifestations&quot;","block_context":{"text":"Festivals \/ Manifestations","link":"http:\/\/www.letourismeaparis.fr\/index.php\/category\/spectacle\/festival\/"},"img":{"alt_text":"","src":"","width":0,"height":0},"classes":[]},{"id":13669,"url":"http:\/\/www.letourismeaparis.fr\/index.php\/2013\/07\/17\/des-idees-pour-les-vacances-en-franche-comte-avec-leurovelo-6-pour-ceux-qui-suivent-le-tour-de-france\/","url_meta":{"origin":15305,"position":4},"title":"Des id\u00e9es pour les vacances en Franche- comt\u00e9  avec l\u2019EuroV\u00e9lo 6, pour ceux qui suivent le Tour de France &#8230;&#8230;","author":"Fabienne TM","date":"17 juillet 2013","format":false,"excerpt":"Paysage verdoyant, pistes cyclables bien balis\u00e9es, avec l\u2019EuroV\u00e9lo 6, la travers\u00e9e de la Franche-Comt\u00e9 \u00e0 deux roues est appr\u00e9ci\u00e9e du plus grand nombre, particuli\u00e8rement entre Besan\u00e7on et Baume-les-Dames. De Dole \u00e0 B\u00e2le, de la Franche-Comt\u00e9 \u00e0 la Suisse, l\u2019itin\u00e9raire de l\u2019EuroV\u00e9lo 6 traverse la magnifique vall\u00e9e du Doubs, qui rec\u00e8le\u2026","rel":"","context":"Dans &quot;Sport&quot;","block_context":{"text":"Sport","link":"http:\/\/www.letourismeaparis.fr\/index.php\/category\/sport\/"},"img":{"alt_text":"","src":"","width":0,"height":0},"classes":[]},{"id":15064,"url":"http:\/\/www.letourismeaparis.fr\/index.php\/2014\/04\/18\/la-citadelle-de-besancon-2h34-de-paris-decouvrez-ce-chef-doeuvre-de-vauban\/","url_meta":{"origin":15305,"position":5},"title":"La citadelle de Besan\u00e7on \u00e0 2h34 de Paris en TGV ! D\u00e9couvrez ce chef d&#039;oeuvre de Vauban un week-end&#8230;.","author":"Fabienne TM","date":"18 avril 2014","format":false,"excerpt":"Ouverte au public depuis plus de 50 ans,\u00a0\u0153uvre majeure de Vauban inscrite depuis 2008 sur la liste du Patrimoine mondial de l'UNESCO, la Citadelle\u00a0vous invite \u00e0 d\u00e9couvrir son b\u00e2ti remarquablement restaur\u00e9 mais aussi ses trois Mus\u00e9es http:\/\/bit.ly\/Q78gxvle tout dans un d\u00e9cor de collines fortifi\u00e9es et d\u2019\u00e0-pic impressionnants. Erig\u00e9e depuis plus\u2026","rel":"","context":"Dans &quot;Bons Plans&quot;","block_context":{"text":"Bons Plans","link":"http:\/\/www.letourismeaparis.fr\/index.php\/category\/bon-plan\/"},"img":{"alt_text":"","src":"","width":0,"height":0},"classes":[]}],"jetpack_sharing_enabled":true,"jetpack_likes_enabled":true,"_links":{"self":[{"href":"http:\/\/www.letourismeaparis.fr\/index.php\/wp-json\/wp\/v2\/posts\/15305","targetHints":{"allow":["GET"]}}],"collection":[{"href":"http:\/\/www.letourismeaparis.fr\/index.php\/wp-json\/wp\/v2\/posts"}],"about":[{"href":"http:\/\/www.letourismeaparis.fr\/index.php\/wp-json\/wp\/v2\/types\/post"}],"author":[{"embeddable":true,"href":"http:\/\/www.letourismeaparis.fr\/index.php\/wp-json\/wp\/v2\/users\/2"}],"replies":[{"embeddable":true,"href":"http:\/\/www.letourismeaparis.fr\/index.php\/wp-json\/wp\/v2\/comments?post=15305"}],"version-history":[{"count":1,"href":"http:\/\/www.letourismeaparis.fr\/index.php\/wp-json\/wp\/v2\/posts\/15305\/revisions"}],"predecessor-version":[{"id":24200,"href":"http:\/\/www.letourismeaparis.fr\/index.php\/wp-json\/wp\/v2\/posts\/15305\/revisions\/24200"}],"wp:attachment":[{"href":"http:\/\/www.letourismeaparis.fr\/index.php\/wp-json\/wp\/v2\/media?parent=15305"}],"wp:term":[{"taxonomy":"category","embeddable":true,"href":"http:\/\/www.letourismeaparis.fr\/index.php\/wp-json\/wp\/v2\/categories?post=15305"},{"taxonomy":"post_tag","embeddable":true,"href":"http:\/\/www.letourismeaparis.fr\/index.php\/wp-json\/wp\/v2\/tags?post=15305"}],"curies":[{"name":"wp","href":"https:\/\/api.w.org\/{rel}","templated":true}]}}