{"id":15327,"date":"2014-06-11T15:40:38","date_gmt":"2014-06-11T15:40:38","guid":{"rendered":"http:\/\/www.letourismeaparis.fr\/?p=15327"},"modified":"2014-06-11T15:40:38","modified_gmt":"2014-06-11T15:40:38","slug":"fete-de-la-musique-2014-au-musee-de-limmigration","status":"publish","type":"post","link":"http:\/\/www.letourismeaparis.fr\/index.php\/2014\/06\/11\/fete-de-la-musique-2014-au-musee-de-limmigration\/","title":{"rendered":"F\u00eate de la musique 2014  ,  au mus\u00e9e de l&#039;immigration"},"content":{"rendered":"<p>&nbsp;<br \/>\n&nbsp;<br \/>\n<strong>La 33\u00e8me \u00e9dition de la\u00a0<em>F\u00eate de la musique<\/em>\u00a0c\u00e9l\u00e8bre les musiques urbaines. Le<em>Mus\u00e9e de l&rsquo;histoire de l&rsquo;immigration<\/em>\u00a0propose \u00e0 cette occasion un programme musical soul, funk et afrobeat, ainsi qu&rsquo;un atelier artistique sur le parvis du Palais de la Porte Dor\u00e9e.<a href=\"http:\/\/www.letourismeaparis.fr\/wp-content\/uploads\/2014\/06\/fete-de-la-musique-2014.jpg\"><img loading=\"lazy\" decoding=\"async\" class=\"aligncenter size-full wp-image-15328\" src=\"http:\/\/www.letourismeaparis.fr\/wp-content\/uploads\/2014\/06\/fete-de-la-musique-2014.jpg\" alt=\"fete de la musique 2014\" width=\"190\" height=\"285\" \/><\/a><\/strong><br \/>\n<!--more-->La\u00a0<em>F\u00eate de la musique<\/em>\u00a0au\u00a0<em>Mus\u00e9e de l&rsquo;histoire de l&rsquo;immigration<\/em>\u00a0aura lieu en plein air, sur le parvis r\u00e9cemment am\u00e9nag\u00e9 du Palais de la Porte Dor\u00e9e.<br \/>\n\u00c0 partir de 19h, le public pourra participer \u00e0 un atelier artistique en plein air, prendre un verre \u00e0 la buvette, assister \u00e0 la prestation des participantes du Girls Rock Day et, \u00e0 partir de 20h00, danser sur les rythmes soul, funk et afrobeat des groupes\u00a0<em>Uptight<\/em>\u00a0et\u00a0<em>Fr\u00e8res Smith<\/em>.\u00a0<!--more--><br \/>\n&nbsp;<br \/>\n<strong>Programme de la soir\u00e9e<\/strong><br \/>\n<strong>Concerts<\/strong><br \/>\n<strong>19h15 \u00e0 20h00<\/strong><br \/>\nEn premi\u00e8re partie : prestation de\u00a0<a href=\"http:\/\/www.histoire-immigration.fr\/2014\/5\/stage-musical-jeunes-publics-pour-la-fete-de-la-musique-2014\"><em>Girls Rock Day<\/em><\/a><br \/>\n<strong>20h00 \u00e0 21h30<\/strong><br \/>\n<strong>Concert du groupe\u00a0<a href=\"http:\/\/www.uptight.fr\/\"><em>Uptight<\/em><\/a><\/strong><br \/>\nLes compositions du groupe\u00a0<em>Uptight\u00a0<\/em>naviguent entre soul et heavy-funk. Le groove des 12 musiciens, complices depuis trois ans, se d\u00e9couvre avant tout sur sc\u00e8ne.<br \/>\n<strong>22h00 \u00e0 23h30<\/strong><br \/>\n<strong>Concert du groupe<a href=\"https:\/\/www.facebook.com\/lesfreressmith\"><em>\u00a0les<\/em>\u00a0<em>Fr\u00e8res Smith<\/em><\/a><\/strong><br \/>\n<em>Fr\u00e8res Smith<\/em>\u00a0est un collectif parisien de 14 musiciens qui distille son groove afro sur les sc\u00e8nes fran\u00e7aises depuis plus de 10 ans. Afrobeat, ethio-groove, afro funk, les\u00a0<em>Fr\u00e8res Smith<\/em>livrent un condens\u00e9 explosif de ce qui se fait de mieux en mati\u00e8re de rythmiques et influences africaines.<br \/>\n<strong>Activit\u00e9<\/strong><br \/>\n<strong>19h \u00e0 20h30<\/strong><br \/>\n<strong>Atelier artistique collaboratif<\/strong><br \/>\nCr\u00e9ation d\u2019une \u0153uvre participative avec l\u2019artiste Damien Roudeau<br \/>\n<strong>Informations pratiques<\/strong><br \/>\nF\u00eate de la musique 2014 au Mus\u00e9e de l\u2019histoire de l\u2019immigration<br \/>\nLe 21 juin 2014 de 19h00 \u00e0 23h00<br \/>\nParvis du Palais de la Porte Dor\u00e9e<br \/>\n293, Avenue Daumesnil \u2013 75012 Paris<br \/>\n<a href=\"http:\/\/www.histoire-immigration.fr\/2014\/5\/fete-de-la-musique-2014\">http:\/\/www.histoire-immigration.fr\/2014\/5\/fete-de-la-musique-2014<\/a><\/p>\n","protected":false},"excerpt":{"rendered":"<p>&nbsp; &nbsp; La 33\u00e8me \u00e9dition de la\u00a0F\u00eate de la musique\u00a0c\u00e9l\u00e8bre les musiques urbaines. LeMus\u00e9e de l&rsquo;histoire de l&rsquo;immigration\u00a0propose \u00e0 cette occasion un programme musical soul, funk et afrobeat, ainsi qu&rsquo;un atelier artistique sur le parvis du Palais de la Porte&#8230;<\/p>\n","protected":false},"author":2,"featured_media":0,"comment_status":"open","ping_status":"open","sticky":false,"template":"","format":"standard","meta":{"ngg_post_thumbnail":0,"jetpack_post_was_ever_published":false,"_jetpack_newsletter_access":"","footnotes":""},"categories":[1],"tags":[],"class_list":["post-15327","post","type-post","status-publish","format-standard","hentry","category-non-classe"],"jetpack_featured_media_url":"","jetpack-related-posts":[{"id":22195,"url":"http:\/\/www.letourismeaparis.fr\/index.php\/2019\/03\/29\/paris-londres-music-migrations-au-palais-de-la-porte-doree\/","url_meta":{"origin":15327,"position":0},"title":"Paris- Londres .Music Migrations au Palais de la Porte dor\u00e9e.","author":"Fabienne TM","date":"29 mars 2019","format":false,"excerpt":"Du d\u00e9but des ann\u00e9es 1960 \u00e0 la fin des ann\u00e9es 1980, de multiples courants musicaux li\u00e9s aux flux migratoires ont transform\u00e9 Paris et Londres en capitales multiculturelles. Paris-Londres. Music Migrations propose un parcours immersif et chronologique pour traverser ces trois d\u00e9cennies d\u00e9cisives de l\u2019histoire musicale de Paris et de Londres.\u2026","rel":"","context":"Dans &quot;Non class\u00e9&quot;","block_context":{"text":"Non class\u00e9","link":"http:\/\/www.letourismeaparis.fr\/index.php\/category\/non-classe\/"},"img":{"alt_text":"","src":"https:\/\/i0.wp.com\/www.letourismeaparis.fr\/wp-content\/uploads\/2019\/03\/Capture-d%C3%A2%C2%80%C2%99e%C3%8C%C2%81cran-2019-03-11-a%C3%8C%C2%80-15.57.22.png?resize=350%2C200","width":350,"height":200},"classes":[]},{"id":13256,"url":"http:\/\/www.letourismeaparis.fr\/index.php\/2013\/05\/02\/la-nuit-europeenne-des-musees-du-18-mai-2013-au-palais-de-la-porte-doree-propose-un-spectacle-de-cirque\/","url_meta":{"origin":15327,"position":1},"title":"La Nuit europ\u00e9enne des mus\u00e9es  du 18 mai  2013, au Palais de la Porte Dor\u00e9e ,propose un spectacle de cirque.","author":"Fabienne TM","date":"2 mai 2013","format":false,"excerpt":"La Nuit europ\u00e9enne des mus\u00e9es 2013 au Palais de la Porte Dor\u00e9e propose un spectacle de cirque. la Cit\u00e9 nationale de l'histoire de l'immigration sera ouverte jusqu'\u00e0 23h. Collections permanentes et expositions temporaires seront en acc\u00e8s libre et une programmation sp\u00e9ciale autour du cirque vous sera \u00e9galement propos\u00e9e. La compagnie\u2026","rel":"","context":"Dans &quot;Mus\u00e9es \/ Expositions&quot;","block_context":{"text":"Mus\u00e9es \/ Expositions","link":"http:\/\/www.letourismeaparis.fr\/index.php\/category\/culture\/musees-expositions\/"},"img":{"alt_text":"","src":"","width":0,"height":0},"classes":[]},{"id":18252,"url":"http:\/\/www.letourismeaparis.fr\/index.php\/2016\/05\/20\/la-nuit-des-musees-a-paris-samedi-21-mai\/","url_meta":{"origin":15327,"position":2},"title":"La nuit des mus\u00e9es \u00e0 Paris  samedi 21 mai, quelques id\u00e9es dont la cit\u00e9 des sciences et le Palais de la d\u00e9couverte","author":"Fabienne TM","date":"20 mai 2016","format":false,"excerpt":"La Cit\u00e9 des sciences et de l\u2019industrie, la G\u00e9ode et le Palais de la d\u00e9couverte en acc\u00e8s libre et gratuit jusqu\u2019\u00e0 minuit samedi 21 mai 2016, \u00e0 l\u2019occasion de la 12e Nuit europ\u00e9enne des mus\u00e9es \u00c0 l\u2019occasion de la Nuit europ\u00e9enne des Mus\u00e9es, grand rendez-vous du printemps qui c\u00e9l\u00e8bre l\u2019art\u2026","rel":"","context":"Dans &quot;Non class\u00e9&quot;","block_context":{"text":"Non class\u00e9","link":"http:\/\/www.letourismeaparis.fr\/index.php\/category\/non-classe\/"},"img":{"alt_text":"","src":"","width":0,"height":0},"classes":[]},{"id":10847,"url":"http:\/\/www.letourismeaparis.fr\/index.php\/2011\/07\/13\/cite-nationale-de-lhistoire-de-limmigration-esma-redzepova-en-concert-jeudi-14-juillet-a-20h30\/","url_meta":{"origin":15327,"position":3},"title":"Cit\u00e9 nationale de l&#039;histoire de l&#039;immigration : Esma Redzepova en concert Jeudi 14 juillet \u00e0 20h30","author":"Fabienne TM","date":"13 juillet 2011","format":false,"excerpt":"Entr\u00e9e libre Esma Redzepova \u00a9 Catherine de Clippel la Cit\u00e9 nationale de l'histoire de l'immigration vous invite \u00e0 d\u00e9couvrir Esma Redzepova accompagn\u00e9e de l'ensemble Teodosieski. Esma Redzepova \"Reine des Tziganes\". Figure embl\u00e9matique de la communaut\u00e9 rom et de la musique des Balkans, elle viendra enflammer le Forum du Palais de\u2026","rel":"","context":"Dans &quot;Non class\u00e9&quot;","block_context":{"text":"Non class\u00e9","link":"http:\/\/www.letourismeaparis.fr\/index.php\/category\/non-classe\/"},"img":{"alt_text":"","src":"","width":0,"height":0},"classes":[]},{"id":19640,"url":"http:\/\/www.letourismeaparis.fr\/index.php\/2017\/03\/27\/ciao-italia-au-musee-de-limmigration-porte-doree\/","url_meta":{"origin":15327,"position":4},"title":"Ciao Italia !   au mus\u00e9e de l&#039;immigration  Porte dor\u00e9e","author":"Fabienne TM","date":"27 mars 2017","format":false,"excerpt":"\u00a0 Un si\u00e8cle d\u2019immigration et de culture italiennes en France (1860-1960) \u00a0 Avec Ciao Italia !, le Mus\u00e9e national de l\u2019histoire de l\u2019immigration rend compte pour la premi\u00e8re fois \u00e0 l\u2019\u00e9chelle nationale, de l\u2019histoire de l\u2019immigration italienne en France, qui reste \u00e0 ce jour la plus importante de l\u2019histoire fran\u00e7aise.\u2026","rel":"","context":"Dans &quot;Cultures du Monde&quot;","block_context":{"text":"Cultures du Monde","link":"http:\/\/www.letourismeaparis.fr\/index.php\/category\/culture\/musees-expositions\/cultures-du-monde\/"},"img":{"alt_text":"","src":"https:\/\/i0.wp.com\/www.letourismeaparis.fr\/wp-content\/uploads\/2017\/03\/Capture-d%C3%A2%C2%80%C2%99e%C3%8C%C2%81cran-2017-03-20-a%C3%8C%C2%80-17.55.27-300x201.png?resize=350%2C200","width":350,"height":200},"classes":[]},{"id":21839,"url":"http:\/\/www.letourismeaparis.fr\/index.php\/2019\/01\/12\/lenvers-du-decor-au-palais-de-la-porte-doree-musee-de-limmigration\/","url_meta":{"origin":15327,"position":5},"title":"L&#039;envers du d\u00e9cor au Palais de la Porte dor\u00e9e\/mus\u00e9e de l&#039;immigration","author":"Fabienne TM","date":"12 janvier 2019","format":false,"excerpt":"R\u00e9solument contemporain et cr\u00e9atif, l'\u00e9v\u00e9nement gratuit L'Envers du d\u00e9cor invite \u00e0 une red\u00e9couverte du Palais de la Porte Dor\u00e9e \u00e0 travers les interventions de jeunes artistes. Vivez le Palais autrement le temps d'un week-end avec des concerts, des performances, des installations et une exposition, autour d\u2019une th\u00e9matique : la voix.\u2026","rel":"","context":"Dans &quot;Non class\u00e9&quot;","block_context":{"text":"Non class\u00e9","link":"http:\/\/www.letourismeaparis.fr\/index.php\/category\/non-classe\/"},"img":{"alt_text":"","src":"","width":0,"height":0},"classes":[]}],"jetpack_sharing_enabled":true,"jetpack_likes_enabled":true,"_links":{"self":[{"href":"http:\/\/www.letourismeaparis.fr\/index.php\/wp-json\/wp\/v2\/posts\/15327","targetHints":{"allow":["GET"]}}],"collection":[{"href":"http:\/\/www.letourismeaparis.fr\/index.php\/wp-json\/wp\/v2\/posts"}],"about":[{"href":"http:\/\/www.letourismeaparis.fr\/index.php\/wp-json\/wp\/v2\/types\/post"}],"author":[{"embeddable":true,"href":"http:\/\/www.letourismeaparis.fr\/index.php\/wp-json\/wp\/v2\/users\/2"}],"replies":[{"embeddable":true,"href":"http:\/\/www.letourismeaparis.fr\/index.php\/wp-json\/wp\/v2\/comments?post=15327"}],"version-history":[{"count":0,"href":"http:\/\/www.letourismeaparis.fr\/index.php\/wp-json\/wp\/v2\/posts\/15327\/revisions"}],"wp:attachment":[{"href":"http:\/\/www.letourismeaparis.fr\/index.php\/wp-json\/wp\/v2\/media?parent=15327"}],"wp:term":[{"taxonomy":"category","embeddable":true,"href":"http:\/\/www.letourismeaparis.fr\/index.php\/wp-json\/wp\/v2\/categories?post=15327"},{"taxonomy":"post_tag","embeddable":true,"href":"http:\/\/www.letourismeaparis.fr\/index.php\/wp-json\/wp\/v2\/tags?post=15327"}],"curies":[{"name":"wp","href":"https:\/\/api.w.org\/{rel}","templated":true}]}}