{"id":15332,"date":"2014-06-09T20:06:22","date_gmt":"2014-06-09T20:06:22","guid":{"rendered":"http:\/\/www.letourismeaparis.fr\/?p=15332"},"modified":"2014-06-09T20:06:22","modified_gmt":"2014-06-09T20:06:22","slug":"le-7eme-art-dans-le-7eme-un-cycle-de-cinema-en-espagnol","status":"publish","type":"post","link":"http:\/\/www.letourismeaparis.fr\/index.php\/2014\/06\/09\/le-7eme-art-dans-le-7eme-un-cycle-de-cinema-en-espagnol\/","title":{"rendered":"Le 7\u00e8me art dans le 7\u00e8me  : un cycle de cin\u00e9ma en espagnol"},"content":{"rendered":"<p>13\u00e9me \u00e9dition du \u00a0Festival \u00a0Le 7\u00e8me art dans le 7\u00e8me, qui se tiendra du 10 au 13 juin 2014 , L&rsquo;Espagne sera invit\u00e9e.<\/p>\n<ul>\n<li><a href=\"http:\/\/www.letourismeaparis.fr\/wp-content\/uploads\/2014\/06\/mairie-du-7-\u00e8me.jpg\"><img loading=\"lazy\" decoding=\"async\" class=\"aligncenter size-full wp-image-15333\" src=\"http:\/\/www.letourismeaparis.fr\/wp-content\/uploads\/2014\/06\/mairie-du-7-\u00e8me.jpg\" alt=\"mairie du 7 \u00e8me\" width=\"163\" height=\"240\" \/><\/a><\/li>\n<li>\n<ul style=\"color: #666666;\">\n<li><strong style=\"font-weight: bold;\">Mercredi 11 juin \u00e0 12 h<\/strong><br \/>\nEN AVANT-PREMI\u00c8RE<br \/>\nUna pistola en cada mano (\u00c9tats d\u2019hommes)<br \/>\nEn pr\u00e9sence du r\u00e9alisateur Cesc Gay et d\u2019un com\u00e9dien. (1 h 35) Goya 2013 meilleure actrice (Candela Pe\u00f1a), Gaudi 2013 meilleur film, meilleur sc\u00e9nario et meilleur acteur second r\u00f4le (Eduard Fernandez) Com\u00e9die chorale ironique et sans compassion dans laquelle huit quadrag\u00e9naires en pleine\u00a0 crise d\u2019identit\u00e9 partagent leurs questions, leurs peurs et leurs doutes.<br \/>\n<strong style=\"font-weight: bold;\">Mercredi 11 juin \u00e0 20 h 30<\/strong><br \/>\nEN AVANT-PREMI\u00c8RE<br \/>\nLos ilusos<br \/>\nEn pr\u00e9sence du r\u00e9alisateur Jon\u00e1s Trueba. (1 h 33) Violette d\u2019Or du meilleur film, meilleur interpr\u00e8te masculin (Francesco Carril), Cinespa\u00f1a 2013.<br \/>\nFilm de jeunes qui aiment le cin\u00e9ma et qui parlent de cr\u00e9ation cin\u00e9matographique. Il nous balade dans les rues de Madrid dans un beau noir et blanc, avec une libert\u00e9 de ton et des com\u00e9diens qui jouent \u00e0 ce qu\u2019ils sont, au plus pr\u00e8s du r\u00e9el, sans artifice.<br \/>\nTHEATRE ADYAR \u2013 4, square Rapp\u00a0:<br \/>\n<strong style=\"font-weight: bold;\">Jeudi 12 juin \u00e0 18 h<\/strong><br \/>\nHable con ella (Parle avec elle)<br \/>\nde Pedro Almodovar (1 h 52)avec Javier Camara, Rosario Flores, Dario Grandinetti, G\u00e9raldine Chaplin, Lola Due\u00f1as\u2026 Meilleur film \u00e9tranger, meilleur film europ\u00e9en et meilleur sc\u00e9nario 2003.<br \/>\nBenigno, un infirmier, aime en secret Alicia, une ballerine qu\u2019il aper\u00e7oit de sa fen\u00eatre\u2026<br \/>\n<strong style=\"font-weight: bold;\">Jeudi 12 juin \u00e0 20 h 30<\/strong><br \/>\nLes \u00e9motifs anonymes<br \/>\nCom\u00e9die romantique burlesque (1 h 20) de Jean-Pierre Am\u00e9ris avec Isabelle Carr\u00e9, Beno\u00eet Poelvoorde\u2026<br \/>\nJean-Ren\u00e9, patron d\u2019une fabrique de chocolat, et Ang\u00e9lique, chocolati\u00e8re de talent, sont deux grands \u00e9motifs. C\u2019est leur passion commune pour le chocolat qui les rapproche. Ils tombent amoureux l\u2019un de l\u2019autre sans oser se l\u2019avouer\u2026<br \/>\n<strong style=\"font-weight: bold;\">Jeudi 12 juin \u00e0 20 h<\/strong><br \/>\nRemise des prix du 2e Concours de courts m\u00e9trages<br \/>\nLe film gagnant sera \u00e9galement projet\u00e9 lors de la soir\u00e9e de cl\u00f4ture dans les jardins de la Mairie. Concours destin\u00e9 aux coll\u00e9giens et lyc\u00e9ens du 7e sur le th\u00e8me de l\u2019Espagne.<br \/>\nInscription obligatoire par mail : webmairie7@paris.fr. Contraintes techniques et prix \u00e0 gagner<br \/>\npr\u00e9cis\u00e9s par retour de mail. R\u00e9alisations \u00e0 rendre au plus tard le lundi 26 mai, 17 h.<br \/>\n<strong style=\"font-weight: bold;\">Vendredi 13 juin \u00e0 18 h<\/strong><br \/>\nLe Skylab<br \/>\nDe et avec Julie Delpy (1 h 53) Avec \u00c9ric Elmosnino, Bernadette Lafont, No\u00e9mie Lvovsky\u2026 Un film comique, chaleureux et intelligent o\u00f9 la com\u00e9die \u00e0 l\u2019italienne croise les esprits de Sautet et Pialat.<br \/>\nJuillet 1979, pendant les vacances d\u2019\u00e9t\u00e9 dans une maison en Bretagne. \u00c0 l\u2019occasion de l\u2019anniversaire de la grand-m\u00e8re, oncles, tantes, cousins et cousines sont r\u00e9unis le temps d\u2019un week-end anim\u00e9\u2026<br \/>\n&nbsp;<br \/>\nUn concert ind\u00e9pendant \u00a0du festival \u00e0 signaler aussi<br \/>\n<strong style=\"font-weight: bold;\">Mardi 24 juin \u00e0 18h<\/strong><br \/>\n<strong style=\"font-weight: bold;\">Airs d\u2019Op\u00e9ra et duo d\u2019amour<\/strong><br \/>\nDans le cadre de la F\u00eate de la Musique, Edith Boyer, Soprano, vous proposera Airs d&rsquo;Op\u00e9ra et duo d&rsquo;amour, avec Bastien Milanese, baryton. Ces airs accompagn\u00e9s au piano, choisis parmi les compositeurs, Donizetti, Gounod, Haendel, Mozart, Offenbach, seront entrem\u00eal\u00e9s de musique instrumentale (J. S. Bach, Dvorak, Rachmaninov, Scott) par No\u00eblle Heber, violoniste et Kristyn Van Cleave, pianiste\u00a0\u00bb \u00a0(<a href=\"http:\/\/www.edith-boyer.com\/\"><strong style=\"font-weight: bold;\">http:\/\/www.edith-boyer.com\/<\/strong><\/a>)<br \/>\nSalle des Mariages<br \/>\n<a href=\"http:\/\/paris.cervantes.es\/FichasCultura\/Ficha95642_30_1.htm\">artista y la modelo.<\/a><\/li>\n<li><a href=\"http:\/\/paris.cervantes.es\/FichasCultura\/Ficha95643_30_1.htm\">Una pistola en cada mano.<\/a><\/li>\n<\/ul>\n<p><a href=\"http:\/\/paris.cervantes.es\/FichasCultura\/Ficha95654_30_1.htm\">Cervantitos.<\/a><\/li>\n<li><a href=\"http:\/\/paris.cervantes.es\/FichasCultura\/Ficha95645_30_1.htm\">Los ilusos.<\/a><\/li>\n<li><a href=\"http:\/\/paris.cervantes.es\/FichasCultura\/Ficha95652_30_1.htm\">Hable con ella.<\/a><\/li>\n<li><a href=\"http:\/\/paris.cervantes.es\/FichasCultura\/Ficha95653_30_1.htm\">Les Femmes du 6\u00e8me \u00e9tage.<\/a><\/li>\n<\/ul>\n<p><!--more--><br \/>\n<!--more--><br \/>\n<span style=\"letter-spacing: 0.05em; line-height: 1.6875;\"><span style=\"color: #222222;\">116 Rue de Grenelle, 75007 Paris<\/span><\/span><br \/>\n<span style=\"letter-spacing: 0.05em; line-height: 1.6875;\">Inscription obligatoire aux s\u00e9ances et animations<\/span><br \/>\nTel \u00a001 53 58 75 60<\/p>\n","protected":false},"excerpt":{"rendered":"<p>13\u00e9me \u00e9dition du \u00a0Festival \u00a0Le 7\u00e8me art dans le 7\u00e8me, qui se tiendra du 10 au 13 juin 2014 , L&rsquo;Espagne sera invit\u00e9e. Mercredi 11 juin \u00e0 12 h EN AVANT-PREMI\u00c8RE Una pistola en cada mano (\u00c9tats d\u2019hommes) En pr\u00e9sence&#8230;<\/p>\n","protected":false},"author":2,"featured_media":0,"comment_status":"open","ping_status":"open","sticky":false,"template":"","format":"standard","meta":{"ngg_post_thumbnail":0,"jetpack_post_was_ever_published":false,"_jetpack_newsletter_access":"","footnotes":""},"categories":[20],"tags":[],"class_list":["post-15332","post","type-post","status-publish","format-standard","hentry","category-cultures-du-monde"],"jetpack_featured_media_url":"","jetpack-related-posts":[{"id":20833,"url":"http:\/\/www.letourismeaparis.fr\/index.php\/2018\/02\/28\/le-rendez-vous-des-amoureux-des-plantes-la-mairie-du-7eme-le-11-avril\/","url_meta":{"origin":15332,"position":0},"title":"Le rendez-vous des amoureux des plantes    \u00e0 la mairie du 7\u00e8me le 11 avril","author":"Fabienne TM","date":"28 f\u00e9vrier 2018","format":false,"excerpt":"Le rendez-vous des amoureux des plantes \u00ab Traiter c'est pas automatique, tout commence par un diagnostic \u00bb A l'occasion de sa 3\u00e8me \u00e9dition en partenariat avec la Mairie du 7\u00e8me arrondissement de Paris, la Clinique des Plantes, propose \u00e0 nouveau un espace de diagnostic gratuit \u00e0 tous les jardiniers amateurs.\u2026","rel":"","context":"Dans &quot;Jardins \/ Plein air&quot;","block_context":{"text":"Jardins \/ Plein air","link":"http:\/\/www.letourismeaparis.fr\/index.php\/category\/jardins\/"},"img":{"alt_text":"","src":"","width":0,"height":0},"classes":[]},{"id":9320,"url":"http:\/\/www.letourismeaparis.fr\/index.php\/2011\/01\/01\/monuments-stars-du-7eme-art-a-la-conciergerie\/","url_meta":{"origin":15332,"position":1},"title":"Monuments , stars du 7\u00e8me art \u00e0 la Conciergerie","author":"Fabienne TM","date":"1 janvier 2011","format":false,"excerpt":"Cette exposition\u00a0 permet, en d\u00e9voilant l\u2019envers du d\u00e9cor, de faire d\u00e9couvrir le r\u00f4le des chefs-d\u2019\u0153uvre du patrimoine architectural fran\u00e7ais \u00e0 l\u2019\u00e9cran. D\u00e9cors r\u00e9els ou reconstitu\u00e9s en studio, ces monuments ont inspir\u00e9 des centaines de films fran\u00e7ais et \u00e9trangers. Les s\u00e9quences de l\u2019exposition, au travers de nombreux documents rares, de spectaculaires\u2026","rel":"","context":"Dans &quot;Non class\u00e9&quot;","block_context":{"text":"Non class\u00e9","link":"http:\/\/www.letourismeaparis.fr\/index.php\/category\/non-classe\/"},"img":{"alt_text":"","src":"","width":0,"height":0},"classes":[]},{"id":5068,"url":"http:\/\/www.letourismeaparis.fr\/index.php\/2009\/11\/09\/lorchestre-de-chambre-des-jeunes-sinspire-du-cinema-a-puteaux\/","url_meta":{"origin":15332,"position":2},"title":"l\u2019Orchestre de Chambre des Jeunes s\u2019inspire du cin\u00e9ma \u00e0 Puteaux","author":"Fabienne TM","date":"9 novembre 2009","format":false,"excerpt":"Pour son premier concert de la saison, l\u2019Orchestre de Chambre des Jeunes s\u2019inspire du cin\u00e9ma et vous fait revivre les grands moments du 7\u00e8me art. orcj_cinemaLe mardi 10 novembre \u00e0 20h45 au Th\u00e9\u00e2tre des Haut-de -Seine, les 35 instrumentistes de l'ORCJ mettront le cin\u00e9-concert \u00e0 l'honneur. Comme au temps du\u2026","rel":"","context":"Dans &quot;Non class\u00e9&quot;","block_context":{"text":"Non class\u00e9","link":"http:\/\/www.letourismeaparis.fr\/index.php\/category\/non-classe\/"},"img":{"alt_text":"","src":"https:\/\/i0.wp.com\/www.letourismeaparis.fr\/wp-content\/uploads\/2009\/11\/orcj_cinema.jpg?resize=350%2C200","width":350,"height":200},"classes":[]},{"id":10327,"url":"http:\/\/www.letourismeaparis.fr\/index.php\/2011\/06\/01\/les-virtuoses-du-coeur-en-concert-a-lauditorium-de-linstitut-des-jeunes-aveugles\/","url_meta":{"origin":15332,"position":3},"title":"&quot;Les Virtuoses du coeur &quot;en concert \u00e0 l\u2019Auditorium de l\u2019Institut des Jeunes Aveugles","author":"Fabienne TM","date":"1 juin 2011","format":false,"excerpt":"Vous souhaitez participer \u00e0 un grand concours amical\u00a0 servant une grande cause... Une aventure musicale unique et g\u00e9n\u00e9reuse. Les participants\u00a0\u00a0 ls sauvent des milliers d\u2019enfants qui n\u2019ont pas leur chance et qui, sans les soins des chirurgiens de la Cha\u00eene de l\u2019Espoir, mourraient tr\u00e8s vite. Afin de permettre \u00e0 un\u2026","rel":"","context":"Dans &quot;Non class\u00e9&quot;","block_context":{"text":"Non class\u00e9","link":"http:\/\/www.letourismeaparis.fr\/index.php\/category\/non-classe\/"},"img":{"alt_text":"","src":"","width":0,"height":0},"classes":[]},{"id":8729,"url":"http:\/\/www.letourismeaparis.fr\/index.php\/2010\/10\/06\/ete-indien-2010-les-mondes-de-satyajit-ray-septembre-octobre-au-musee-guimet\/","url_meta":{"origin":15332,"position":4},"title":"Et\u00e9 indien 2010, Les mondes de Satyajit Ray en octobre au mus\u00e9e guimet","author":"Fabienne TM","date":"6 octobre 2010","format":false,"excerpt":"La 7\u00e8me \u00e9dition de l\u2019Et\u00e9 indien, con\u00e7ue dans le cadre de la saison culturelle \u00ab Namaste France \u00bb et avec le soutien de l\u2019Ambassade de l\u2019Inde, rend hommage \u00e0 Satyajit Ray en 21 films dont 7 in\u00e9dits Journ\u00e9e exceptionnelle : samedi 2 octobre de 10h30 \u00e0 18h00 La Trilogie d\u2019Apu\u2026","rel":"","context":"Dans &quot;Non class\u00e9&quot;","block_context":{"text":"Non class\u00e9","link":"http:\/\/www.letourismeaparis.fr\/index.php\/category\/non-classe\/"},"img":{"alt_text":"","src":"","width":0,"height":0},"classes":[]},{"id":18272,"url":"http:\/\/www.letourismeaparis.fr\/index.php\/2016\/06\/01\/festival-du-7e-art-du-6-au-11-juin-2016-avec-comme-pays-invite-la-pologne\/","url_meta":{"origin":15332,"position":5},"title":"Festival du 7e  art ,du 6 au 11 juin 2016, avec comme pays invit\u00e9 la Pologne.","author":"Fabienne TM","date":"1 juin 2016","format":false,"excerpt":"LUNDI 6 JUIN \u00c0 21H\u00a0: Soir\u00e9e d\u2019ouverture Les Innocentesd\u2019Anne Fontaine (2016, 1h50, vostf) Avec Lou de La\u00e2ge et les plus grandes actrices polonaises Agata Buzek et Agata Kulesza. Film exceptionnel, histoire vraie, un sommet d\u2019\u00e9motion\u2026 Pologne, d\u00e9cembre 1945. Mathilde Beaulieu, une jeune interne de la Croix-Rouge charg\u00e9e de soigner les\u2026","rel":"","context":"Dans &quot;Non class\u00e9&quot;","block_context":{"text":"Non class\u00e9","link":"http:\/\/www.letourismeaparis.fr\/index.php\/category\/non-classe\/"},"img":{"alt_text":"","src":"https:\/\/i0.wp.com\/www.letourismeaparis.fr\/wp-content\/uploads\/2016\/05\/7.jpeg?resize=350%2C200","width":350,"height":200},"classes":[]}],"jetpack_sharing_enabled":true,"jetpack_likes_enabled":true,"_links":{"self":[{"href":"http:\/\/www.letourismeaparis.fr\/index.php\/wp-json\/wp\/v2\/posts\/15332","targetHints":{"allow":["GET"]}}],"collection":[{"href":"http:\/\/www.letourismeaparis.fr\/index.php\/wp-json\/wp\/v2\/posts"}],"about":[{"href":"http:\/\/www.letourismeaparis.fr\/index.php\/wp-json\/wp\/v2\/types\/post"}],"author":[{"embeddable":true,"href":"http:\/\/www.letourismeaparis.fr\/index.php\/wp-json\/wp\/v2\/users\/2"}],"replies":[{"embeddable":true,"href":"http:\/\/www.letourismeaparis.fr\/index.php\/wp-json\/wp\/v2\/comments?post=15332"}],"version-history":[{"count":0,"href":"http:\/\/www.letourismeaparis.fr\/index.php\/wp-json\/wp\/v2\/posts\/15332\/revisions"}],"wp:attachment":[{"href":"http:\/\/www.letourismeaparis.fr\/index.php\/wp-json\/wp\/v2\/media?parent=15332"}],"wp:term":[{"taxonomy":"category","embeddable":true,"href":"http:\/\/www.letourismeaparis.fr\/index.php\/wp-json\/wp\/v2\/categories?post=15332"},{"taxonomy":"post_tag","embeddable":true,"href":"http:\/\/www.letourismeaparis.fr\/index.php\/wp-json\/wp\/v2\/tags?post=15332"}],"curies":[{"name":"wp","href":"https:\/\/api.w.org\/{rel}","templated":true}]}}