{"id":15351,"date":"2014-07-02T16:30:45","date_gmt":"2014-07-02T16:30:45","guid":{"rendered":"http:\/\/www.letourismeaparis.fr\/?p=15351"},"modified":"2014-07-02T16:30:45","modified_gmt":"2014-07-02T16:30:45","slug":"l_e_s_-_5_-_e_t_-_6_-_j_u_i_l_l_e_t__-_l_e_-_c_a_r_n_a_v_a_l_-_t_r_o_p_i_c_a_l_-_d_e_-_p_a_r_i_s_-_","status":"publish","type":"post","link":"http:\/\/www.letourismeaparis.fr\/index.php\/2014\/07\/02\/l_e_s_-_5_-_e_t_-_6_-_j_u_i_l_l_e_t__-_l_e_-_c_a_r_n_a_v_a_l_-_t_r_o_p_i_c_a_l_-_d_e_-_p_a_r_i_s_-_\/","title":{"rendered":"Carnaval tropical \u00e0 Paris les 5 et 6 juillet"},"content":{"rendered":"<p>Deux jours de f\u00eate sans fronti\u00e8res ! un week end de f\u00eate et de m\u00e9tissage des cultures, 2 jounr\u00e9es de musique, couleur, danse :costumes, chor\u00e9graphies, chars et couleurs&#8230; Guyan, Guadeloupe, Martinique, la r\u00e9union, Br\u00e9sil, Colombie, Vietnam<!--more--><br \/>\n&nbsp;<\/p>\n<p class=\"p1\">Rendez-vous le samedi 5 juillet \u00e0 14h place de la nation pour le d\u00e9part du cort\u00e8ge constitu\u00e9 de plus d\u2019une quarantaine de groupes, puis le lendemain, dimanche 6 juillet, \u00e0 partir de 14h au Gymnase Japy (XIe arr) pour la remise des troph\u00e9es.<\/p>\n<p>&nbsp;<\/p>\n","protected":false},"excerpt":{"rendered":"<p>Deux jours de f\u00eate sans fronti\u00e8res ! un week end de f\u00eate et de m\u00e9tissage des cultures, 2 jounr\u00e9es de musique, couleur, danse :costumes, chor\u00e9graphies, chars et couleurs&#8230; Guyan, Guadeloupe, Martinique, la r\u00e9union, Br\u00e9sil, Colombie, Vietnam<\/p>\n","protected":false},"author":2,"featured_media":0,"comment_status":"open","ping_status":"open","sticky":false,"template":"","format":"standard","meta":{"ngg_post_thumbnail":0,"jetpack_post_was_ever_published":false,"_jetpack_newsletter_access":"","footnotes":""},"categories":[28,29],"tags":[],"class_list":["post-15351","post","type-post","status-publish","format-standard","hentry","category-familles","category-festival"],"jetpack_featured_media_url":"","jetpack-related-posts":[{"id":3457,"url":"http:\/\/www.letourismeaparis.fr\/index.php\/2009\/07\/02\/carnaval-tropical-de-paris-samedi-4-juillet-de-14-h-a-18h30\/","url_meta":{"origin":15351,"position":0},"title":"Carnaval tropical de Paris samedi 4 juillet de 14 h \u00e0 18h30","author":"Fabienne TM","date":"2 juillet 2009","format":false,"excerpt":"samedi 4 juillet d\u00e8s 14h,\u00a0 rendez-vous de la musique, des couleurs, de la f\u00eate.. Un grand spectacle gratuit dans les rues de Paris...plus de 2000 figurants\u2026voici le parcours : 8h \u2013 13h : Place de la Nation - Mise en place des chars 12h30 : Place de la Nation -\u2026","rel":"","context":"Dans &quot;Non class\u00e9&quot;","block_context":{"text":"Non class\u00e9","link":"http:\/\/www.letourismeaparis.fr\/index.php\/category\/non-classe\/"},"img":{"alt_text":"","src":"","width":0,"height":0},"classes":[]},{"id":10017,"url":"http:\/\/www.letourismeaparis.fr\/index.php\/2011\/06\/30\/lucknow-une-cour-royale-en-inde-18-19eme-siecles-du-6-avril-au-11-juillet-au-musee-guimet\/","url_meta":{"origin":15351,"position":1},"title":"Lucknow, une cour royale en Inde (18-19\u00e8me si\u00e8cles), jusqu&#039; au 11 juillet  au mus\u00e9e  GUIMET:de vraies merveilles &#8230;","author":"Fabienne TM","date":"30 juin 2011","format":false,"excerpt":"Ateliers pour adultes En lien avec l\u2019exposition Lucknow, une cour royale en Inde (18-19\u00e8me si\u00e8cles), du 6 avril au 11 juillet 2011 et dans le cadre de la Saison indienne -Calligraphie persane Samedi 9\/4 (14h-16h30) Gazhal ou Paroles amoureuses Samedi 16\/4 (14h-16h30) Po\u00e8mes mystiques de Rumi -Sari ou l\u2019art du\u2026","rel":"","context":"Dans &quot;Non class\u00e9&quot;","block_context":{"text":"Non class\u00e9","link":"http:\/\/www.letourismeaparis.fr\/index.php\/category\/non-classe\/"},"img":{"alt_text":"","src":"","width":0,"height":0},"classes":[]},{"id":18492,"url":"http:\/\/www.letourismeaparis.fr\/index.php\/2016\/08\/12\/play-une-expo-pour-se-prendre-au-jeu-a-la-cite-de-la-mode-et-du-design-jusquau-21-aout\/","url_meta":{"origin":15351,"position":2},"title":"PLAY !  Une expo pour se prendre au jeu \u00c0 la cit\u00e9 de la Mode et du Design  Jusqu&#039;au 21 ao\u00fbt","author":"Fabienne TM","date":"12 ao\u00fbt 2016","format":false,"excerpt":"\u00a0 Faites chanter un arbuste, dansez avec des masques tribaux, construisiez votre propre ville, laissez-vous surprendre dans un \"escape game\" aux allures du cuisine, customisez le pelage d'animaux de la jungle, animez des dessins : c'est le programme de PLAY! expo ludique et interactive \u00e0 la cit\u00e9 de la Mode\u2026","rel":"","context":"Dans &quot;Familles&quot;","block_context":{"text":"Familles","link":"http:\/\/www.letourismeaparis.fr\/index.php\/category\/familles\/"},"img":{"alt_text":"","src":"","width":0,"height":0},"classes":[]},{"id":252,"url":"http:\/\/www.letourismeaparis.fr\/index.php\/2008\/07\/16\/la-flore-medievale-au-musee-de-cluny-le-1607-a-14h\/","url_meta":{"origin":15351,"position":3},"title":"La flore m\u00e9di\u00e9vale au mus\u00e9e de Cluny le 16\/07 \u00e0 14h","author":"Fabienne TM","date":"16 juillet 2008","format":false,"excerpt":"Le Tourisme \u00e0 Paris\u00a0\u00a0\u00a0\u00a0\u00a0\u00a0\u00a0\u00a0\u00a0\u00a0 Paris Advisor Une conf\u00e9rence d'une heure sur la flore m\u00e9di\u00e9vale aura lieu aujourd'hui mercredi 16 juillet \u00e0 14h. Mus\u00e9e de Cluny\/national du Moyen-\u00e2ge 6, place Paul Painlev\u00e9, Paris -75005 www.musee-moyenage.fr","rel":"","context":"Dans &quot;Non class\u00e9&quot;","block_context":{"text":"Non class\u00e9","link":"http:\/\/www.letourismeaparis.fr\/index.php\/category\/non-classe\/"},"img":{"alt_text":"","src":"","width":0,"height":0},"classes":[]},{"id":180,"url":"http:\/\/www.letourismeaparis.fr\/index.php\/2008\/07\/04\/carnaval-tropical-a-paris-le-5-juillet\/","url_meta":{"origin":15351,"position":4},"title":"CARNAVAL TROPICAL  A PARIS  LE 5 juillet","author":"Fabienne TM","date":"4 juillet 2008","format":false,"excerpt":"PARIS ADVISOR LE TOURISME A PARIS La Mairie de Paris lance la 7e \u00e9dition du Carnaval Tropical. Le d\u00e9fil\u00e9 aura plus de 30 groupes ,2000 carnavaliers venus du monde entier. Le 5 juillet \u00e0 partir de 14h, de la Bastille \u00e0 la Porte Dor\u00e9e,. A l\u2019issue du Carnaval, un jury\u2026","rel":"","context":"Dans &quot;Non class\u00e9&quot;","block_context":{"text":"Non class\u00e9","link":"http:\/\/www.letourismeaparis.fr\/index.php\/category\/non-classe\/"},"img":{"alt_text":"","src":"","width":0,"height":0},"classes":[]},{"id":142,"url":"http:\/\/www.letourismeaparis.fr\/index.php\/2008\/06\/18\/lart-byzantin-et-ses-influences-dans-lart-occidental-mercredi-18-juin-a-12h30\/","url_meta":{"origin":15351,"position":5},"title":"La flore m\u00e9di\u00e9vale du jardin aux collections  mercredi 16\/07 \u00e0 14h au mus\u00e9e de cluny","author":"Fabienne TM","date":"18 juin 2008","format":false,"excerpt":"Le Tourisme \u00e0 Paris Paris Advisor Une conf\u00e9rence d'une heure sur la flore m\u00e9di\u00e9vale aura lieu aujourd'hui mercredi 16 juillet \u00e0 14h. Mus\u00e9e de Cluny\/national du Moyen-\u00e2ge 6, place Paul Painlev\u00e9, Paris -75005 entr\u00e9e libre pour le mus\u00e9e jusqu'au 30\/06\/08 www.musee-moyenage.fr","rel":"","context":"Dans &quot;Non class\u00e9&quot;","block_context":{"text":"Non class\u00e9","link":"http:\/\/www.letourismeaparis.fr\/index.php\/category\/non-classe\/"},"img":{"alt_text":"","src":"","width":0,"height":0},"classes":[]}],"jetpack_sharing_enabled":true,"jetpack_likes_enabled":true,"_links":{"self":[{"href":"http:\/\/www.letourismeaparis.fr\/index.php\/wp-json\/wp\/v2\/posts\/15351","targetHints":{"allow":["GET"]}}],"collection":[{"href":"http:\/\/www.letourismeaparis.fr\/index.php\/wp-json\/wp\/v2\/posts"}],"about":[{"href":"http:\/\/www.letourismeaparis.fr\/index.php\/wp-json\/wp\/v2\/types\/post"}],"author":[{"embeddable":true,"href":"http:\/\/www.letourismeaparis.fr\/index.php\/wp-json\/wp\/v2\/users\/2"}],"replies":[{"embeddable":true,"href":"http:\/\/www.letourismeaparis.fr\/index.php\/wp-json\/wp\/v2\/comments?post=15351"}],"version-history":[{"count":0,"href":"http:\/\/www.letourismeaparis.fr\/index.php\/wp-json\/wp\/v2\/posts\/15351\/revisions"}],"wp:attachment":[{"href":"http:\/\/www.letourismeaparis.fr\/index.php\/wp-json\/wp\/v2\/media?parent=15351"}],"wp:term":[{"taxonomy":"category","embeddable":true,"href":"http:\/\/www.letourismeaparis.fr\/index.php\/wp-json\/wp\/v2\/categories?post=15351"},{"taxonomy":"post_tag","embeddable":true,"href":"http:\/\/www.letourismeaparis.fr\/index.php\/wp-json\/wp\/v2\/tags?post=15351"}],"curies":[{"name":"wp","href":"https:\/\/api.w.org\/{rel}","templated":true}]}}