{"id":15386,"date":"2014-06-27T16:49:13","date_gmt":"2014-06-27T16:49:13","guid":{"rendered":"http:\/\/www.letourismeaparis.fr\/?p=15386"},"modified":"2014-06-27T16:49:13","modified_gmt":"2014-06-27T16:49:13","slug":"la-fete-du-cinema-du-29-juin-au-2-juillet-2014","status":"publish","type":"post","link":"http:\/\/www.letourismeaparis.fr\/index.php\/2014\/06\/27\/la-fete-du-cinema-du-29-juin-au-2-juillet-2014\/","title":{"rendered":"La F\u00eate du Cin\u00e9ma du 29 Juin au 2 Juillet 2014 !"},"content":{"rendered":"<p><strong>Quatre jours pour d\u00e9couvrir les films au box-office \u00e0 un prix d\u00e9risoire, seulement 3,5\u20ac d\u00e8s la premi\u00e8re s\u00e9ance<\/strong><br \/>\nUne f\u00eate organis\u00e9e par la\u00a0<a href=\"http:\/\/www.fncf.org\/online\/pid63\/la-fete-du-cinema-2013.html\"><strong>F\u00e9d\u00e9ration Nationale des Cin\u00e9mas Fran\u00e7ais<\/strong><\/a>\u00a0<a href=\"http:\/\/www.letourismeaparis.fr\/wp-content\/uploads\/2014\/06\/cine.jpeg\"><img loading=\"lazy\" decoding=\"async\" class=\"aligncenter size-full wp-image-15387\" src=\"http:\/\/www.letourismeaparis.fr\/wp-content\/uploads\/2014\/06\/cine.jpeg\" alt=\"cine\" width=\"100\" height=\"100\" \/><\/a><!--more-->avec\u00a0<a href=\"http:\/\/www.bnpparibas.com\/\"><strong>BNP Paribas<\/strong><\/a>, le partenaire exclusif des op\u00e9rations nationales du cin\u00e9ma en salles.<br \/>\nSi vous devez travaillez \u00e0 cette p\u00e9riode, la BNP Paribas prolonge la\u00a0<strong>F\u00eate du\u00a0<\/strong><strong>Cin\u00e9ma<\/strong>\u00a0du 3 au 9 juillet 2014 en offrant plus de 300 000 contremarques de cin\u00e9ma. de quoi prolonger la f\u00eate de 7 jours suppl\u00e9mentaires !<!--more--><br \/>\nToutes les s\u00e9ances sont \u00e0 <strong>3,50\u20ac<\/strong>, sauf\u00a0 les <strong>s\u00e9ances 3D,<\/strong>\u00a0pour lesquelles un suppl\u00e9ment est demand\u00e9.<\/p>\n","protected":false},"excerpt":{"rendered":"<p>Quatre jours pour d\u00e9couvrir les films au box-office \u00e0 un prix d\u00e9risoire, seulement 3,5\u20ac d\u00e8s la premi\u00e8re s\u00e9ance Une f\u00eate organis\u00e9e par la\u00a0F\u00e9d\u00e9ration Nationale des Cin\u00e9mas Fran\u00e7ais\u00a0<\/p>\n","protected":false},"author":2,"featured_media":0,"comment_status":"open","ping_status":"open","sticky":false,"template":"","format":"standard","meta":{"ngg_post_thumbnail":0,"jetpack_post_was_ever_published":false,"_jetpack_newsletter_access":"","footnotes":""},"categories":[1],"tags":[],"class_list":["post-15386","post","type-post","status-publish","format-standard","hentry","category-non-classe"],"jetpack_featured_media_url":"","jetpack-related-posts":[{"id":214,"url":"http:\/\/www.letourismeaparis.fr\/index.php\/2008\/06\/25\/la-fete-du-cinema-dimanche-2906-lundi-3006-et-mardi-0107\/","url_meta":{"origin":15386,"position":0},"title":"La F\u00eate du Cin\u00e9ma  du 26 juin au 2 juillet","author":"Fabienne TM","date":"25 juin 2008","format":false,"excerpt":"Tous les spectateurs achetant une place \u00e0 n\u2019importe quel tarif (r\u00e9duit ou plein) auront droit\u00a0 \u00e0 une autre place \u00e0 3 euros dans toutes les salles. une carte f\u00eate du cin\u00e9ma est remise au spectateur et gr\u00e2ce \u00e0 celle-ci,il peut acc\u00e9der \u00e0 toutes les s\u00e9ances suivantes au tarif exceptionnel de\u2026","rel":"","context":"Dans &quot;Non class\u00e9&quot;","block_context":{"text":"Non class\u00e9","link":"http:\/\/www.letourismeaparis.fr\/index.php\/category\/non-classe\/"},"img":{"alt_text":"","src":"","width":0,"height":0},"classes":[]},{"id":14686,"url":"http:\/\/www.letourismeaparis.fr\/index.php\/2014\/02\/21\/films-tcheques-au-festival-tout-petits-cinema\/","url_meta":{"origin":15386,"position":1},"title":"Films tch\u00e8ques au festival Tout-petits cin\u00e9ma","author":"Fabienne TM","date":"21 f\u00e9vrier 2014","format":false,"excerpt":"jusqu'au 23 f\u00e9vr. 2014 Films tch\u00e8ques au festival Tout-petits cin\u00e9ma\u00a0 Le Forum des images poursuit son travail d\u2019accompagnement des 18 mois-4 ans dans leur d\u00e9couverte du cin\u00e9ma sur grand \u00e9cran en organisant la 7e\u00a0\u00e9dition du festival\u00a0Tout-Petits Cin\u00e9ma. Chaque s\u00e9ance propose une initiation en douceur autour de la projection de merveilles\u2026","rel":"","context":"Dans &quot;Cin\u00e9ma&quot;","block_context":{"text":"Cin\u00e9ma","link":"http:\/\/www.letourismeaparis.fr\/index.php\/category\/spectacle\/cinema\/"},"img":{"alt_text":"","src":"","width":0,"height":0},"classes":[]},{"id":15368,"url":"http:\/\/www.letourismeaparis.fr\/index.php\/2014\/07\/17\/la-chaise-et-lecran-du-cinema-dans-nos-ruesdu-vendredi-4-juillet-au-vendredi-29-aout\/","url_meta":{"origin":15386,"position":2},"title":"La Chaise et l\u2019\u00e9cran \u2013 Du cin\u00e9ma dans nos rues jusqu&#039;au vendredi 29 ao\u00fbt","author":"Fabienne TM","date":"17 juillet 2014","format":false,"excerpt":"La Chaise et l\u2019\u00e9cran \u2013 Du cin\u00e9ma dans nos rues Le festival de cin\u00e9ma en plein air La Chaise et l\u2019\u00e9cran revient pour la 7\u00e8me ann\u00e9e cons\u00e9cutive. Quatre projections dans les rues du 11e pour un \u00e9t\u00e9 r\u00e9ussi ! . Maurice Decques, parisien de M\u00e9nilmontant de p\u00e8re communiste et de\u2026","rel":"","context":"Dans &quot;Cin\u00e9ma&quot;","block_context":{"text":"Cin\u00e9ma","link":"http:\/\/www.letourismeaparis.fr\/index.php\/category\/spectacle\/cinema\/"},"img":{"alt_text":"","src":"","width":0,"height":0},"classes":[]},{"id":218,"url":"http:\/\/www.letourismeaparis.fr\/index.php\/2008\/07\/07\/festival-paris-cinema-jusquau-12-juillet\/","url_meta":{"origin":15386,"position":3},"title":"Festival Paris Cin\u00e9ma jusqu&#039;au 12 juillet","author":"Fabienne TM","date":"7 juillet 2008","format":false,"excerpt":"Le Tourisme \u00e0 Paris Paris Advisor 6e \u00e9dition du Festival Paris Cin\u00e9ma Au tarif exceptionnel de 5\u20ac la s\u00e9ance et de 25\u20ac le Paris Cin\u00e9Pass Pr\u00e9sent dans une quinzaine de lieux \u00e0 travers toute la capitale, dans et hors des salles de cin\u00e9ma, le Festival Paris Cin\u00e9ma propose au public\u2026","rel":"","context":"Dans &quot;Non class\u00e9&quot;","block_context":{"text":"Non class\u00e9","link":"http:\/\/www.letourismeaparis.fr\/index.php\/category\/non-classe\/"},"img":{"alt_text":"","src":"","width":0,"height":0},"classes":[]},{"id":16995,"url":"http:\/\/www.letourismeaparis.fr\/index.php\/2015\/08\/07\/cinema-en-plein-air-a-la-villette-jusquau-23-aout\/","url_meta":{"origin":15386,"position":4},"title":"Cin\u00e9ma en plein air \u00e0 La Villette  jusqu&#039;au 23 ao\u00fbt","author":"Fabienne TM","date":"7 ao\u00fbt 2015","format":false,"excerpt":"Gratuit CHAQUE SAMEDI notamment, Avec\u00a0Premiers Pas, d\u00e9couvrez les courts m\u00e9trages de jeunes r\u00e9alisateurs venant de sortir leur premier long en salle en 2014. - 25 juillet :\u00a0Nouilles\u00a0de\u00a0Maryline Canto\u00a0(France -1988) - 1er ao\u00fbt :\u00a0Deweneti\u00a0de\u00a0Dyana Gaye\u00a0(France\/S\u00e9n\u00e9gal -2006) - 8 ao\u00fbt :\u00a0Paris Shanghai\u00a0de\u00a0Thomas Cailley\u00a0(France \u2013 2011) - 15 ao\u00fbt :\u00a0Le Naufrag\u00e9\u00a0de\u00a0Guillaume Brac\u00a0(France \u2013\u2026","rel":"","context":"Dans &quot;Non class\u00e9&quot;","block_context":{"text":"Non class\u00e9","link":"http:\/\/www.letourismeaparis.fr\/index.php\/category\/non-classe\/"},"img":{"alt_text":"","src":"","width":0,"height":0},"classes":[]},{"id":269,"url":"http:\/\/www.letourismeaparis.fr\/index.php\/2008\/08\/13\/films-a-la-villette-en-plein-air-jusquau-1708\/","url_meta":{"origin":15386,"position":5},"title":"Films \u00e0  La Villette en plein air jusqu&#039;au 17\/08","author":"Fabienne TM","date":"13 ao\u00fbt 2008","format":false,"excerpt":"Paris Advisor Le Tourisme \u00e0 Paris Cin\u00e9ma en plein air 2008 jusqu'au 17 ao\u00fbt Les \u00e9toiles du cin\u00e9ma vont briller sur l'\u00e9cran g\u00e9ant du cin\u00e9ma en plein air de la Villette. Du 15 juillet au 17 ao\u00fbt. Du mardi au dimanche \u00e0 la tomb\u00e9e de la nuit Prairie du triangle\u2026","rel":"","context":"Dans &quot;Non class\u00e9&quot;","block_context":{"text":"Non class\u00e9","link":"http:\/\/www.letourismeaparis.fr\/index.php\/category\/non-classe\/"},"img":{"alt_text":"","src":"","width":0,"height":0},"classes":[]}],"jetpack_sharing_enabled":true,"jetpack_likes_enabled":true,"_links":{"self":[{"href":"http:\/\/www.letourismeaparis.fr\/index.php\/wp-json\/wp\/v2\/posts\/15386","targetHints":{"allow":["GET"]}}],"collection":[{"href":"http:\/\/www.letourismeaparis.fr\/index.php\/wp-json\/wp\/v2\/posts"}],"about":[{"href":"http:\/\/www.letourismeaparis.fr\/index.php\/wp-json\/wp\/v2\/types\/post"}],"author":[{"embeddable":true,"href":"http:\/\/www.letourismeaparis.fr\/index.php\/wp-json\/wp\/v2\/users\/2"}],"replies":[{"embeddable":true,"href":"http:\/\/www.letourismeaparis.fr\/index.php\/wp-json\/wp\/v2\/comments?post=15386"}],"version-history":[{"count":0,"href":"http:\/\/www.letourismeaparis.fr\/index.php\/wp-json\/wp\/v2\/posts\/15386\/revisions"}],"wp:attachment":[{"href":"http:\/\/www.letourismeaparis.fr\/index.php\/wp-json\/wp\/v2\/media?parent=15386"}],"wp:term":[{"taxonomy":"category","embeddable":true,"href":"http:\/\/www.letourismeaparis.fr\/index.php\/wp-json\/wp\/v2\/categories?post=15386"},{"taxonomy":"post_tag","embeddable":true,"href":"http:\/\/www.letourismeaparis.fr\/index.php\/wp-json\/wp\/v2\/tags?post=15386"}],"curies":[{"name":"wp","href":"https:\/\/api.w.org\/{rel}","templated":true}]}}