{"id":155,"date":"2008-05-05T11:57:03","date_gmt":"2008-05-05T10:57:03","guid":{"rendered":"http:\/\/www.letourismeaparis.fr\/?p=155"},"modified":"2008-05-05T11:57:03","modified_gmt":"2008-05-05T10:57:03","slug":"le-rendez-vous-du-film-documentaire-etranger","status":"publish","type":"post","link":"http:\/\/www.letourismeaparis.fr\/index.php\/2008\/05\/05\/le-rendez-vous-du-film-documentaire-etranger\/","title":{"rendered":"LE RENDEZ VOUS DU FILM DOCUMENTAIRE ETRANGER"},"content":{"rendered":"<p>Le cin\u00e9ma MK2 Quai de Seine, 19, quai de Seine 75019-Paris  programme :<br \/>\n\u00ab\u00a0les mardis de \u00ab\u00a0<font color=\"#ff0000\">Courrier<\/font> <font color=\"#ff0000\">international<\/font>\u00a0\u00bb .<br \/>\nMardi  6 mai \u00e0 20h30 la fronti\u00e8re infinie du cin\u00e9ast mexicain Juan Manuel Sep\u00f9lveda<br \/>\n\u00ab\u00a0Chaque ann\u00e9e des centaines de milliers de migrants d&rsquo;Am\u00e9rique centrale entrent clandestinement au Mexique pour tenter de rejoindre les Etats Unis&#8230;<\/p>\n","protected":false},"excerpt":{"rendered":"<p>Le cin\u00e9ma MK2 Quai de Seine, 19, quai de Seine 75019-Paris programme : \u00ab\u00a0les mardis de \u00ab\u00a0Courrier international\u00a0\u00bb . Mardi 6 mai \u00e0 20h30 la fronti\u00e8re infinie du cin\u00e9ast mexicain Juan Manuel Sep\u00f9lveda \u00ab\u00a0Chaque ann\u00e9e des centaines de milliers de&#8230;<\/p>\n","protected":false},"author":2,"featured_media":0,"comment_status":"open","ping_status":"open","sticky":false,"template":"","format":"standard","meta":{"ngg_post_thumbnail":0,"jetpack_post_was_ever_published":false,"_jetpack_newsletter_access":"","footnotes":""},"categories":[1],"tags":[],"class_list":["post-155","post","type-post","status-publish","format-standard","hentry","category-non-classe"],"jetpack_featured_media_url":"","jetpack-related-posts":[{"id":13573,"url":"http:\/\/www.letourismeaparis.fr\/index.php\/2013\/07\/07\/le-festival-paris-cinema-2013\/","url_meta":{"origin":155,"position":0},"title":"Festival  Paris Cin\u00e9ma  jusqu&#039;au 9 juillet","author":"Fabienne TM","date":"7 juillet 2013","format":false,"excerpt":"Plus de 200 films seront projet\u00e9s , dont de nombreux in\u00e9dits. Le Festival Paris Cin\u00e9ma proposera des avant-premi\u00e8res , une comp\u00e9tition internationale de longs m\u00e9trages, des films rares ou inattendus, et des rencontres avec des personnalit\u00e9s\u00a0 du cin\u00e9ma. Ouverture du festival : C\u2019est arriv\u00e9 pr\u00e8s de chez vous Vendredi 28\u2026","rel":"","context":"Dans &quot;Cin\u00e9ma&quot;","block_context":{"text":"Cin\u00e9ma","link":"http:\/\/www.letourismeaparis.fr\/index.php\/category\/spectacle\/cinema\/"},"img":{"alt_text":"","src":"","width":0,"height":0},"classes":[]},{"id":10196,"url":"http:\/\/www.letourismeaparis.fr\/index.php\/2011\/05\/04\/6-7-et-8-mai-2011-les-puces-du-design-quai-de-la-loire\/","url_meta":{"origin":155,"position":1},"title":"6, 7 et 8 mai 2011 : les Puces du Design, quai de la Loire","author":"Fabienne TM","date":"4 mai 2011","format":false,"excerpt":"les Puces du Design r\u00e9unissent une s\u00e9lection d\u2019antiquaires sp\u00e9cialis\u00e9s en mobilier, objets et mode des ann\u00e9es 1950 \u00e0 1990. vous y trouverez les classiques et les grands noms, mais aussi les stars d\u2019un pass\u00e9 proche qui ne seront reconnues que demain. . Une exposition consacr\u00e9e \u00e0 Jean-Louis Avril, pionnier du\u2026","rel":"","context":"Dans &quot;Non class\u00e9&quot;","block_context":{"text":"Non class\u00e9","link":"http:\/\/www.letourismeaparis.fr\/index.php\/category\/non-classe\/"},"img":{"alt_text":"","src":"","width":0,"height":0},"classes":[]},{"id":9398,"url":"http:\/\/www.letourismeaparis.fr\/index.php\/2011\/03\/08\/pause-de-midi-au-cinema-a-la-bnf\/","url_meta":{"origin":155,"position":2},"title":"Pause de midi au cin\u00e9ma, \u00e0 la BNF","author":"Fabienne TM","date":"8 mars 2011","format":false,"excerpt":"Pause de midi au cin\u00e9ma, \u00e0 la BNF Quai Fran\u00e7ois Mauriac, 75013 Paris Une fois par mois, jusqu'en\u00a0 juin, \u00e0 la BnF, un cycle intitul\u00e9 le Cin\u00e9ma de midi, consacr\u00e9 cette ann\u00e9e au travail sous toutes ses formes : Compos\u00e9e de deux films courts, chaque s\u00e9ance croise les regards de\u2026","rel":"","context":"Dans &quot;Non class\u00e9&quot;","block_context":{"text":"Non class\u00e9","link":"http:\/\/www.letourismeaparis.fr\/index.php\/category\/non-classe\/"},"img":{"alt_text":"","src":"","width":0,"height":0},"classes":[]},{"id":6310,"url":"http:\/\/www.letourismeaparis.fr\/index.php\/2010\/01\/30\/avatar-en-3d-numerique-a-paris\/","url_meta":{"origin":155,"position":3},"title":"AVATAR en  3D, num\u00e9rique \u00e0 Paris","author":"Fabienne TM","date":"30 janvier 2010","format":false,"excerpt":"MK2 Od\u00e9on\u00a0 113, bd Saint-Germain 75006 Paris Max Linder Panorama 24, bd Poissonniere 75009 Paris Bretagne 73, bd du Montparnasse 75006 Paris Gaumont Gobelins 58, av. des Gobelins 75013 Paris Gaumont Op\u00e9ra 2, bd des Capucines 75009 Paris Gaumont Nation 133, bd Diderot 75012 Paris MK2 Biblioth\u00e8que 128-162 avenue de\u2026","rel":"","context":"Dans &quot;Non class\u00e9&quot;","block_context":{"text":"Non class\u00e9","link":"http:\/\/www.letourismeaparis.fr\/index.php\/category\/non-classe\/"},"img":{"alt_text":"","src":"","width":0,"height":0},"classes":[]},{"id":11806,"url":"http:\/\/www.letourismeaparis.fr\/index.php\/2012\/08\/01\/les-soirees-tango-sur-les-quais-de-seine-reprennent-a-partir-de-19-h\/","url_meta":{"origin":155,"position":4},"title":"LES SOIREES TANGO SUR LES QUAIS DE SEINE REPRENNENT  A PARTIR DE 19 H","author":"Fabienne TM","date":"1 ao\u00fbt 2012","format":false,"excerpt":"LES SOIREES TANGO SUR LES QUAIS DE SEINE REPRENNENT\u00a0 A PARTIR DE 19 H - 2 cours (initiation+ tous niveaux) \u00e0 partir de 19h - bal-soir\u00e9e \u00e0 partir de 20h30 MERCREDI 18 JUILLET 2012 8 Quai Saint Bernard 75005 Paris mercredi 18 juillet 2012 de 20h30 \u00e0 23h30 Jussieu ou\u2026","rel":"","context":"Dans &quot;Non class\u00e9&quot;","block_context":{"text":"Non class\u00e9","link":"http:\/\/www.letourismeaparis.fr\/index.php\/category\/non-classe\/"},"img":{"alt_text":"","src":"","width":0,"height":0},"classes":[]},{"id":13768,"url":"http:\/\/www.letourismeaparis.fr\/index.php\/2013\/07\/25\/paris-plages-jusquau-dimanche-18-aout-2013\/","url_meta":{"origin":155,"position":5},"title":"Paris Plages  jusqu&#039;au dimanche 18 ao\u00fbt 2013","author":"Fabienne TM","date":"25 juillet 2013","format":false,"excerpt":"Les voies sur berges, prennent des airs de bord de mer, pour les promeneurs, \u00a0cyclistes et \u00a0rollers, .Basket, tennis, lutte, escrime, tennis de table, p\u00e9tanque, tai-chi, danse de salon, espace fitness, douche \u00e0 microgouttelettes, biblioth\u00e8que \u00e9ph\u00e9m\u00e8re et \"Plage aventure\" pour les plus jeunes, avec baignade et jeux d'eau, concerts, ateliers\u2026","rel":"","context":"Dans &quot;Bons Plans&quot;","block_context":{"text":"Bons Plans","link":"http:\/\/www.letourismeaparis.fr\/index.php\/category\/bon-plan\/"},"img":{"alt_text":"","src":"","width":0,"height":0},"classes":[]}],"jetpack_sharing_enabled":true,"jetpack_likes_enabled":true,"_links":{"self":[{"href":"http:\/\/www.letourismeaparis.fr\/index.php\/wp-json\/wp\/v2\/posts\/155","targetHints":{"allow":["GET"]}}],"collection":[{"href":"http:\/\/www.letourismeaparis.fr\/index.php\/wp-json\/wp\/v2\/posts"}],"about":[{"href":"http:\/\/www.letourismeaparis.fr\/index.php\/wp-json\/wp\/v2\/types\/post"}],"author":[{"embeddable":true,"href":"http:\/\/www.letourismeaparis.fr\/index.php\/wp-json\/wp\/v2\/users\/2"}],"replies":[{"embeddable":true,"href":"http:\/\/www.letourismeaparis.fr\/index.php\/wp-json\/wp\/v2\/comments?post=155"}],"version-history":[{"count":0,"href":"http:\/\/www.letourismeaparis.fr\/index.php\/wp-json\/wp\/v2\/posts\/155\/revisions"}],"wp:attachment":[{"href":"http:\/\/www.letourismeaparis.fr\/index.php\/wp-json\/wp\/v2\/media?parent=155"}],"wp:term":[{"taxonomy":"category","embeddable":true,"href":"http:\/\/www.letourismeaparis.fr\/index.php\/wp-json\/wp\/v2\/categories?post=155"},{"taxonomy":"post_tag","embeddable":true,"href":"http:\/\/www.letourismeaparis.fr\/index.php\/wp-json\/wp\/v2\/tags?post=155"}],"curies":[{"name":"wp","href":"https:\/\/api.w.org\/{rel}","templated":true}]}}