{"id":15642,"date":"2014-09-19T08:53:40","date_gmt":"2014-09-19T08:53:40","guid":{"rendered":"http:\/\/www.letourismeaparis.fr\/?p=15642"},"modified":"2014-09-19T08:53:40","modified_gmt":"2014-09-19T08:53:40","slug":"dimanche-21-septembre-marche-mondiale-pour-le-climat","status":"publish","type":"post","link":"http:\/\/www.letourismeaparis.fr\/index.php\/2014\/09\/19\/dimanche-21-septembre-marche-mondiale-pour-le-climat\/","title":{"rendered":"Dimanche 21 septembre,  marche mondiale pour le Climat."},"content":{"rendered":"<p>3 000 \u00e9v\u00e8nements sont pr\u00e9vus dans 136 pays.<br \/>\nCet \u00e9v\u00e8nement, , intervient deux jours avant le sommet sp\u00e9cial des Nations Unies<a href=\"http:\/\/www.letourismeaparis.fr\/wp-content\/uploads\/2014\/09\/3586.png\"><img loading=\"lazy\" decoding=\"async\" class=\"aligncenter size-medium wp-image-15646\" src=\"http:\/\/www.letourismeaparis.fr\/wp-content\/uploads\/2014\/09\/3586-222x300.png\" alt=\"3586\" width=\"222\" height=\"300\" \/><\/a> sur le changement climatique qui se tiendra \u00e0 New York le 23 septembre. Cette r\u00e9union pr\u00e9liminaire \u00e0 la Conf\u00e9rence mondiale sur le Climat qui aura lieu \u00e0 Paris en 2015 devrait d\u00e9finir\u00a0<a href=\"http:\/\/www.bioalaune.com\/fr\/actualite-bio\/10513\/energie-environnement-france-bonnet-dane-de-leurope\">les grandes lignes de la politique environnementale<\/a>\u00a0des pays membres.<br \/>\n<a href=\"http:\/\/www.bioalaune.com\/fr\/actualite-bio\/13243\/en-septembre-paris-celebre-produits-locaux\">\u00c0 Paris<\/a>, le cort\u00e8ge quittera la place de la R\u00e9publique \u00e0 14 heures pour se diriger jusqu\u2019au parvis de l\u2019H\u00f4tel de Ville. Des organisations telles que le WWF France, Oxfam France, La Ruche,<a href=\"http:\/\/www.bioalaune.com\/fr\/actualite-bio\/12849\/video-comprendre-enjeux-de-surpeche-en-4-minutes-avec-greenpeace\">Greenpeace<\/a>\u00a0France ou Climates battront \u00e9galement le pav\u00e9 pour le climat.<\/p>\n","protected":false},"excerpt":{"rendered":"<p>3 000 \u00e9v\u00e8nements sont pr\u00e9vus dans 136 pays. Cet \u00e9v\u00e8nement, , intervient deux jours avant le sommet sp\u00e9cial des Nations Unies sur le changement climatique qui se tiendra \u00e0 New York le 23 septembre. Cette r\u00e9union pr\u00e9liminaire \u00e0 la Conf\u00e9rence&#8230;<\/p>\n","protected":false},"author":2,"featured_media":0,"comment_status":"open","ping_status":"open","sticky":false,"template":"","format":"standard","meta":{"ngg_post_thumbnail":0,"jetpack_post_was_ever_published":false,"_jetpack_newsletter_access":"","footnotes":""},"categories":[28,46,55],"tags":[],"class_list":["post-15642","post","type-post","status-publish","format-standard","hentry","category-familles","category-sciences","category-week-end"],"jetpack_featured_media_url":"","jetpack-related-posts":[{"id":17226,"url":"http:\/\/www.letourismeaparis.fr\/index.php\/2015\/10\/16\/climat-lexpo-a-360-a-la-cite-des-sciences\/","url_meta":{"origin":15642,"position":0},"title":"Climat, l&#039;expo \u00e0 360\u00b0 \u00e0 la cit\u00e9 des sciences","author":"Fabienne TM","date":"16 octobre 2015","format":false,"excerpt":"\u00a0 \u00c0 l\u2019occasion de la Conf\u00e9rence mondiale sur le climat COP21 qui se tiendra \u00e0 Paris du 30 novembre au 11 d\u00e9cembre 2015,\u00a0Climat, l'expo \u00e0 360\u00b0\u00a0fait le point sur les questions soulev\u00e9es par l\u2019augmentation des gaz \u00e0 effet de serre li\u00e9e aux activit\u00e9s humaines. \u00a9 Kadir van Lohuizen\/NOOR M\u00ealant\u00a0enqu\u00eate scientifique\u00a0et\u2026","rel":"","context":"Dans &quot;Mus\u00e9es \/ Expositions&quot;","block_context":{"text":"Mus\u00e9es \/ Expositions","link":"http:\/\/www.letourismeaparis.fr\/index.php\/category\/culture\/musees-expositions\/"},"img":{"alt_text":"","src":"https:\/\/i0.wp.com\/www.letourismeaparis.fr\/wp-content\/uploads\/2015\/10\/climat-203x300.jpg?resize=350%2C200","width":350,"height":200},"classes":[]},{"id":4540,"url":"http:\/\/www.letourismeaparis.fr\/index.php\/2009\/10\/14\/salon-de-la-photo-le-grand-evenement-de-la-photo\/","url_meta":{"origin":15642,"position":1},"title":"Salon de la Photo : Le grand \u00e9v\u00e9nement de la photo","author":"Fabienne TM","date":"14 octobre 2009","format":false,"excerpt":"Le salon de la Photo vous r\u00e9v\u00e8le\u00a0 les nouveaut\u00e9s des marques mondiales de la photo.\u00a0 un programme exceptionnel de rencontres, de conf\u00e9rences, d\u2019ateliers et de d\u00e9bats ; Le Salon de la Photo rend hommage \u00e0 Willy Ronis, disparu le 12 septembre dernier Dans le cadre de la saison de la\u2026","rel":"","context":"Dans &quot;Non class\u00e9&quot;","block_context":{"text":"Non class\u00e9","link":"http:\/\/www.letourismeaparis.fr\/index.php\/category\/non-classe\/"},"img":{"alt_text":"","src":"","width":0,"height":0},"classes":[]},{"id":15478,"url":"http:\/\/www.letourismeaparis.fr\/index.php\/2014\/08\/28\/100-photos-pour-un-centenaire-exposition-sur-les-champs-elysees-1er-aout-30-septembre-2014\/","url_meta":{"origin":15642,"position":2},"title":"&quot;100 photos pour le centenaire de la guerre  de 14\/18, une exposition sur les Champs-Elys\u00e9es  1er ao\u00fbt &#8211; 30 septembre 2014","author":"Fabienne TM","date":"28 ao\u00fbt 2014","format":false,"excerpt":"Une exposition de Jean-Claude Narcy ,avec le concours de l\u2019historien Jean-Pierre Verney. L\u2019ann\u00e9e 2014 marque le d\u00e9but du cycle comm\u00e9moratif du Centenaire de la Premi\u00e8re\u00a0Guerre mondiale. A cette occasion, la France, principal champ de bataille de la Grande Guerre, a\u00a0l\u2019honneur mais aussi la responsabilit\u00e9 d\u2019accueillir 100 ans plus tard les\u2026","rel":"","context":"Dans &quot;Mus\u00e9es \/ Expositions&quot;","block_context":{"text":"Mus\u00e9es \/ Expositions","link":"http:\/\/www.letourismeaparis.fr\/index.php\/category\/culture\/musees-expositions\/"},"img":{"alt_text":"","src":"","width":0,"height":0},"classes":[]},{"id":16857,"url":"http:\/\/www.letourismeaparis.fr\/index.php\/2015\/08\/14\/la-cow-parade-au-jardin-dacclimatation-jusquau-18-aout\/","url_meta":{"origin":15642,"position":3},"title":"La &quot;Cow Parade&quot; au jardin d&#039;acclimatation jusqu&#039;au 18 ao\u00fbt","author":"Fabienne TM","date":"14 ao\u00fbt 2015","format":false,"excerpt":"Vous connaissez la Cow Parade, fameuse\u00a0exposition de vaches d\u2019artistes\u00a0grandeur nature que l\u2019on a pu voir dans plus de 80 villes dans le monde, telles\u00a0que New York, Rio de Janeiro, Tokyo, Londres,Shangha\u00ef, Barcelone... \u00a0 Ce troupeau joyeux et \"colowr\u00e9\", une des plus\u00a0grandes manifestations mondiales d\u2019art\u00a0urbain, revient en France \u00e0 partir du\u2026","rel":"","context":"Dans &quot;Non class\u00e9&quot;","block_context":{"text":"Non class\u00e9","link":"http:\/\/www.letourismeaparis.fr\/index.php\/category\/non-classe\/"},"img":{"alt_text":"","src":"https:\/\/i0.wp.com\/www.letourismeaparis.fr\/wp-content\/uploads\/2015\/06\/cow-203x300.png?resize=350%2C200","width":350,"height":200},"classes":[]},{"id":18604,"url":"http:\/\/www.letourismeaparis.fr\/index.php\/2016\/09\/30\/la-15e-edition-de-la-semaine-des-cultures-etrangeres-du-23-septembre-au-2-octobre-2016\/","url_meta":{"origin":15642,"position":4},"title":"La 15e \u00e9dition de la Semaine des cultures \u00e9trang\u00e8res  du 23 septembre au 2 octobre 2016","author":"Fabienne TM","date":"30 septembre 2016","format":false,"excerpt":"C\u2019est une ann\u00e9e anniversaire que nous entamons avec la 15e \u00e9dition de la Semaine, et qui sera suivie par les 15 ans du FICEP le premier semestre 2017. Le FICEP et les centres culturels \u00e9trangers de Paris concoctent \u00e0 cette occasion de nombreux \u00e9v\u00e9nements li\u00e9s non seulement \u00e0 l\u2019adolescence, mais\u2026","rel":"","context":"Dans &quot;Non class\u00e9&quot;","block_context":{"text":"Non class\u00e9","link":"http:\/\/www.letourismeaparis.fr\/index.php\/category\/non-classe\/"},"img":{"alt_text":"","src":"","width":0,"height":0},"classes":[]},{"id":18696,"url":"http:\/\/www.letourismeaparis.fr\/index.php\/2016\/09\/23\/radio-france-fete-le-sport-2016-dimanche-25-septembre\/","url_meta":{"origin":15642,"position":5},"title":"Radio France f\u00eate le sport 2016 dimanche 25 septembre.","author":"Fabienne TM","date":"23 septembre 2016","format":false,"excerpt":"Il y aura des d\u00e9monstrations en lien avec les f\u00e9d\u00e9rations sportives : badminton, escrime, boxe, mur d'escalade\u2026 Radio France f\u00eate tous les sports ! avec des dizaines d\u2019animations. Un \u00e9v\u00e9nement de running ascensionnel avec la course Vertigo dans la Tour centrale de Radio France. Le principe : gravir 365 marches,\u2026","rel":"","context":"Dans &quot;Non class\u00e9&quot;","block_context":{"text":"Non class\u00e9","link":"http:\/\/www.letourismeaparis.fr\/index.php\/category\/non-classe\/"},"img":{"alt_text":"","src":"","width":0,"height":0},"classes":[]}],"jetpack_sharing_enabled":true,"jetpack_likes_enabled":true,"_links":{"self":[{"href":"http:\/\/www.letourismeaparis.fr\/index.php\/wp-json\/wp\/v2\/posts\/15642","targetHints":{"allow":["GET"]}}],"collection":[{"href":"http:\/\/www.letourismeaparis.fr\/index.php\/wp-json\/wp\/v2\/posts"}],"about":[{"href":"http:\/\/www.letourismeaparis.fr\/index.php\/wp-json\/wp\/v2\/types\/post"}],"author":[{"embeddable":true,"href":"http:\/\/www.letourismeaparis.fr\/index.php\/wp-json\/wp\/v2\/users\/2"}],"replies":[{"embeddable":true,"href":"http:\/\/www.letourismeaparis.fr\/index.php\/wp-json\/wp\/v2\/comments?post=15642"}],"version-history":[{"count":0,"href":"http:\/\/www.letourismeaparis.fr\/index.php\/wp-json\/wp\/v2\/posts\/15642\/revisions"}],"wp:attachment":[{"href":"http:\/\/www.letourismeaparis.fr\/index.php\/wp-json\/wp\/v2\/media?parent=15642"}],"wp:term":[{"taxonomy":"category","embeddable":true,"href":"http:\/\/www.letourismeaparis.fr\/index.php\/wp-json\/wp\/v2\/categories?post=15642"},{"taxonomy":"post_tag","embeddable":true,"href":"http:\/\/www.letourismeaparis.fr\/index.php\/wp-json\/wp\/v2\/tags?post=15642"}],"curies":[{"name":"wp","href":"https:\/\/api.w.org\/{rel}","templated":true}]}}