{"id":15687,"date":"2014-09-24T16:23:53","date_gmt":"2014-09-24T16:23:53","guid":{"rendered":"http:\/\/www.letourismeaparis.fr\/?p=15687"},"modified":"2014-09-24T16:23:53","modified_gmt":"2014-09-24T16:23:53","slug":"festival-de-la-fine-bouche-la-mairie-du-9eme-samedi-27-septembre","status":"publish","type":"post","link":"http:\/\/www.letourismeaparis.fr\/index.php\/2014\/09\/24\/festival-de-la-fine-bouche-la-mairie-du-9eme-samedi-27-septembre\/","title":{"rendered":"Festival de la Fine Bouche \u00e0 la mairie du 9\u00e8me ,samedi 27 septembre"},"content":{"rendered":"<p style=\"color: #000000;\">Venez d\u00e9couvrir sur le parvis de la Mairie du 9\u00e8me arrondissement les nouveaux noms de la Gastronomie parisienne. \u00a0Venez rencontrer les jeunes entreprises qui participent \u00e0 l&rsquo;animation de notre ville.<\/p>\n<p style=\"color: #000000;\"><strong>Au programme, des d\u00e9gustations, des conf\u00e9rences, des animations, des cours et bien plus encore !\u2028\u2028<\/strong><!--more--><\/p>\n<p style=\"color: #000000;\">Liste des participants\u00a0:<\/p>\n<ul style=\"color: #000000;\">\n<li class=\"liste-puces\">Marlette<\/li>\n<li class=\"liste-puces\">Glaces Glazed<\/li>\n<li class=\"liste-puces\">Pr\u00eat \u00e0 pousser<\/li>\n<li class=\"liste-puces\">L&rsquo;Atelier des Lilas<\/li>\n<li class=\"liste-puces\">MyGreenShoot<\/li>\n<li class=\"liste-puces\">Gallia Paris<\/li>\n<li class=\"liste-puces\">Matahi<\/li>\n<li class=\"liste-puces\">Paris Cola<\/li>\n<li class=\"liste-puces\">Cosy<\/li>\n<li class=\"liste-puces\">The Green &amp; Blue Veda<\/li>\n<li class=\"liste-puces\">Chronoresto<\/li>\n<li class=\"liste-puces\">La Belle Assiette<\/li>\n<li class=\"liste-puces\">Click Eat<\/li>\n<li class=\"liste-puces\">Foodraising.com<\/li>\n<li class=\"liste-puces\">Laruchequiditoui<\/li>\n<li class=\"liste-puces\">AH LA VACHE<\/li>\n<\/ul>\n<p style=\"color: #000000;\">ENTR\u00c9E LIBRE<\/p>\n<p>Un rassemblement d\u2019acteurs participant \u00e0 l\u2019\u00e9volution, au changement et au\u00a0progr\u00e8s de la gastronomie fran\u00e7aise.<br \/>\n<!--more--><br \/>\nObjectif : Faire d\u00e9couvrir aux visiteurs les nouveaut\u00e9s et innovations d\u00e9velopp\u00e9es\u00a0par les jeunes entreprises de l\u2019alimentaire en France<br \/>\nMairie du 9\u00e8me arrondissement (6, rue Drouot, 75009 Paris)<br \/>\nHoraires : 12h-22h<\/p>\n","protected":false},"excerpt":{"rendered":"<p>Venez d\u00e9couvrir sur le parvis de la Mairie du 9\u00e8me arrondissement les nouveaux noms de la Gastronomie parisienne. \u00a0Venez rencontrer les jeunes entreprises qui participent \u00e0 l&rsquo;animation de notre ville. Au programme, des d\u00e9gustations, des conf\u00e9rences, des animations, des cours&#8230;<\/p>\n","protected":false},"author":2,"featured_media":0,"comment_status":"open","ping_status":"open","sticky":false,"template":"","format":"standard","meta":{"ngg_post_thumbnail":0,"jetpack_post_was_ever_published":false,"_jetpack_newsletter_access":"","footnotes":""},"categories":[30],"tags":[],"class_list":["post-15687","post","type-post","status-publish","format-standard","hentry","category-gastronomie"],"jetpack_featured_media_url":"","jetpack-related-posts":[{"id":19177,"url":"http:\/\/www.letourismeaparis.fr\/index.php\/2016\/12\/11\/fete-de-noel-de-la-mairie-du-9eme\/","url_meta":{"origin":15687,"position":0},"title":"F\u00caTE DE NO\u00cbL  DE LA MAIRIE DU 9\u00e9me","author":"Fabienne TM","date":"11 d\u00e9cembre 2016","format":false,"excerpt":"Mercredi 14 d\u00e9cembre Sur une place Lino Ventura recouverte de sapins, des animations gratuites vous seront propos\u00e9es:\u00a0d\u00e9gustation de\u00a0pop-corn\u00a0et de\u00a0barbe \u00e0 papa, vin chaud\u00a0offert par Le Smiley... La chorale des petits chanteurs de Notre-Dame-de-Lorette\u00a0saura \u00e9merveiller tous les participants \u00e0 cette grande f\u00eate de fin d\u2019ann\u00e9e. 17h \u00e0 19h Place Lino Ventura","rel":"","context":"Dans &quot;Non class\u00e9&quot;","block_context":{"text":"Non class\u00e9","link":"http:\/\/www.letourismeaparis.fr\/index.php\/category\/non-classe\/"},"img":{"alt_text":"","src":"https:\/\/i0.wp.com\/www.letourismeaparis.fr\/wp-content\/uploads\/2016\/12\/Capture-d%C3%A2%C2%80%C2%99e%C3%8C%C2%81cran-2016-12-07-a%C3%8C%C2%80-14.43.58-300x255.png?resize=350%2C200","width":350,"height":200},"classes":[]},{"id":18420,"url":"http:\/\/www.letourismeaparis.fr\/index.php\/2016\/07\/06\/pour-les-gastronomes-une-date-a-noterallons-au-marche-avec-les-chefs-relais-chateaux-dimanche-25-septembre\/","url_meta":{"origin":15687,"position":1},"title":"Pour les gastronomes, une date \u00e0 noter\u00abAllons au march\u00e9 avec les chefs Relais &amp; Ch\u00e2teaux\u00bb dimanche 25 septembre","author":"Fabienne TM","date":"6 juillet 2016","format":false,"excerpt":"\u00abAllons au march\u00e9 avec les chefs Relais & Ch\u00e2teaux\u00bb Dimanche 25 septembre 2016, de 8h30 \u00e0 14h Place Lino Ventura, 9\u00e8me arrondissement de Paris Le 25 septembre 2016, \u00e0 l\u2019occasion de la F\u00eate de la Gastronomie, Relais & Ch\u00e2teaux\u00a0invite le grand public au march\u00e9 des plus beaux mara\u00eechers de France\u2026","rel":"","context":"Dans &quot;Familles&quot;","block_context":{"text":"Familles","link":"http:\/\/www.letourismeaparis.fr\/index.php\/category\/familles\/"},"img":{"alt_text":"","src":"","width":0,"height":0},"classes":[]},{"id":5376,"url":"http:\/\/www.letourismeaparis.fr\/index.php\/2009\/12\/14\/concerts-jeunes-talents-a-la-mairie-du-9eme-le-17-decembre\/","url_meta":{"origin":15687,"position":2},"title":"Concerts Jeunes Talents \u00e0 la mairie du 9\u00e8me  le 17 d\u00e9cembre","author":"Fabienne TM","date":"14 d\u00e9cembre 2009","format":false,"excerpt":"Chaque mois, la mairie du 9e vous invite \u00e0 d\u00e9couvrir les talents de la nouvelle g\u00e9n\u00e9ration de musiciens, chanteurs et compositeurs, lors d\u2019un concert classique gratuit, organis\u00e9 par l\u2019association Jeunes Talents. * Jeudi 17 d\u00e9cembre 2009 : Pause piano avec Vardhui Yeristsyan Programme :\u00a0 Beethoven, Schumann, Jolivet, Rihm, Mantovani *\u2026","rel":"","context":"Dans &quot;Non class\u00e9&quot;","block_context":{"text":"Non class\u00e9","link":"http:\/\/www.letourismeaparis.fr\/index.php\/category\/non-classe\/"},"img":{"alt_text":"","src":"","width":0,"height":0},"classes":[]},{"id":23344,"url":"http:\/\/www.letourismeaparis.fr\/index.php\/2019\/06\/13\/9eme-edition-de-la-moisson-des-brasseurs-du-21-au-23-juin-2019\/","url_meta":{"origin":15687,"position":3},"title":"9\u00e8me \u00e9dition de La Moisson des  brasseurs du 21 au 23 juin 2019","author":"Fabienne TM","date":"13 juin 2019","format":false,"excerpt":"Lancement de la saison du tourisme brassicole : 6 en Ile-de-France Pendant 3 jours, \u00e0 l\u2019initiative de Brasseurs de France, les brasseurs ouvrent leurs portes et donnent rendez-vous au grand public pour une nouvelle \u00e9dition de la Moisson des Brasseurs. Portes ouvertes dans 70 brasseries de toutes les r\u00e9gions de\u2026","rel":"","context":"Dans &quot;Non class\u00e9&quot;","block_context":{"text":"Non class\u00e9","link":"http:\/\/www.letourismeaparis.fr\/index.php\/category\/non-classe\/"},"img":{"alt_text":"","src":"","width":0,"height":0},"classes":[]},{"id":844,"url":"http:\/\/www.letourismeaparis.fr\/index.php\/2008\/12\/13\/recital-jeunes-talents-a-la-mairie-du-9eme-jeudi-18-decembre-a-12h45\/","url_meta":{"origin":15687,"position":4},"title":"R\u00e9cital jeunes talents \u00e0 la mairie du 9\u00e8me , jeudi 18 d\u00e9cembre \u00e0 12h45","author":"Fabienne TM","date":"13 d\u00e9cembre 2008","format":false,"excerpt":"\"L\u2019Association Jeunes Talents donne carte blanche au\u00a0 pianiste Antoine de Grol\u00e9e\" Programme :\u00a0\u00a0\u00a0 \u00a0 Schubert\u00a0\u00a0\u00a0\u00a0 \u00a0\u00a0\u00a0\u00a0 \u00a0 Sonate en La M D959 Schumann\u00a0\u00a0\u00a0\u00a0\u00a0\u00a0\u00a0\u00a0 Les Papillons Opus 2, Debussy\u00a0\u00a0\u00a0\u00a0\u00a0\u00a0\u00a0\u00a0\u00a0 \u00a0 Estampes R\u00e9cital Jeunes Talents Jeudi 18 d\u00e9cembre \u00e0 12h45 Mairie du 9e, salle Rossini\u00a0\u00a0 6, rue Drouot \u00a0 Paris- 75009 entr\u00e9e\u2026","rel":"","context":"Dans &quot;Non class\u00e9&quot;","block_context":{"text":"Non class\u00e9","link":"http:\/\/www.letourismeaparis.fr\/index.php\/category\/non-classe\/"},"img":{"alt_text":"","src":"","width":0,"height":0},"classes":[]},{"id":2527,"url":"http:\/\/www.letourismeaparis.fr\/index.php\/2009\/04\/06\/concert-jeudi-9-avril-a-12h30-a-la-mairie-du-9eme\/","url_meta":{"origin":15687,"position":5},"title":"Concert jeudi 9 avril \u00e0 12h30 \u00e0 la mairie du 9\u00e8me","author":"Fabienne TM","date":"6 avril 2009","format":false,"excerpt":"Chaque mois, la mairie du 9e vous invite \u00e0 d\u00e9couvrir les talents de la nouvelle g\u00e9n\u00e9ration de musiciens, chanteurs et compositeurs, lors d\u2019un concert classique gratuit, organis\u00e9 par l\u2019association Jeunes Talents.Entr\u00e9e libre.? Ag\u00e9s de 18 \u00e0 26 ans, les musiciens que l'association Jeunes Talents pr\u00e9sente, sont pour la plupart issus\u2026","rel":"","context":"Dans &quot;Non class\u00e9&quot;","block_context":{"text":"Non class\u00e9","link":"http:\/\/www.letourismeaparis.fr\/index.php\/category\/non-classe\/"},"img":{"alt_text":"","src":"","width":0,"height":0},"classes":[]}],"jetpack_sharing_enabled":true,"jetpack_likes_enabled":true,"_links":{"self":[{"href":"http:\/\/www.letourismeaparis.fr\/index.php\/wp-json\/wp\/v2\/posts\/15687","targetHints":{"allow":["GET"]}}],"collection":[{"href":"http:\/\/www.letourismeaparis.fr\/index.php\/wp-json\/wp\/v2\/posts"}],"about":[{"href":"http:\/\/www.letourismeaparis.fr\/index.php\/wp-json\/wp\/v2\/types\/post"}],"author":[{"embeddable":true,"href":"http:\/\/www.letourismeaparis.fr\/index.php\/wp-json\/wp\/v2\/users\/2"}],"replies":[{"embeddable":true,"href":"http:\/\/www.letourismeaparis.fr\/index.php\/wp-json\/wp\/v2\/comments?post=15687"}],"version-history":[{"count":0,"href":"http:\/\/www.letourismeaparis.fr\/index.php\/wp-json\/wp\/v2\/posts\/15687\/revisions"}],"wp:attachment":[{"href":"http:\/\/www.letourismeaparis.fr\/index.php\/wp-json\/wp\/v2\/media?parent=15687"}],"wp:term":[{"taxonomy":"category","embeddable":true,"href":"http:\/\/www.letourismeaparis.fr\/index.php\/wp-json\/wp\/v2\/categories?post=15687"},{"taxonomy":"post_tag","embeddable":true,"href":"http:\/\/www.letourismeaparis.fr\/index.php\/wp-json\/wp\/v2\/tags?post=15687"}],"curies":[{"name":"wp","href":"https:\/\/api.w.org\/{rel}","templated":true}]}}