{"id":16136,"date":"2015-02-27T10:05:01","date_gmt":"2015-02-27T10:05:01","guid":{"rendered":"http:\/\/www.letourismeaparis.fr\/?p=16136"},"modified":"2015-02-27T10:05:01","modified_gmt":"2015-02-27T10:05:01","slug":"les-concerts-croque-musique-la-mairie-du-4-eme","status":"publish","type":"post","link":"http:\/\/www.letourismeaparis.fr\/index.php\/2015\/02\/27\/les-concerts-croque-musique-la-mairie-du-4-eme\/","title":{"rendered":"Les concerts Croque-Musique \u00e0 la mairie du 4 \u00e8me"},"content":{"rendered":"<p><strong>Les concerts Croque-Musique<\/strong><br \/>\nL\u2019Orchestre Lamoureux propose une nouvelle formule musicale\u00a0: \u00ab\u00a0Croque-Musique\u00a0\u00bb. Les musiciens de l\u2019Orchestre Lamoureux s\u2019installent \u00e0 la Salle des F\u00eates de la Mairie du 4e pour vous offrir un concert \u00e0 l\u2019heure de votre pause d\u00e9jeuner. Apportez votre sandwich et venez manger en musique avec l\u2019Orchestre Lamoureux.<a href=\"http:\/\/www.letourismeaparis.fr\/wp-content\/uploads\/2015\/01\/cm.jpeg\"><img loading=\"lazy\" decoding=\"async\" class=\"aligncenter size-medium wp-image-16137\" src=\"http:\/\/www.letourismeaparis.fr\/wp-content\/uploads\/2015\/01\/cm-214x300.jpeg\" alt=\"cm\" width=\"214\" height=\"300\" \/><\/a><br \/>\n<strong>Le 5 mars 2015 de 12h45 \u00e0 13h30<\/strong><\/p>\n<ul>\n<li>Violon, violoncelle, clarinette, basson, trompette et piano<\/li>\n<li>Trio path\u00e9tique en r\u00e9 mineur de Glinka<\/li>\n<li>La revue de cuisine, ballet pour six instruments de Martinu<\/li>\n<\/ul>\n<p><strong>Informations pratiques\u00a0:<\/strong><br \/>\nSalle des F\u00eates de la Mairie du 4e<br \/>\n2, place Baudoyer<br \/>\nDur\u00e9e des concerts\u00a0: 30 min environ<br \/>\nTarif unique\u00a0: 6\u20ac<br \/>\nR\u00e9servation aupr\u00e8s de l\u2019Orchestre Lamoureux\u00a0:<br \/>\n01 58 39 30 30<br \/>\n<a href=\"http:\/\/www.orchestrelamoureux.com\/\"><strong>www.orchestrelamoureux.com<\/strong><\/a><br \/>\nVente de billets sur place, 30 min. avant le d\u00e9but du concert<\/p>\n","protected":false},"excerpt":{"rendered":"<p>Les concerts Croque-Musique L\u2019Orchestre Lamoureux propose une nouvelle formule musicale\u00a0: \u00ab\u00a0Croque-Musique\u00a0\u00bb. Les musiciens de l\u2019Orchestre Lamoureux s\u2019installent \u00e0 la Salle des F\u00eates de la Mairie du 4e pour vous offrir un concert \u00e0 l\u2019heure de votre pause d\u00e9jeuner. Apportez votre&#8230;<\/p>\n","protected":false},"author":2,"featured_media":0,"comment_status":"open","ping_status":"open","sticky":false,"template":"","format":"standard","meta":{"ngg_post_thumbnail":0,"jetpack_post_was_ever_published":false,"_jetpack_newsletter_access":"","footnotes":""},"categories":[39],"tags":[],"class_list":["post-16136","post","type-post","status-publish","format-standard","hentry","category-musique"],"jetpack_featured_media_url":"","jetpack-related-posts":[{"id":14481,"url":"http:\/\/www.letourismeaparis.fr\/index.php\/2014\/01\/29\/concert-caritatif-lunesco-samedi-1er-fevrier\/","url_meta":{"origin":16136,"position":0},"title":"Concert caritatif \u00e0 l&#039;Unesco samedi 1er f\u00e9vrier","author":"Fabienne TM","date":"29 janvier 2014","format":false,"excerpt":"\" Passer une soir\u00e9e d'exception \u00e0 l'UNESCO \u00e0 l'\u00e9coute de l'Orchestre Symphonique Espoir sans Fronti\u00e8res, c'est participer activement \u00e0 la construction d'une \u00e9cole \u00e0 Madagascar ! \u201c Programme : Airs d\u2019Op\u00e9ras c\u00e9l\u00e8bres pour ch\u0153ur et solistes \u00a0:Nabucco -\u00a0 Don Giovanni -\u00a0 Carmen - Rigoletto - La Traviata - A\u00efda .\u2026","rel":"","context":"Dans &quot;Musique&quot;","block_context":{"text":"Musique","link":"http:\/\/www.letourismeaparis.fr\/index.php\/category\/culture\/concerts-musique\/musique\/"},"img":{"alt_text":"","src":"","width":0,"height":0},"classes":[]},{"id":13935,"url":"http:\/\/www.letourismeaparis.fr\/index.php\/2013\/09\/18\/13935\/","url_meta":{"origin":16136,"position":1},"title":"La f\u00eate de la lune dans le 13 \u00e8me : 19\/ 20 \/21 septembre   des concerts et un ballet","author":"Fabienne TM","date":"18 septembre 2013","format":false,"excerpt":"La c\u00e9r\u00e9monie des illuminations des lanternes g\u00e9antes aura lieu le jeudi 19 septembre \u00e0 17h sur le parvis de la Mairie du 13e. \u00a0 Jeudi 19 septembre, \u00e0 19h Salle des f\u00eates - Mairie du 13e\u00a0,\u00a0 Concert Au Clair de La Lune Par l\u2019Orchestre Philharmonique de Shaanxi, Chine Fond\u00e9 en\u2026","rel":"","context":"Dans &quot;Cultures du Monde&quot;","block_context":{"text":"Cultures du Monde","link":"http:\/\/www.letourismeaparis.fr\/index.php\/category\/culture\/musees-expositions\/cultures-du-monde\/"},"img":{"alt_text":"","src":"https:\/\/i0.wp.com\/www.letourismeaparis.fr\/wp-content\/uploads\/2013\/09\/lune-249x300.png?resize=350%2C200","width":350,"height":200},"classes":[]},{"id":9150,"url":"http:\/\/www.letourismeaparis.fr\/index.php\/2010\/12\/13\/rencontres-musicales-de-puteaux-2010-du-13-au-18-decembre\/","url_meta":{"origin":16136,"position":2},"title":"Rencontres Musicales de Puteaux 2010 jusqu&#039;au 18 d\u00e9cembre","author":"Fabienne TM","date":"13 d\u00e9cembre 2010","format":false,"excerpt":"Mardi 14 d\u00e9cembre 2010 de 15h \u00e0 18h Palais de la Culture Master Class de June Anderson Mardi 14 d\u00e9cembre 2010 \u00e0 20h45 Th\u00e9\u00e2tre des Hauts de Seine Feu Sacr\u00e9 Dans le cadre de l'ann\u00e9e Chopin, MACHA MERIL et MARC LAFORET. Musique de Fred\u00e9ric CHOPIN Textes George Sand Concert suivi\u2026","rel":"","context":"Dans &quot;Non class\u00e9&quot;","block_context":{"text":"Non class\u00e9","link":"http:\/\/www.letourismeaparis.fr\/index.php\/category\/non-classe\/"},"img":{"alt_text":"","src":"","width":0,"height":0},"classes":[]},{"id":6655,"url":"http:\/\/www.letourismeaparis.fr\/index.php\/2010\/02\/23\/des-concerts-a-la-mairie-du-4eme-les-25jazz-et-27-fevrierpiano\/","url_meta":{"origin":16136,"position":3},"title":"Des concerts \u00e0 la mairie du 4\u00e8me les 25(Jazz) et 27 f\u00e9vrier(piano)","author":"Fabienne TM","date":"23 f\u00e9vrier 2010","format":false,"excerpt":"J4ZZ \/\/ le CNSM invite Fran\u00e7ois JEANNEAU Jeudi 25 f\u00e9vrier 2010 \u00e0 20h Le Conservatoire national sup\u00e9rieur de musique de Paris et Riccardo DEL FRA invitent Fran\u00e7ois JEANNEAU : saxophoniste, fl\u00fbtiste, compositeur, arrangeur, chef d'orchestre, p\u00e9dagogue, soundpainter... Melomania invite Irakly AVALIANI\u00a0\u00a0 Samedi 27 f\u00e9vrier \u00e0 15h L'invit\u00e9 est l'immense musicien\u2026","rel":"","context":"Dans &quot;Non class\u00e9&quot;","block_context":{"text":"Non class\u00e9","link":"http:\/\/www.letourismeaparis.fr\/index.php\/category\/non-classe\/"},"img":{"alt_text":"","src":"","width":0,"height":0},"classes":[]},{"id":17179,"url":"http:\/\/www.letourismeaparis.fr\/index.php\/2015\/10\/19\/apres-midi-musical-a-la-mairie-du-neuvieme-entree-libre\/","url_meta":{"origin":16136,"position":4},"title":"Apr\u00e8s-midi musical \u00e0 la Mairie du Neuvi\u00e8me ( entr\u00e9e libre)","author":"Fabienne TM","date":"19 octobre 2015","format":false,"excerpt":"Apr\u00e8s-midi musical \u00e0 la Mairie du Neuf Un dimanche par mois venez assister aux apr\u00e8s-midi musicaux de la Mairie du Neuf en partenariat avec Paris Mozart Orchestra et le soutien des Galeries Lafayette.\u00a0 L\u2019orchestre vous proposera une s\u00e9rie de concert in\u00e9dit et de th\u00e9matique diff\u00e9rente \u00e0 chaque repr\u00e9sentation. La saison\u2026","rel":"","context":"Dans &quot;Bons Plans&quot;","block_context":{"text":"Bons Plans","link":"http:\/\/www.letourismeaparis.fr\/index.php\/category\/bon-plan\/"},"img":{"alt_text":"","src":"https:\/\/i0.wp.com\/www.letourismeaparis.fr\/wp-content\/uploads\/2015\/10\/m9-209x300.jpeg?resize=350%2C200","width":350,"height":200},"classes":[]},{"id":17838,"url":"http:\/\/www.letourismeaparis.fr\/index.php\/2016\/01\/18\/des-concerts-gratuits-a-la-mairie-du-8eme\/","url_meta":{"origin":16136,"position":5},"title":"Des concerts gratuits \u00e0 la mairie du 8\u00e8me","author":"Fabienne TM","date":"18 janvier 2016","format":false,"excerpt":"\u25ba\u00a021 janvier 2016 \u00e0 13 h: Concert de musique de chambre des \u00e9tudiants de l'\u00a0\u00c9cole normale de Musique de Paris\u00a0. \u0152uvres de Louise Farrenc, Darius Milhaud, Alban berg et Carl Reinecke. \u25ba\u00a028 janvier 2016 :\u00a0\u00e0 13 h Les \u00e9tudiants au\u00a0CRR de Paris\u00a0, de la classe de musique de chambre de\u2026","rel":"","context":"Dans &quot;Musique&quot;","block_context":{"text":"Musique","link":"http:\/\/www.letourismeaparis.fr\/index.php\/category\/culture\/concerts-musique\/musique\/"},"img":{"alt_text":"","src":"","width":0,"height":0},"classes":[]}],"jetpack_sharing_enabled":true,"jetpack_likes_enabled":true,"_links":{"self":[{"href":"http:\/\/www.letourismeaparis.fr\/index.php\/wp-json\/wp\/v2\/posts\/16136","targetHints":{"allow":["GET"]}}],"collection":[{"href":"http:\/\/www.letourismeaparis.fr\/index.php\/wp-json\/wp\/v2\/posts"}],"about":[{"href":"http:\/\/www.letourismeaparis.fr\/index.php\/wp-json\/wp\/v2\/types\/post"}],"author":[{"embeddable":true,"href":"http:\/\/www.letourismeaparis.fr\/index.php\/wp-json\/wp\/v2\/users\/2"}],"replies":[{"embeddable":true,"href":"http:\/\/www.letourismeaparis.fr\/index.php\/wp-json\/wp\/v2\/comments?post=16136"}],"version-history":[{"count":0,"href":"http:\/\/www.letourismeaparis.fr\/index.php\/wp-json\/wp\/v2\/posts\/16136\/revisions"}],"wp:attachment":[{"href":"http:\/\/www.letourismeaparis.fr\/index.php\/wp-json\/wp\/v2\/media?parent=16136"}],"wp:term":[{"taxonomy":"category","embeddable":true,"href":"http:\/\/www.letourismeaparis.fr\/index.php\/wp-json\/wp\/v2\/categories?post=16136"},{"taxonomy":"post_tag","embeddable":true,"href":"http:\/\/www.letourismeaparis.fr\/index.php\/wp-json\/wp\/v2\/tags?post=16136"}],"curies":[{"name":"wp","href":"https:\/\/api.w.org\/{rel}","templated":true}]}}