{"id":16230,"date":"2015-02-24T20:15:36","date_gmt":"2015-02-24T20:15:36","guid":{"rendered":"http:\/\/www.letourismeaparis.fr\/?p=16230"},"modified":"2015-02-24T20:15:36","modified_gmt":"2015-02-24T20:15:36","slug":"un-train-du-chocolat-dedie-aux-fondus-de-cacao-dans-les-gares-pour-les-fetes-de-paques","status":"publish","type":"post","link":"http:\/\/www.letourismeaparis.fr\/index.php\/2015\/02\/24\/un-train-du-chocolat-dedie-aux-fondus-de-cacao-dans-les-gares-pour-les-fetes-de-paques\/","title":{"rendered":"un Train du Chocolat d\u00e9di\u00e9 aux fondus de cacao dans les gares pour les f\u00eates de P\u00e2ques &#8230;."},"content":{"rendered":"<p>&nbsp;<br \/>\n<strong>A l\u2019occasion des f\u00eates de P\u00e2ques, Trains Expo Ev\u00e9nements SNCF s\u2019associe au P\u00e2tissier-Chocolatier, Yves Thuri\u00e8s, deux fois Meilleur Ouvrier de France, pour mettre sur les rails un Train du Chocolat d\u00e9di\u00e9 aux fondus de cacao<\/strong>.<a href=\"http:\/\/www.letourismeaparis.fr\/wp-content\/uploads\/2015\/03\/Affiche-Train-du-Chocolat-2015.png\"><img loading=\"lazy\" decoding=\"async\" class=\"aligncenter size-medium wp-image-16236\" src=\"http:\/\/www.letourismeaparis.fr\/wp-content\/uploads\/2015\/03\/Affiche-Train-du-Chocolat-2015-199x300.png\" alt=\"Affiche Train du Chocolat 2015\" width=\"199\" height=\"300\" \/><\/a><!--more--><br \/>\n&nbsp;<br \/>\nPour sa troisi\u00e8me \u00e9dition, le Train du Chocolat, qui avait rassembl\u00e9 plus de 27 000 visiteurs en 2013 accueillera les gourmands de tous \u00e2ges sur les quais de six grandes gares parisiennes du 14 au 22 mars 2015.<br \/>\n&nbsp;<br \/>\nQuatre voitures seront enti\u00e8rement d\u00e9di\u00e9es au chocolat avec un parcours gourmand, une exposition d\u2019objets azt\u00e8ques pr\u00eat\u00e9s par les Mus\u00e9e Choco-Story de Paris et Les Secrets du Chocolat de Strasbourg, des animations en pr\u00e9sence du Ma\u00eetre Chocolatier Yves Thuri\u00e8s mais \u00e9galement une boutique pour faire le plein de chocolats\u00a0pour P\u00e2ques\u00a0!<br \/>\n&nbsp;<br \/>\nUn rendez-vous \u00e0 ne pas manquer pour d\u00e9couvrir, \u00e0 bord du Train Expo tout de chocolat v\u00eatu, et dans une sc\u00e9nographie unique, une exposition qui r\u00e9v\u00e9lera tous les myst\u00e8res et les secrets de fabrication du chocolat.<\/p>\n","protected":false},"excerpt":{"rendered":"<p>&nbsp; A l\u2019occasion des f\u00eates de P\u00e2ques, Trains Expo Ev\u00e9nements SNCF s\u2019associe au P\u00e2tissier-Chocolatier, Yves Thuri\u00e8s, deux fois Meilleur Ouvrier de France, pour mettre sur les rails un Train du Chocolat d\u00e9di\u00e9 aux fondus de cacao.<\/p>\n","protected":false},"author":2,"featured_media":0,"comment_status":"open","ping_status":"open","sticky":false,"template":"","format":"standard","meta":{"ngg_post_thumbnail":0,"jetpack_post_was_ever_published":false,"_jetpack_newsletter_access":"","footnotes":""},"categories":[1],"tags":[],"class_list":["post-16230","post","type-post","status-publish","format-standard","hentry","category-non-classe"],"jetpack_featured_media_url":"","jetpack-related-posts":[{"id":18767,"url":"http:\/\/www.letourismeaparis.fr\/index.php\/2016\/10\/04\/le-train-saveurs-sante-a-la-gare-de-lyon\/","url_meta":{"origin":16230,"position":0},"title":"Le Train Saveurs &amp; Sant\u00e9 \u00e0 La Gare de Lyon","author":"Fabienne TM","date":"4 octobre 2016","format":false,"excerpt":"C'est une destination d\u00e9couverte itin\u00e9rante,\u00a0interactive, ludique, gourmande et p\u00e9dagogique qui stimulera vos senstout en vous informant sur comment bien manger pour mieux vivre.\u00a0De plus, le Train accueillera un espace exceptionnel dans le cadre\u00a0des arts de la table : la Vaisselle et les Carnets de l\u2019\u00c9lys\u00e9e. Pinces \u00e0\u00a0asperges, fourchettes \u00e0 melons,\u2026","rel":"","context":"Dans &quot;Non class\u00e9&quot;","block_context":{"text":"Non class\u00e9","link":"http:\/\/www.letourismeaparis.fr\/index.php\/category\/non-classe\/"},"img":{"alt_text":"","src":"","width":0,"height":0},"classes":[]},{"id":4997,"url":"http:\/\/www.letourismeaparis.fr\/index.php\/2009\/11\/06\/le-palais-du-chocolat-a-vaux-le-vicomte-les-7-et-8-novembre\/","url_meta":{"origin":16230,"position":1},"title":"Le &quot;Palais du Chocolat&quot; \u00e0 Vaux le vicomte les 7 et 8 novembre","author":"Fabienne TM","date":"6 novembre 2009","format":false,"excerpt":"le ch\u00e2teau de Vaux le Vicomte accueillera les 7 et 8 novembre 2009 la seconde \u00e9dition du \u00ab Palais du Chocolat.\u00bb Eveillez vos sens dans une ambiance raffin\u00e9e et un cadre exceptionnel. Venez admirer le savoir-faire de grands chocolatiers, savourer leurs cr\u00e9ations et d\u00e9couvrir les secrets du cacao. Un certain\u2026","rel":"","context":"Dans &quot;Non class\u00e9&quot;","block_context":{"text":"Non class\u00e9","link":"http:\/\/www.letourismeaparis.fr\/index.php\/category\/non-classe\/"},"img":{"alt_text":"","src":"","width":0,"height":0},"classes":[]},{"id":11166,"url":"http:\/\/www.letourismeaparis.fr\/index.php\/2011\/10\/19\/salon-du-chocolat-du-20-au-24-octobre\/","url_meta":{"origin":16230,"position":2},"title":"Salon du chocolat du 20 au 24 octobre","author":"Fabienne TM","date":"19 octobre 2011","format":false,"excerpt":"A l\u2019occasion du Salon du Chocolat 2011, le cacaof\u00e8vier et chocolatier Michel Cluizel donnera rendez-vous \u00e0 tous les gourmands avec un stand (A9, pavillon 5.2) proposant notamment l\u2019une de ses sp\u00e9cialit\u00e9s, le mendiant au chocolat noir et au lait. La 17e \u00e9dition du Salon du Chocolat se d\u00e9roulera du 20\u2026","rel":"","context":"Dans &quot;Non class\u00e9&quot;","block_context":{"text":"Non class\u00e9","link":"http:\/\/www.letourismeaparis.fr\/index.php\/category\/non-classe\/"},"img":{"alt_text":"","src":"","width":0,"height":0},"classes":[]},{"id":20873,"url":"http:\/\/www.letourismeaparis.fr\/index.php\/2018\/03\/15\/grande-chasse-aux-oeufs-de-paques-dans-le-jardin-des-champs-elysees-mercredi-28-mars-de-15h30-17h30-en-partenariat-avec-la-maison-dalloyau\/","url_meta":{"origin":16230,"position":3},"title":"Grande chasse aux \u0153ufs de P\u00e2ques dans le jardin des Champs-Elys\u00e9es mercredi 28 mars de 15h30 \u00e0 17h30, en partenariat avec la Maison Dalloyau.","author":"Fabienne TM","date":"15 mars 2018","format":false,"excerpt":"Le Comit\u00e9 du Faubourg Saint-Honor\u00e9 vous souhaite de Joyeuses P\u00e2ques ! Afin de c\u00e9l\u00e9brer les f\u00eates de P\u00e2ques, le Comit\u00e9 du Faubourg Saint-Honor\u00e9 organise une grande chasse aux \u0153ufs dans le jardin des Champs-Elys\u00e9es le mercredi 28 mars de 15h30 \u00e0 17h30, en partenariat avec la Maison Dalloyau. \u00a0 Chaque\u2026","rel":"","context":"Dans &quot;Familles&quot;","block_context":{"text":"Familles","link":"http:\/\/www.letourismeaparis.fr\/index.php\/category\/familles\/"},"img":{"alt_text":"","src":"","width":0,"height":0},"classes":[]},{"id":8933,"url":"http:\/\/www.letourismeaparis.fr\/index.php\/2010\/11\/03\/le-chateau-de-vaux-le-vicomte-presente-le-palais-du-chocolat-les-6-et-7-novembre-2010\/","url_meta":{"origin":16230,"position":4},"title":"Le Ch\u00e2teau de Vaux le Vicomte pr\u00e9sente LE PALAIS DU CHOCOLAT les 6 et 7 novembre 2010","author":"Fabienne TM","date":"3 novembre 2010","format":false,"excerpt":"Un week-end plac\u00e9 sous le signe de la gourmandise. Au programme, nombreuses d\u00e9monstrations culinaires par des chocolatiers renomm\u00e9s - Autrement chocolat, Bellanger, Douceur d'Ange, Pineau, Plaisirs en cascade, Aoki, Fr\u00e9d\u00e9ric Cassel... -, ateliers autour du chocolat pour les petits et les grands, d\u00e9gustations dans le Salon de th\u00e9 install\u00e9 dans\u2026","rel":"","context":"Dans &quot;Non class\u00e9&quot;","block_context":{"text":"Non class\u00e9","link":"http:\/\/www.letourismeaparis.fr\/index.php\/category\/non-classe\/"},"img":{"alt_text":"","src":"","width":0,"height":0},"classes":[]},{"id":14794,"url":"http:\/\/www.letourismeaparis.fr\/index.php\/2014\/03\/07\/banania-au-musee-du-chocolat\/","url_meta":{"origin":16230,"position":5},"title":"Banania au mus\u00e9e du Chocolat&#8230;. pour petits et grands et des ateliers gourmands&#8230;.","author":"Fabienne TM","date":"7 mars 2014","format":false,"excerpt":"Au d\u00e9but des ann\u00e9es 1900, Pierre Lardet, journaliste de m\u00e9tier, constate lors d\u2019un voyage au Nicaragua que la population locale se nourrit d\u2019une boisson pr\u00e9par\u00e9e \u00e0 base d\u2019un m\u00e9lange de bananes, de c\u00e9r\u00e9ales et de cacao. A son retour en France, avec sa femme Blanche, ils reproduisent cette recette pour\u2026","rel":"","context":"Dans &quot;Non class\u00e9&quot;","block_context":{"text":"Non class\u00e9","link":"http:\/\/www.letourismeaparis.fr\/index.php\/category\/non-classe\/"},"img":{"alt_text":"","src":"","width":0,"height":0},"classes":[]}],"jetpack_sharing_enabled":true,"jetpack_likes_enabled":true,"_links":{"self":[{"href":"http:\/\/www.letourismeaparis.fr\/index.php\/wp-json\/wp\/v2\/posts\/16230","targetHints":{"allow":["GET"]}}],"collection":[{"href":"http:\/\/www.letourismeaparis.fr\/index.php\/wp-json\/wp\/v2\/posts"}],"about":[{"href":"http:\/\/www.letourismeaparis.fr\/index.php\/wp-json\/wp\/v2\/types\/post"}],"author":[{"embeddable":true,"href":"http:\/\/www.letourismeaparis.fr\/index.php\/wp-json\/wp\/v2\/users\/2"}],"replies":[{"embeddable":true,"href":"http:\/\/www.letourismeaparis.fr\/index.php\/wp-json\/wp\/v2\/comments?post=16230"}],"version-history":[{"count":0,"href":"http:\/\/www.letourismeaparis.fr\/index.php\/wp-json\/wp\/v2\/posts\/16230\/revisions"}],"wp:attachment":[{"href":"http:\/\/www.letourismeaparis.fr\/index.php\/wp-json\/wp\/v2\/media?parent=16230"}],"wp:term":[{"taxonomy":"category","embeddable":true,"href":"http:\/\/www.letourismeaparis.fr\/index.php\/wp-json\/wp\/v2\/categories?post=16230"},{"taxonomy":"post_tag","embeddable":true,"href":"http:\/\/www.letourismeaparis.fr\/index.php\/wp-json\/wp\/v2\/tags?post=16230"}],"curies":[{"name":"wp","href":"https:\/\/api.w.org\/{rel}","templated":true}]}}