{"id":16288,"date":"2015-06-04T08:43:44","date_gmt":"2015-06-04T08:43:44","guid":{"rendered":"http:\/\/www.letourismeaparis.fr\/?p=16288"},"modified":"2015-06-04T08:43:44","modified_gmt":"2015-06-04T08:43:44","slug":"jardins-jardin-aux-tuileries-noter-sur-vos-agendas","status":"publish","type":"post","link":"http:\/\/www.letourismeaparis.fr\/index.php\/2015\/06\/04\/jardins-jardin-aux-tuileries-noter-sur-vos-agendas\/","title":{"rendered":"JARDINS, JARDIN AUX TUILERIES  \u00e0 noter sur vos agendas !"},"content":{"rendered":"<p>&nbsp;<br \/>\nJARDINS, JARDIN INVENTE LES NATURES URBAINES ! Jardins, jardin est \u00e0 l\u2019origine de nombreuses innovations, projets et applications concr\u00e8tes sur le territoire .Jardins, jardin est l\u2019\u00e9v\u00e9nement jardin et design d\u2019ext\u00e9rieur au c\u0153ur de Paris\u00a0d\u00e9di\u00e9 aux \u201cpetites natures urbaines\u201d. C\u2019est, chaque ann\u00e9e, la pr\u00e9sentation<a href=\"http:\/\/www.letourismeaparis.fr\/wp-content\/uploads\/2015\/02\/jardins-2015.jpg\"><img loading=\"lazy\" decoding=\"async\" class=\"aligncenter size-medium wp-image-16289\" src=\"http:\/\/www.letourismeaparis.fr\/wp-content\/uploads\/2015\/02\/jardins-2015-300x168.jpg\" alt=\"jardins 2015\" width=\"300\" height=\"168\" \/><\/a><!--more--><br \/>\nde 12 grands jardins de 50 \u00e0 150 m2, r\u00e9alis\u00e9s par des paysagistes de renom,une vingtaine de terrasses et balcons, une centaine d\u2019exposants, des\u00a0p\u00e9pini\u00e9ristes, des conf\u00e9rences, des ateliers pour tous.<br \/>\nJardins, jardin est aussi le 1er rendez-vous parisien de toute la\u00a0profession de l\u2019horticulture et du paysage : architectes, paysagistes, institutions,f\u00e9d\u00e9rations, associations, \u00e9coles fran\u00e7aises et \u00e9trang\u00e8res qui se mobilisent\u00a0pour le \u00ab Vendredi des pros \u00bb.\u00a0Chaque ann\u00e9e, l\u2019espace projets accueille le\u00a0Concours de l\u2019innovation (150 dossiers re\u00e7us chaque ann\u00e9e), ainsi qu\u2019une\u00a0dizaine d\u2019\u00e9coles internationales de design, d\u2019architecture et du paysage, qui\u00a0r\u00e9alisent des prototypes sp\u00e9cifiques pour la manifestation.<!--more--><br \/>\nJardin des Tuileries, du jeudi 4 au dimanche 7 juin 2015<br \/>\nOuvert au public d\u00e8s le jeudi 4 juin \u00e0 11h (nouveaut\u00e9 2015) \u00ab Vendredi des pros \u00bb le 5 juin Horaires : jeudi de 11h \u00e0 18h, vendredi et samedi de 10h \u00e0 20h, dimanche de 10h \u00e0 19h<\/p>\n","protected":false},"excerpt":{"rendered":"<p>&nbsp; JARDINS, JARDIN INVENTE LES NATURES URBAINES ! Jardins, jardin est \u00e0 l\u2019origine de nombreuses innovations, projets et applications concr\u00e8tes sur le territoire .Jardins, jardin est l\u2019\u00e9v\u00e9nement jardin et design d\u2019ext\u00e9rieur au c\u0153ur de Paris\u00a0d\u00e9di\u00e9 aux \u201cpetites natures urbaines\u201d. C\u2019est,&#8230;<\/p>\n","protected":false},"author":2,"featured_media":0,"comment_status":"open","ping_status":"open","sticky":false,"template":"","format":"standard","meta":{"ngg_post_thumbnail":0,"jetpack_post_was_ever_published":false,"_jetpack_newsletter_access":"","footnotes":""},"categories":[34],"tags":[],"class_list":["post-16288","post","type-post","status-publish","format-standard","hentry","category-jardins"],"jetpack_featured_media_url":"","jetpack-related-posts":[{"id":10048,"url":"http:\/\/www.letourismeaparis.fr\/index.php\/2011\/05\/29\/jardins-jardin-aux-tuileries\/","url_meta":{"origin":16288,"position":0},"title":"Jardins, Jardin aux Tuileries","author":"Fabienne TM","date":"29 mai 2011","format":false,"excerpt":"Jardins, Jardin aux Tuileries jusqu' au 29 mai 2011 exposition-vente, au c\u0153ur de Paris, d\u00e9di\u00e9 aux tendances du jardin urbain et du design d\u2019ext\u00e9rieur. D\u00e9couvrez des v\u00e9g\u00e9taux, du mobilier, des accessoires, des produits innovants et aussi des prototypes et des cr\u00e9ations pr\u00e9sent\u00e9s dans le Village du design d\u2019ext\u00e9rieur. Promenez-vous dans\u2026","rel":"","context":"Dans &quot;Non class\u00e9&quot;","block_context":{"text":"Non class\u00e9","link":"http:\/\/www.letourismeaparis.fr\/index.php\/category\/non-classe\/"},"img":{"alt_text":"","src":"","width":0,"height":0},"classes":[]},{"id":19934,"url":"http:\/\/www.letourismeaparis.fr\/index.php\/2017\/05\/31\/jardins-jardin-aux-tuileries-du-1er-au-4-juin\/","url_meta":{"origin":16288,"position":1},"title":"&quot;Jardins Jardin &quot;aux Tuileries du 1er au 4 Juin","author":"Fabienne TM","date":"31 mai 2017","format":false,"excerpt":"4 jours pour d\u00e9couvrir les jardins \u00e9ph\u00e9m\u00e8res cr\u00e9\u00e9s dans le jardin des Tuileries et rencontrer les acteurs de l\u2019art de vivre au jardin Des jardins, terrasses, balcons \u00a0 Une vingtaine de jardins, terrasses et balcons sont r\u00e9alis\u00e9s et mis en sc\u00e8ne par des paysagistes. Les professionnels expliquent leur d\u00e9marche, le\u2026","rel":"","context":"Dans &quot;Jardins \/ Plein air&quot;","block_context":{"text":"Jardins \/ Plein air","link":"http:\/\/www.letourismeaparis.fr\/index.php\/category\/jardins\/"},"img":{"alt_text":"","src":"","width":0,"height":0},"classes":[]},{"id":21057,"url":"http:\/\/www.letourismeaparis.fr\/index.php\/2018\/06\/03\/jardins-jardins-aux-tuileries-jusquau-dimanche-3-juin\/","url_meta":{"origin":16288,"position":2},"title":"Jardins jardins aux Tuileries jusqu&#039;au dimanche 3 juin","author":"Fabienne TM","date":"3 juin 2018","format":false,"excerpt":"LE RENDEZ-VOUS DES PROFESSIONNELS ET DES AMATEURS\u00a0 DU JARDIN URBAIN ET DU DESIGN D\u2019EXT\u00c9RIEUR 4 jours pour visiter \u2013 acheter \u2013 partager \u2013 exp\u00e9rimenter \u2013 fl\u00e2ner \u2013 d\u00e9guster \u00a0 Venez d\u00e9couvrir une trentaine de jardins \u00e9ph\u00e9m\u00e8res, cr\u00e9\u00e9s par des paysagistes.\u00a0 Des professionnels du paysage vous pr\u00e9sentent la palette de m\u00e9tiers\u2026","rel":"","context":"Dans &quot;Jardins \/ Plein air&quot;","block_context":{"text":"Jardins \/ Plein air","link":"http:\/\/www.letourismeaparis.fr\/index.php\/category\/jardins\/"},"img":{"alt_text":"","src":"","width":0,"height":0},"classes":[]},{"id":25174,"url":"http:\/\/www.letourismeaparis.fr\/index.php\/2023\/05\/29\/jardins-jardin\/","url_meta":{"origin":16288,"position":3},"title":"JARDINS, JARDIN","author":"Fabienne TM","date":"29 mai 2023","format":false,"excerpt":"aux Tuileries \u00c0 paris Jeudi 1er JUIN au dimanche 4 JUIN 2023 implant\u00e9 au c\u0153ur de Paris, dans le cadre majestueux du jardin des Tuileries, en partenariat avec le louvre, Jardins, jardin est devenu le rendez-vous essentiel des professionnels et des amateurs du jardin urbain et du design d\u2019ext\u00e9rieur. L\u2019\u00e9v\u00e9nement\u2026","rel":"","context":"Dans &quot;Jardins \/ Plein air&quot;","block_context":{"text":"Jardins \/ Plein air","link":"http:\/\/www.letourismeaparis.fr\/index.php\/category\/jardins\/"},"img":{"alt_text":"","src":"","width":0,"height":0},"classes":[]},{"id":17132,"url":"http:\/\/www.letourismeaparis.fr\/index.php\/2015\/09\/26\/la-fete-des-jardins-ce-week-end\/","url_meta":{"origin":16288,"position":4},"title":"La F\u00eate des jardins ce week end.","author":"Fabienne TM","date":"26 septembre 2015","format":false,"excerpt":"\u00a0Le samedi 26 et le dimanche 27 septembre 2015, A Paris, la F\u00eate des Jardins est c\u00e9l\u00e9br\u00e9e en grandes pompes au Parc de Bercy. Ateliers, jeux, d\u00e9monstrations et expositions au programme\u00a0! DANS LE PARC Le village regroupe des stands tenus par les agents de la Ville de Paris. Au programme\u00a0:\u2026","rel":"","context":"Dans &quot;Familles&quot;","block_context":{"text":"Familles","link":"http:\/\/www.letourismeaparis.fr\/index.php\/category\/familles\/"},"img":{"alt_text":"","src":"https:\/\/i0.wp.com\/www.letourismeaparis.fr\/wp-content\/uploads\/2015\/09\/fete_des_jardins_2015-83a7e-200x300.jpg?resize=350%2C200","width":350,"height":200},"classes":[]},{"id":24730,"url":"http:\/\/www.letourismeaparis.fr\/index.php\/2022\/05\/30\/rendez-vous-aux-jardins-du-3-au-5-juin\/","url_meta":{"origin":16288,"position":5},"title":"Rendez-vous aux jardins du 3 au 5 juin","author":"Fabienne TM","date":"30 mai 2022","format":false,"excerpt":"Rendez-vous aux jardins du 3 au 5 juin Pour cette 19e \u00e9dition qui aura lieu les vendredi 3, samedi 4 et dimanche 5 juin 2022, le minist\u00e8re de la Culture vous donne Rendez-vous aux jardins pour explorer un th\u00e8me au c\u0153ur des enjeux environnementaux \u00ab Les jardins face au changement\u2026","rel":"","context":"Dans &quot;Jardins \/ Plein air&quot;","block_context":{"text":"Jardins \/ Plein air","link":"http:\/\/www.letourismeaparis.fr\/index.php\/category\/jardins\/"},"img":{"alt_text":"","src":"https:\/\/i0.wp.com\/www.letourismeaparis.fr\/wp-content\/uploads\/2022\/05\/Capture-d%E2%80%99e%CC%81cran-2022-05-30-a%CC%80-19.14.50.png?resize=350%2C200","width":350,"height":200},"classes":[]}],"jetpack_sharing_enabled":true,"jetpack_likes_enabled":true,"_links":{"self":[{"href":"http:\/\/www.letourismeaparis.fr\/index.php\/wp-json\/wp\/v2\/posts\/16288","targetHints":{"allow":["GET"]}}],"collection":[{"href":"http:\/\/www.letourismeaparis.fr\/index.php\/wp-json\/wp\/v2\/posts"}],"about":[{"href":"http:\/\/www.letourismeaparis.fr\/index.php\/wp-json\/wp\/v2\/types\/post"}],"author":[{"embeddable":true,"href":"http:\/\/www.letourismeaparis.fr\/index.php\/wp-json\/wp\/v2\/users\/2"}],"replies":[{"embeddable":true,"href":"http:\/\/www.letourismeaparis.fr\/index.php\/wp-json\/wp\/v2\/comments?post=16288"}],"version-history":[{"count":0,"href":"http:\/\/www.letourismeaparis.fr\/index.php\/wp-json\/wp\/v2\/posts\/16288\/revisions"}],"wp:attachment":[{"href":"http:\/\/www.letourismeaparis.fr\/index.php\/wp-json\/wp\/v2\/media?parent=16288"}],"wp:term":[{"taxonomy":"category","embeddable":true,"href":"http:\/\/www.letourismeaparis.fr\/index.php\/wp-json\/wp\/v2\/categories?post=16288"},{"taxonomy":"post_tag","embeddable":true,"href":"http:\/\/www.letourismeaparis.fr\/index.php\/wp-json\/wp\/v2\/tags?post=16288"}],"curies":[{"name":"wp","href":"https:\/\/api.w.org\/{rel}","templated":true}]}}