{"id":16325,"date":"2015-02-23T16:57:22","date_gmt":"2015-02-23T16:57:22","guid":{"rendered":"http:\/\/www.letourismeaparis.fr\/?p=16325"},"modified":"2015-02-23T16:57:22","modified_gmt":"2015-02-23T16:57:22","slug":"entrez-dans-la-peau-dune-oeuvre-des-conferences-dhistoire-de-lart-suivies-de-visites","status":"publish","type":"post","link":"http:\/\/www.letourismeaparis.fr\/index.php\/2015\/02\/23\/entrez-dans-la-peau-dune-oeuvre-des-conferences-dhistoire-de-lart-suivies-de-visites\/","title":{"rendered":"Entrez dans la peau d\u2019une \u0153uvre ! des conf\u00e9rences d&#039;histoire de l&#039;art suivies de visites."},"content":{"rendered":"<p>Un programme de conf\u00e9rences-d\u00e9bats et visites qui se propose d&rsquo;explorer certaines des plus grandes \u0153uvres de l&rsquo;histoire de la peinture.<br \/>\n<strong>Samedi 21 f\u00e9vrier \u00e0 17h\u00a0<\/strong>Le Radeau de la M\u00e9duse de Th\u00e9odore G\u00e9ricault (1819)<br \/>\n<strong>Samedi 21 mars \u00e0 17h\u00a0<\/strong>La Mort de Sardanapale d&rsquo;Eug\u00e8ne Delacroix (1827)<a href=\"http:\/\/www.letourismeaparis.fr\/wp-content\/uploads\/2015\/02\/document-histoire-de-lart-paris-11.jpeg\"><img loading=\"lazy\" decoding=\"async\" class=\"aligncenter  wp-image-16326\" src=\"http:\/\/www.letourismeaparis.fr\/wp-content\/uploads\/2015\/02\/document-histoire-de-lart-paris-11-211x300.jpeg\" alt=\"document histoire de l'art paris 11\" width=\"169\" height=\"234\" \/><\/a><br \/>\n<strong>Samedi 16 mai \u00e0 14h\u00a0<\/strong>Femmes d&rsquo;Alger dans leur appartement d&rsquo;Eug\u00e8ne Delacroix (1834)<br \/>\n<strong>Samedi 30 mai \u00e0 17h\u00a0<\/strong>Le d\u00e9jeuner sur l&rsquo;herbe d\u2019\u00c9douard Manet (1863)<br \/>\n<strong>Samedi 4 juillet \u00e0 17h\u00a0<\/strong>Jeune fille en d\u00e9collet\u00e9 &#8211; La fleur aux cheveux de Berthe Morisot (1893)<br \/>\nVISITES :<br \/>\n<strong>Vendredi 27 f\u00e9vrier \u00e0 19h<\/strong><br \/>\nVisite au Mus\u00e9e du Louvre autour du Radeau de la M\u00e9duse de Th\u00e9odore G\u00e9ricault<br \/>\n<strong>Vendredi 27 mars \u00e0 19h<\/strong><br \/>\nVisite au Mus\u00e9e du Louvre autour de La Mort de Sardanapale d&rsquo;Eug\u00e8ne Delacroix<br \/>\n<strong>Samedi 16 mai \u00e0 15h30<\/strong><br \/>\nVisite autour \u00e0 l&rsquo;\u00e9glise Saint-Sulpice autour de la Chapelle des Saints-Anges d&rsquo;Eug\u00e8ne Delacroix (1861)<br \/>\n<strong>Jeudi 4 juin \u00e0 19h30<\/strong><br \/>\nVisite au Mus\u00e9e d&rsquo;Orsay autour du D\u00e9jeuner sur l&rsquo;herbe d\u2019\u00c9douard Manet<br \/>\n<strong>Samedi 11 juillet \u00e0 14h30<\/strong><br \/>\nVisite au Mus\u00e9e du Petit Palais autour de Jeune fille en d\u00e9collet\u00e9 &#8211; La fleur aux cheveux de Berthe Morisot<br \/>\n<strong style=\"font-weight: bold;\">Les conf\u00e9rences-d\u00e9bats<\/strong>\u00a0auront lieu dans le r\u00e9fectoire de la Fondation M\u00e9rice\u00a0(5, passage du Tr\u00f4ne \u2013 M\u00b0Nation).<br \/>\nElles seront suivies d&rsquo;un buffet compos\u00e9 par les pensionnaires de la Fondation.<br \/>\n<strong style=\"font-weight: bold;\">Les visites des mus\u00e9es<\/strong>\u00a0se feront par groupe de 20 personnes. Elles n\u00e9cessitent une r\u00e9servation imp\u00e9rative par mail<br \/>\n<strong style=\"font-weight: bold;\">VISITES<\/strong><br \/>\n<strong style=\"font-weight: bold;\">Sur inscription \u00e0\u00a0<a style=\"color: #333333;\" href=\"mailto:culture11@paris.fr\">culture11@paris.fr<\/a><\/strong><strong style=\"font-weight: bold;\">CONFERENCES<\/strong><br \/>\n<strong style=\"font-weight: bold;\">A la Fondation M\u00e9rice : 5, passage du Tr\u00f4ne (M\u00b0Nation)<\/strong><br \/>\n<strong style=\"font-weight: bold;\">Les conf\u00e9rences-d\u00e9bats<\/strong>\u00a0auront lieu dans le r\u00e9fectoire de la Fondation M\u00e9rice\u00a0(5, passage du Tr\u00f4ne \u2013 M\u00b0Nation).<br \/>\nElles seront suivies d&rsquo;un buffet compos\u00e9 par les pensionnaires de la Fondation.<br \/>\n<strong style=\"font-weight: bold;\">Les visites des mus\u00e9es<\/strong>\u00a0se feront par groupe de 20 personnes. Elles n\u00e9cessitent une r\u00e9servation imp\u00e9rative par mail<\/p>\n","protected":false},"excerpt":{"rendered":"<p>Un programme de conf\u00e9rences-d\u00e9bats et visites qui se propose d&rsquo;explorer certaines des plus grandes \u0153uvres de l&rsquo;histoire de la peinture. Samedi 21 f\u00e9vrier \u00e0 17h\u00a0Le Radeau de la M\u00e9duse de Th\u00e9odore G\u00e9ricault (1819) Samedi 21 mars \u00e0 17h\u00a0La Mort de&#8230;<\/p>\n","protected":false},"author":2,"featured_media":0,"comment_status":"open","ping_status":"open","sticky":false,"template":"","format":"standard","meta":{"ngg_post_thumbnail":0,"jetpack_post_was_ever_published":false,"_jetpack_newsletter_access":"","footnotes":""},"categories":[9,17],"tags":[],"class_list":["post-16325","post","type-post","status-publish","format-standard","hentry","category-beaux-arts","category-conferences"],"jetpack_featured_media_url":"","jetpack-related-posts":[{"id":23067,"url":"http:\/\/www.letourismeaparis.fr\/index.php\/2019\/05\/07\/la-nuit-des-musees-le-18-mai\/","url_meta":{"origin":16325,"position":0},"title":"La nuit des mus\u00e9es le 18 mai","author":"Fabienne TM","date":"7 mai 2019","format":false,"excerpt":"La 15e \u00e9dition de la Nuit europ\u00e9enne des mus\u00e9es en \u00cele-de-France se tiendra le samedi 18 mai 2019. https:\/\/nuitdesmusees.culture.gouv.fr Mus\u00e9e de Cluny - mus\u00e9e national du Moyen \u00c2ge 6 place Paul-Painlev\u00e9 75005 Paris 01 53 73 78 00 www.musee-moyenage.fr 16h-17h Conf\u00e9rence de Michel Zink. 19h-23h30 Visite libre, lectures m\u00e9di\u00e9vales. Mus\u00e9e\u2026","rel":"","context":"Dans &quot;Non class\u00e9&quot;","block_context":{"text":"Non class\u00e9","link":"http:\/\/www.letourismeaparis.fr\/index.php\/category\/non-classe\/"},"img":{"alt_text":"","src":"","width":0,"height":0},"classes":[]},{"id":11555,"url":"http:\/\/www.letourismeaparis.fr\/index.php\/2012\/03\/21\/les-juifs-dans-lorientalisme-au-musee-dart-et-dhistoire-du-judaisme-des-conferences-et-des-concerts\/","url_meta":{"origin":16325,"position":1},"title":"les Juifs dans l\u2019Orientalisme, au Mus\u00e9e d\u2019art et d\u2019histoire du juda\u00efsme, des conf\u00e9rences et des concerts&#8230;.","author":"Fabienne TM","date":"21 mars 2012","format":false,"excerpt":"Le sujet est \u00e0 la fois la repr\u00e9sentation et l\u2019imaginaire, de 1832 \u00e0 1929, du juif comme \u00ab Oriental \u00bb dans l\u2019art, et un parcours dans la peinture orientaliste. La route vers l\u2019Orient, que les artistes empruntent au d\u00e9but du XIXe si\u00e8cle, leur donne l\u2019occasion de d\u00e9couvrir les communaut\u00e9s juives\u2026","rel":"","context":"Dans &quot;Non class\u00e9&quot;","block_context":{"text":"Non class\u00e9","link":"http:\/\/www.letourismeaparis.fr\/index.php\/category\/non-classe\/"},"img":{"alt_text":"","src":"","width":0,"height":0},"classes":[]},{"id":22742,"url":"http:\/\/www.letourismeaparis.fr\/index.php\/2019\/06\/03\/le-modele-noir-de-gericault-a-matisse\/","url_meta":{"origin":16325,"position":2},"title":"Le mod\u00e8le noir de G\u00e9ricault \u00e0 Matisse au mus\u00e9e d&#039;Orsay","author":"Fabienne TM","date":"3 juin 2019","format":false,"excerpt":"Cette exposition se penche sur des probl\u00e9matiques esth\u00e9tiques, politiques, sociales et raciales ainsi que sur l'imaginaire que r\u00e9v\u00e8le la repr\u00e9sentation des figures noires dans les arts visuels, de l'abolition de l'esclavage en France (1794) \u00e0 nos jours. Tout en proposant une perspective continue, elle s'arr\u00eate plus particuli\u00e8rement sur trois p\u00e9riodes\u2026","rel":"","context":"Dans &quot;Non class\u00e9&quot;","block_context":{"text":"Non class\u00e9","link":"http:\/\/www.letourismeaparis.fr\/index.php\/category\/non-classe\/"},"img":{"alt_text":"","src":"https:\/\/i0.wp.com\/www.letourismeaparis.fr\/wp-content\/uploads\/2019\/04\/Capture-d%C3%A2%C2%80%C2%99e%C3%8C%C2%81cran-2019-04-25-a%C3%8C%C2%80-12.49.59.png?resize=350%2C200","width":350,"height":200},"classes":[]},{"id":23304,"url":"http:\/\/www.letourismeaparis.fr\/index.php\/2019\/06\/03\/le-modele-noir-de-gericault-a-matisse-au-musee-dorsay\/","url_meta":{"origin":16325,"position":3},"title":"Le mod\u00e8le noir de G\u00e9ricault \u00e0 Matisse au mus\u00e9e d&#039;Orsay","author":"Fabienne TM","date":"3 juin 2019","format":false,"excerpt":"\u00a0Cette exposition se penche sur des probl\u00e9matiques esth\u00e9tiques, politiques, sociales et raciales ainsi que sur l'imaginaire que r\u00e9v\u00e8le la repr\u00e9sentation des figures noires dans les arts visuels, de l'abolition de l'esclavage en France (1794) \u00e0 nos jours. \u00a0Tout en proposant une perspective continue, elle s'arr\u00eate plus particuli\u00e8rement sur trois p\u00e9riodes\u2026","rel":"","context":"Dans &quot;Non class\u00e9&quot;","block_context":{"text":"Non class\u00e9","link":"http:\/\/www.letourismeaparis.fr\/index.php\/category\/non-classe\/"},"img":{"alt_text":"","src":"","width":0,"height":0},"classes":[]},{"id":17290,"url":"http:\/\/www.letourismeaparis.fr\/index.php\/2015\/01\/12\/des-cours-dhistoire-de-lart-a-la-mairie-du-11-eme-et-des-conferences\/","url_meta":{"origin":16325,"position":4},"title":"Des cours d&#039;histoire de l&#039;art \u00e0 la mairie du 11 \u00e8me et des conf\u00e9rences&#8230;..mercredi 9 d\u00e9cembre","author":"Fabienne TM","date":"12 janvier 2015","format":false,"excerpt":"Les cours d\u2019histoire des arts Cette s\u00e9rie de conf\u00e9rences propose un panorama de l'histoire des arts au 19e si\u00e8cle en huit volets. Pour d\u00e9couvrir les chefs-d'\u0153uvre du si\u00e8cle de l'industrie mais aussi les interactions entre beaux-arts et musique, litt\u00e9rature et architecture, philosophie et design. Un mercredi par mois \u00e0 19h\u2026","rel":"","context":"Dans &quot;Non class\u00e9&quot;","block_context":{"text":"Non class\u00e9","link":"http:\/\/www.letourismeaparis.fr\/index.php\/category\/non-classe\/"},"img":{"alt_text":"","src":"https:\/\/i0.wp.com\/www.letourismeaparis.fr\/wp-content\/uploads\/2015\/10\/mairie-du-11-%C3%83%C2%A8me-212x300.jpeg?resize=350%2C200","width":350,"height":200},"classes":[]},{"id":9782,"url":"http:\/\/www.letourismeaparis.fr\/index.php\/2011\/03\/20\/la-commune-de-paris-expositions-conferences\/","url_meta":{"origin":16325,"position":5},"title":"La Commune de Paris : expositions, conf\u00e9rences","author":"Fabienne TM","date":"20 mars 2011","format":false,"excerpt":"A l\u2019occasion des 140 ans de la Commune de Paris, la mairie du 14\u00e8me organise plusieurs animations qui reviennent sur les \u00e9v\u00e9nements de 1871. Du 21 au 26 mars, de 8h30 \u00e0 17h, jeudi jusqu\u2019\u00e0 19h30 \u00ab La Commune et les arts \u00bb, exposition r\u00e9alis\u00e9e par les Amis de la\u2026","rel":"","context":"Dans &quot;Non class\u00e9&quot;","block_context":{"text":"Non class\u00e9","link":"http:\/\/www.letourismeaparis.fr\/index.php\/category\/non-classe\/"},"img":{"alt_text":"","src":"","width":0,"height":0},"classes":[]}],"jetpack_sharing_enabled":true,"jetpack_likes_enabled":true,"_links":{"self":[{"href":"http:\/\/www.letourismeaparis.fr\/index.php\/wp-json\/wp\/v2\/posts\/16325","targetHints":{"allow":["GET"]}}],"collection":[{"href":"http:\/\/www.letourismeaparis.fr\/index.php\/wp-json\/wp\/v2\/posts"}],"about":[{"href":"http:\/\/www.letourismeaparis.fr\/index.php\/wp-json\/wp\/v2\/types\/post"}],"author":[{"embeddable":true,"href":"http:\/\/www.letourismeaparis.fr\/index.php\/wp-json\/wp\/v2\/users\/2"}],"replies":[{"embeddable":true,"href":"http:\/\/www.letourismeaparis.fr\/index.php\/wp-json\/wp\/v2\/comments?post=16325"}],"version-history":[{"count":0,"href":"http:\/\/www.letourismeaparis.fr\/index.php\/wp-json\/wp\/v2\/posts\/16325\/revisions"}],"wp:attachment":[{"href":"http:\/\/www.letourismeaparis.fr\/index.php\/wp-json\/wp\/v2\/media?parent=16325"}],"wp:term":[{"taxonomy":"category","embeddable":true,"href":"http:\/\/www.letourismeaparis.fr\/index.php\/wp-json\/wp\/v2\/categories?post=16325"},{"taxonomy":"post_tag","embeddable":true,"href":"http:\/\/www.letourismeaparis.fr\/index.php\/wp-json\/wp\/v2\/tags?post=16325"}],"curies":[{"name":"wp","href":"https:\/\/api.w.org\/{rel}","templated":true}]}}