{"id":16332,"date":"2015-02-23T17:44:07","date_gmt":"2015-02-23T17:44:07","guid":{"rendered":"http:\/\/www.letourismeaparis.fr\/?p=16332"},"modified":"2015-02-23T17:44:07","modified_gmt":"2015-02-23T17:44:07","slug":"tresors-de-sable-et-de-feu-verre-et-cristal-aux-arts-decoratifs-xive-xxie-siecle","status":"publish","type":"post","link":"http:\/\/www.letourismeaparis.fr\/index.php\/2015\/02\/23\/tresors-de-sable-et-de-feu-verre-et-cristal-aux-arts-decoratifs-xive-xxie-siecle\/","title":{"rendered":"TR\u00c9SORS DE SABLE ET DE FEU. VERRE ET CRISTAL AUX ARTS D\u00c9CORATIFS, XIVe-XXIe SI\u00c8CLE"},"content":{"rendered":"<p>Baccarat, Saint Louis, Daum ou Lalique \u00a0c\u00f4toieront les grands noms de l\u2019art Nouveau Gall\u00e9, Tiffany, Marinot et D\u00e9corchemont mais aussi des artistes moins connus \u00e0 d\u00e9couvrir ou red\u00e9couvrir.<br \/>\nLe mus\u00e9e des Arts d\u00e9coratifs poss\u00e8de l\u2019un des plus importants patrimoines verrier du\u00a0XIV<sup style=\"font-style: inherit; font-weight: inherit;\">e<\/sup>\u00a0au\u00a0XXI<sup style=\"font-style: inherit; font-weight: inherit;\">e<\/sup>\u00a0si\u00e8cle<a href=\"http:\/\/www.letourismeaparis.fr\/wp-content\/uploads\/2015\/02\/d0009ecb61b2ec27d53181ae7bdcb945-resp420.jpg\"><img loading=\"lazy\" decoding=\"async\" class=\"aligncenter size-medium wp-image-16333\" src=\"http:\/\/www.letourismeaparis.fr\/wp-content\/uploads\/2015\/02\/d0009ecb61b2ec27d53181ae7bdcb945-resp420-300x156.jpg\" alt=\"d0009ecb61b2ec27d53181ae7bdcb945-resp420\" width=\"300\" height=\"156\" \/><\/a><br \/>\nVerreries orientales et chinoises, fran\u00e7aises et europ\u00e9ennes, v\u00e9nitiennes, boh\u00e9miennes et scandinaves <!--more-->seront \u00e0 l\u2019honneur, tout comme les productions exceptionnelles des grandes manufactures et cristalleries telles que Baccarat, Saint Louis, Daum ou Lalique qui c\u00f4toieront les grands noms de l\u2019art Nouveau Gall\u00e9, Tiffany, Marinot et D\u00e9corchemont mais aussi des artistes moins connus \u00e0 d\u00e9couvrir ou red\u00e9couvrir.<br \/>\nL\u2019exposition pr\u00e9sentera \u00e9galement la cr\u00e9ation des trente derni\u00e8res ann\u00e9es, ultime point fort de la collection, o\u00f9 se confronteront les nouveaux concepts du design, de l\u2019art et de l\u2019artisanat de cr\u00e9ation.<!--more--><br \/>\nDans la tradition des partenariats, la pr\u00e9sentation des enrichissements contemporains du mus\u00e9e est compl\u00e9t\u00e9e par l\u2019invitation faite \u00e0 deux jeunes structures fran\u00e7aises .<br \/>\n<strong style=\"font-weight: bold;\">du 9 avril au 15 novembre 2015<\/strong><br \/>\n<span style=\"letter-spacing: 0.05em; line-height: 1.6875;\">107, rue de Rivoli Paris 75001<\/span><\/p>\n","protected":false},"excerpt":{"rendered":"<p>Baccarat, Saint Louis, Daum ou Lalique \u00a0c\u00f4toieront les grands noms de l\u2019art Nouveau Gall\u00e9, Tiffany, Marinot et D\u00e9corchemont mais aussi des artistes moins connus \u00e0 d\u00e9couvrir ou red\u00e9couvrir. Le mus\u00e9e des Arts d\u00e9coratifs poss\u00e8de l\u2019un des plus importants patrimoines verrier&#8230;<\/p>\n","protected":false},"author":2,"featured_media":0,"comment_status":"open","ping_status":"open","sticky":false,"template":"","format":"standard","meta":{"ngg_post_thumbnail":0,"jetpack_post_was_ever_published":false,"_jetpack_newsletter_access":"","footnotes":""},"categories":[1],"tags":[],"class_list":["post-16332","post","type-post","status-publish","format-standard","hentry","category-non-classe"],"jetpack_featured_media_url":"","jetpack-related-posts":[{"id":325,"url":"http:\/\/www.letourismeaparis.fr\/index.php\/2008\/09\/08\/jardin-de-cristal-a-bagatelle\/","url_meta":{"origin":16332,"position":0},"title":"Jardin de Cristal \u00e0 Bagatelle","author":"Fabienne TM","date":"8 septembre 2008","format":false,"excerpt":"Cette exposition se d\u00e9roule dans le parc de Bagatelle jusqu'au 2 novembre 2008. Vous pourrez admirer des oeuvres de Daum, Baccarat, Lalique, Saint-Louis inspir\u00e9es par la flore et la faune. Trianon et Parc de Bagatelle Route de S\u00e8vres \u00e0 Neuilly Bois de Boulogne Paris 75016 www.jardindecristal.com www.letourismeaparis.fr","rel":"","context":"Dans &quot;Non class\u00e9&quot;","block_context":{"text":"Non class\u00e9","link":"http:\/\/www.letourismeaparis.fr\/index.php\/category\/non-classe\/"},"img":{"alt_text":"","src":"","width":0,"height":0},"classes":[]},{"id":406,"url":"http:\/\/www.letourismeaparis.fr\/index.php\/2008\/10\/24\/bagatelle-et-les-jardins-de-cristal-jusquau-2-novembre\/","url_meta":{"origin":16332,"position":1},"title":"Bagatelle et&quot; les jardins de Cristal&quot; jusqu&#039;au 2 novembre","author":"Fabienne TM","date":"24 octobre 2008","format":false,"excerpt":"Cette exposition se d\u00e9roule dans le parc de Bagatelle jusqu'au 2 novembre 2008. Vous pourrez admirer des oeuvres de Daum, Baccarat, Lalique, Saint-Louis inspir\u00e9es par la flore et la faune. Trianon et Parc de Bagatelle Route de S\u00e8vres \u00e0 Neuilly Bois de Boulogne Paris 75016 www.jardindecristal.com www.letourismeaparis.fr","rel":"","context":"Dans &quot;Non class\u00e9&quot;","block_context":{"text":"Non class\u00e9","link":"http:\/\/www.letourismeaparis.fr\/index.php\/category\/non-classe\/"},"img":{"alt_text":"","src":"","width":0,"height":0},"classes":[]},{"id":12041,"url":"http:\/\/www.letourismeaparis.fr\/index.php\/2012\/10\/01\/le-dessein-du-geste-a-lhotel-de-vile-jusquau-10-octobre\/","url_meta":{"origin":16332,"position":2},"title":"Le  Dessein du Geste \u00e0 l&#039;Hotel de vile jusqu&#039;au 10 octobre.","author":"Fabienne TM","date":"1 octobre 2012","format":false,"excerpt":"Savoir faire et design fran\u00e7ais. L\u2019exposition\u00a0 est un parcours au c\u0153ur des manufactures fran\u00e7aises de grande tradition qui ont fait le pari de la cr\u00e9ation contemporaine. Le visiteur d\u00e9couvre les objets des 26 soci\u00e9t\u00e9s retenues pour cette exposition. Le dialogue entre cr\u00e9ations contemporaines et pi\u00e8ces patrimoniales permet de comprendre la\u2026","rel":"","context":"Dans &quot;Non class\u00e9&quot;","block_context":{"text":"Non class\u00e9","link":"http:\/\/www.letourismeaparis.fr\/index.php\/category\/non-classe\/"},"img":{"alt_text":"","src":"https:\/\/i0.wp.com\/www.letourismeaparis.fr\/wp-content\/uploads\/2012\/10\/geste-241x300.gif?resize=350%2C200","width":350,"height":200},"classes":[]},{"id":10065,"url":"http:\/\/www.letourismeaparis.fr\/index.php\/2011\/04\/21\/des-visites-dentreprises-dartisans-a-decouvrir\/","url_meta":{"origin":16332,"position":3},"title":"Des visites d&#039;entreprises, d&#039;ateliers : \u00e0 voir !","author":"Fabienne TM","date":"21 avril 2011","format":false,"excerpt":"D\u00e9couvrez les visites d\u2019entreprises, balades urbaines, stages et ateliers\u2026 tout au long de l\u2019ann\u00e9e. C\u2019est toute l\u2019ann\u00e9e, dans tous les secteurs d\u2019activit\u00e9s :PSA Peugeot-Citro\u00ean, les ateliers de maintenance du TGV, Les ateliers de moulage du Louvre, l\u2019Europ\u00e9enne d\u2019embouteillage, l\u2019A\u00e9roport Charles de Gaulle, Air France Cargo, Eurocopter, la RATP et bien\u2026","rel":"","context":"Dans &quot;Non class\u00e9&quot;","block_context":{"text":"Non class\u00e9","link":"http:\/\/www.letourismeaparis.fr\/index.php\/category\/non-classe\/"},"img":{"alt_text":"","src":"","width":0,"height":0},"classes":[]},{"id":16004,"url":"http:\/\/www.letourismeaparis.fr\/index.php\/2014\/12\/12\/baccarat-au-petit-palais-jusquau-4-janvier\/","url_meta":{"origin":16332,"position":4},"title":"Baccarat au Petit Palais jusqu&#039;au 4 janvier","author":"Fabienne TM","date":"12 d\u00e9cembre 2014","format":false,"excerpt":"\u00c0 l\u2019occasion du 250e anniversaire de Baccarat, le Petit Palais expose dans ses Grandes Galeries les chefs d\u2019oeuvre de la plus illustre manufacture de cristal au monde, \u00e9tonnants t\u00e9moignages de la virtuosit\u00e9 de ses artisans. Dans une sce\u0301nographie raffine\u0301e sublimant la virtuosite\u0301 et le savoir-faire des artisans du cristal, le\u2026","rel":"","context":"Dans &quot;Non class\u00e9&quot;","block_context":{"text":"Non class\u00e9","link":"http:\/\/www.letourismeaparis.fr\/index.php\/category\/non-classe\/"},"img":{"alt_text":"","src":"","width":0,"height":0},"classes":[]},{"id":26105,"url":"http:\/\/www.letourismeaparis.fr\/index.php\/2025\/03\/31\/dessins-de-bijoux-les-secrets-de-la-creation\/","url_meta":{"origin":16332,"position":5},"title":"Dessins de bijoux  ,les secrets de la cr\u00e9ation","author":"Fabienne TM","date":"31 mars 2025","format":false,"excerpt":"le Petit Palais d\u00e9voile la diversit\u00e9 et l\u2019ampleur de sa collection de dessins de bijoux, couvrant plus d\u2019un si\u00e8cle de cr\u00e9ation, de la seconde moiti\u00e9 du XIXe au milieu du XXe si\u00e8cle. Les dessinateurs se sont inspir\u00e9s de la nature et de recueils d'ornements qui v\u00e9hicul\u00e8rent les formes d\u00e9coratives de\u2026","rel":"","context":"Dans &quot;joaillerie&quot;","block_context":{"text":"joaillerie","link":"http:\/\/www.letourismeaparis.fr\/index.php\/category\/joaillerie\/"},"img":{"alt_text":"","src":"","width":0,"height":0},"classes":[]}],"jetpack_sharing_enabled":true,"jetpack_likes_enabled":true,"_links":{"self":[{"href":"http:\/\/www.letourismeaparis.fr\/index.php\/wp-json\/wp\/v2\/posts\/16332","targetHints":{"allow":["GET"]}}],"collection":[{"href":"http:\/\/www.letourismeaparis.fr\/index.php\/wp-json\/wp\/v2\/posts"}],"about":[{"href":"http:\/\/www.letourismeaparis.fr\/index.php\/wp-json\/wp\/v2\/types\/post"}],"author":[{"embeddable":true,"href":"http:\/\/www.letourismeaparis.fr\/index.php\/wp-json\/wp\/v2\/users\/2"}],"replies":[{"embeddable":true,"href":"http:\/\/www.letourismeaparis.fr\/index.php\/wp-json\/wp\/v2\/comments?post=16332"}],"version-history":[{"count":0,"href":"http:\/\/www.letourismeaparis.fr\/index.php\/wp-json\/wp\/v2\/posts\/16332\/revisions"}],"wp:attachment":[{"href":"http:\/\/www.letourismeaparis.fr\/index.php\/wp-json\/wp\/v2\/media?parent=16332"}],"wp:term":[{"taxonomy":"category","embeddable":true,"href":"http:\/\/www.letourismeaparis.fr\/index.php\/wp-json\/wp\/v2\/categories?post=16332"},{"taxonomy":"post_tag","embeddable":true,"href":"http:\/\/www.letourismeaparis.fr\/index.php\/wp-json\/wp\/v2\/tags?post=16332"}],"curies":[{"name":"wp","href":"https:\/\/api.w.org\/{rel}","templated":true}]}}