{"id":16345,"date":"2015-02-25T16:09:29","date_gmt":"2015-02-25T16:09:29","guid":{"rendered":"http:\/\/www.letourismeaparis.fr\/?p=16345"},"modified":"2015-02-25T16:09:29","modified_gmt":"2015-02-25T16:09:29","slug":"miniartextil-montrouge-et-hors-les-murs-paris-du-27-fevrier-au-21-mars","status":"publish","type":"post","link":"http:\/\/www.letourismeaparis.fr\/index.php\/2015\/02\/25\/miniartextil-montrouge-et-hors-les-murs-paris-du-27-fevrier-au-21-mars\/","title":{"rendered":"Miniartextil \u00e0 Montrouge et &quot;hors les murs&quot; \u00e0 Paris du 27 f\u00e9vrier au 21 mars"},"content":{"rendered":"<p>Miniartextil, \u00a0une exposition unique en son genre, qui rassemble 54 mini-cr\u00e9atures de tissus et de fibres, toutes enfants de G\u00e9a, l\u2019immense et incommensurable Terre m\u00e8re \u00e0 laquelle le ciel lui-m\u00eame doit le jour.<a href=\"http:\/\/www.letourismeaparis.fr\/wp-content\/uploads\/2015\/02\/minitextile.png\"><img loading=\"lazy\" decoding=\"async\" class=\"aligncenter size-full wp-image-16346\" src=\"http:\/\/www.letourismeaparis.fr\/wp-content\/uploads\/2015\/02\/minitextile.png\" alt=\"minitextile\" width=\"196\" height=\"159\" \/><\/a><br \/>\n&nbsp;<br \/>\n<strong style=\"font-weight: bold;\">Ewa\u00a0<strong style=\"font-weight: bold;\">Knapinska<\/strong><!--more--><\/strong><em style=\"letter-spacing: 0.05em; line-height: 1.6875;\">Memory of earth<\/em><br \/>\nFils de p\u00eache, terre, branches<br \/>\n<span style=\"letter-spacing: 0.05em; line-height: 1.6875;\"><br class=\"Apple-interchange-newline\" \/>En effet, apr\u00e8s avoir invit\u00e9 Eros l\u2019an pass\u00e9, l\u2019association Arte&amp;Arte convoque encore un \u00ab\u00a0Grand Ancien\u00a0\u00bb, G\u00e9a, l\u2019une des divinit\u00e9s primordiales n\u00e9es de Chaos\u00a0; Arte&amp;Arte lui demande rien de moins que de pr\u00e9sider aux destin\u00e9es de son exposition, d\u2019accueillir et prot\u00e9ger ses \u00ab\u00a0mini\u00a0\u00bb.<\/span><br \/>\n<!--more--><br \/>\nA c\u00f4t\u00e9 de ces petits formats de 20x20x20 cm, on retrouvera les sculptures textiles gigantesques, ces cr\u00e9ations faites de liens entrecrois\u00e9s fil\u00e9s du monde entier, lesquels nous rattachent \u00e0 la lign\u00e9e humaine qui, de toute antiquit\u00e9 tisse et tresse sur toute la surface de G\u00e9a, de g\u00e9n\u00e9ration en g\u00e9n\u00e9ration.<br \/>\n<em>\u00a0<\/em><!--more--><br \/>\n<strong>D\u00e8s le 24 f\u00e9vrier, deux lieux exceptionnels \u00e0 Paris ouvrent la saison Miniartextil\u00a0en avant-premi\u00e8re :<\/strong><strong style=\"letter-spacing: 0.05em; line-height: 1.6875;\">\u00a0<\/strong><br \/>\n<strong>&gt; Mus\u00e9e de la Chasse et de la Nature (3<sup>e<\/sup>) &#8211; Du 24 f\u00e9vrier au 14 juin 2015<\/strong><br \/>\navec \u00a0<strong>Lina Ringeliene <\/strong>\u00a0 et\u00a0<strong style=\"font-weight: bold;\">Barbara Puthomme.<\/strong>.\u00a0le 24 f\u00e9vrier. <em>62 rue des Archives, 75003 Paris &#8211; <\/em><a href=\"http:\/\/www.chassenature.org\/\">http:\/\/www.chassenature.org\/<\/a><br \/>\n<strong>\u00a0<\/strong><strong>&gt; Maison de la culture du Japon<\/strong><strong> \u00e0 Paris (15<sup>e<\/sup>) \u2013 Du 24 f\u00e9vrier au 7 mars 2015<\/strong><br \/>\navec\u00a0<strong>Toshie Takahashi<\/strong>, artiste n\u00e9 en 1947, vivant et travaillant \u00e0 Kanagawa, ainsi que \u00ab\u00a0Nature Umbrella\u00a0\u00bb, de <strong>Manabu Hanga\u00ef<\/strong>, artiste dont on retrouve \u00e9galement une installation \u00e0 Montrouge.<br \/>\n<em>MCJP- 101 bis Quai Branly, 75015 Paris &#8211; http:\/\/mcjp.fr <\/em><br \/>\n&nbsp;<br \/>\n<strong>\u00a0la Cit\u00e9 internationale universitaire de Paris \u00e0 partir du 27 f\u00e9vrier\u00a0:<\/strong><strong style=\"letter-spacing: 0.05em; line-height: 1.6875;\">\u00a0<\/strong><br \/>\n<strong>&gt; CITE INTERNATIONALE UNIVERSITAIRE DE PARIS (14<sup>e<\/sup>) \u2013 Du 27 f\u00e9vrier au 22 mars 2015 <\/strong><br \/>\n*\u00a0\u00a0\u00a0\u00a0\u00a0 A la <strong>Fondation de la Tunisie<\/strong>, <strong>Pascale Peyret<\/strong><br \/>\nLa <strong>Fondation suisse\/Pavillon Le Corbusier :<\/strong>\u00a0<strong>Gerda Ritzmann<\/strong><br \/>\nLa <strong>Fondation de l&rsquo;Allemagne &#8211; Maison Heinrich Heine<\/strong>\u00a0:<strong>Heike Schaefer<\/strong><br \/>\n*\u00a0\u00a0\u00a0\u00a0\u00a0 La <strong>Fondation des Etats-Unis<\/strong>\u00a0avec\u00a0<strong>Frank Connet<\/strong>, gagnant du Prix Antonio Ratti.<br \/>\n<em>CIUP &#8211; 17 boulevard Jourdan \u2013 75014 Paris<\/em><br \/>\n<em>\u00a0<\/em><br \/>\n<strong>Le parcours hors-les-murs se poursuit dans Paris, de galerie en galerie&#8230;<\/strong><strong>\u00a0<\/strong><br \/>\n<strong>&gt; Galerie Atelier du G\u00e9nie (12<sup>e<\/sup>) \u2013 Dates \u00e0 confirmer <\/strong><br \/>\n<em>\u00a0avec\u00a0<strong style=\"font-weight: bold; font-style: normal;\">Fran\u00e7oise Tellier-Loumagne<\/strong><span style=\"font-style: normal;\">,\u00a0<\/span> du G\u00e9nie \u2013 28, Passage du G\u00e9nie, 75012 Paris<\/em><em style=\"letter-spacing: 0.05em; line-height: 1.6875;\">\u00a0<\/em><br \/>\n<strong>&gt; Galerie Yukiko Kawase (11<sup>e<\/sup>) \u2013 Du 27 f\u00e9vrier au 28 mars 2015<\/strong><br \/>\n<em>avec\u00a0<strong style=\"font-weight: bold; font-style: normal;\">Noriko Narahira<\/strong><span style=\"font-style: normal;\">.\u00a0<\/span> Yukiko Kawase &#8211; 4 rue Auguste Barbier, 75011 Paris<\/em><em style=\"letter-spacing: 0.05em; line-height: 1.6875;\">\u00a0<\/em><br \/>\n<strong>&gt; Galerie Art Mundi (3<sup>e<\/sup>) \u2013 Du 27 f\u00e9vrier au 22 mars 2015<\/strong><br \/>\n<em>Galerie Art Mundi \u2013 26 Place des Vosges, 75003 Paris <\/em><br \/>\n<strong>&gt; Galerie Aki\u00e9 Arichi (11<sup>e<\/sup>) \u2013 Du 5 mars au 2 avril 2015<\/strong><br \/>\n<em>\u00a0avec\u00a0<strong style=\"font-weight: bold; font-style: normal;\">Yves Bodiou<\/strong> Akie Arichi \u2013 26 rue Keller, 75011 Paris <\/em><br \/>\n<strong>Enfin, un sp\u00e9cial \u00ab\u00a0after-show\u00a0\u00bb au Salon du dessin contemporain DDessin Paris viendra clore l\u2019\u00e9v\u00e9nement\u00a0:<\/strong><strong style=\"letter-spacing: 0.05em; line-height: 1.6875;\">\u00a0<\/strong><br \/>\n<strong>&gt; Salon DDessin, Atelier Richelieu (2<sup>e<\/sup>) \u2013 Du 27 au 29 mars 2015<\/strong><br \/>\n<em>DDESSIN- 3<sup>e<\/sup> \u00e9dition- Atelier Richelieu \u2013 60 rue de Richelieu, 75002 Paris- <a href=\"http:\/\/www.ddessin.com\/\">www.ddessin.com<\/a><\/em><br \/>\n<strong>\u00a0<\/strong><br \/>\n<strong>Le \u00ab\u00a0Carr\u00e9 des Galeries\u00a0\u00bb, encore plus d&rsquo;art et de nature au c\u0153ur du Beffroi\u00a0!<\/strong><br \/>\nLa <strong>Galerie Art Mundi<\/strong> pr\u00e9sentera au Beffroi de Montrouge une \u0153uvre de l\u2019artiste italienne <strong>Pamela Campagna<\/strong>.<br \/>\nLe\u00a0<strong>Salon du dessin contemporain DDessin<\/strong> a choisi de mettre en avant une galerie ainsi qu\u2019une artiste : la <strong>Galerie Natalia Gomendio<\/strong> avec une \u0153uvre de la jeune artiste espagnole <strong>Maria Exposito Santiso<\/strong>.<br \/>\n&nbsp;<br \/>\n&gt; Enfin, l&rsquo;<strong>Institut Fran\u00e7ais de Tunisie<\/strong>, partenaire hors fronti\u00e8re de Miniartextil, pr\u00e9sente une \u0153uvre lumineuse de <strong>Noutayel Belkhadi<\/strong>, artiste-ing\u00e9nieur tunisien vivant \u00e0 Carthage, cr\u00e9ateur de fascinantes \u0153uvres cin\u00e9tiques.<br \/>\n<strong>\u00a0<\/strong><br \/>\n<em>\u00a0l&rsquo;acc\u00e8s \u00e0 Miniartextil Montrouge est \u00a0facilit\u00e9 gr\u00e2ce \u00e0 la prolongation de la ligne 4 jusqu\u2019\u00e0 la Mairie de Montrouge, juste en face du Beffroi !<\/em><br \/>\n<em>\u00a0<\/em><strong>MINIARTEXTIL \u00e0 MONTROUGE 11<sup>e<\/sup> \u00e9dition \u2013 Du 27 f\u00e9vrier au 21 mars 2015<\/strong><br \/>\n<strong>Le Beffroi \u2013 2, Place Emile Cresp \u2013 92120 Montrouge<\/strong><br \/>\n<strong>M\u00e9tro\u00a0: Mairie de Montrouge (Ligne 4)<\/strong><br \/>\n<strong>Entr\u00e9e libre \u2013 Tous les jours de 12h \u00e0 19h <\/strong><\/p>\n","protected":false},"excerpt":{"rendered":"<p>Miniartextil, \u00a0une exposition unique en son genre, qui rassemble 54 mini-cr\u00e9atures de tissus et de fibres, toutes enfants de G\u00e9a, l\u2019immense et incommensurable Terre m\u00e8re \u00e0 laquelle le ciel lui-m\u00eame doit le jour. &nbsp; Ewa\u00a0Knapinska<\/p>\n","protected":false},"author":2,"featured_media":0,"comment_status":"open","ping_status":"open","sticky":false,"template":"","format":"standard","meta":{"ngg_post_thumbnail":0,"jetpack_post_was_ever_published":false,"_jetpack_newsletter_access":"","footnotes":""},"categories":[9,27],"tags":[],"class_list":["post-16345","post","type-post","status-publish","format-standard","hentry","category-beaux-arts","category-musees-expositions"],"jetpack_featured_media_url":"","jetpack-related-posts":[{"id":8003,"url":"http:\/\/www.letourismeaparis.fr\/index.php\/2010\/06\/25\/la-vachalcade-a-montmartre-un-sacre-carnaval-samedi-26-juin\/","url_meta":{"origin":16345,"position":0},"title":"La &quot;Vachalcade \u00e0 Montmartre&quot; un sacr\u00e9 carnaval samedi 26 juin !","author":"Fabienne TM","date":"25 juin 2010","format":false,"excerpt":"Le samedi 26 juin \u00e0 Montmartre : des fanfares, des clowns, des \u00e9chassiers, de la commedia dell arte, des \u00e9l\u00e9phants, des vaches d\u00e9lur\u00e9es\u2026 Venez d\u00e9guis\u00e9s ! La Vachalcade est un cort\u00e8ge carnavalesque de Montmartre organis\u00e9 en 1896 et 1897 par les artistes et les Montmartrois en r\u00e9ponse aux grands cort\u00e8ges\u2026","rel":"","context":"Dans &quot;Non class\u00e9&quot;","block_context":{"text":"Non class\u00e9","link":"http:\/\/www.letourismeaparis.fr\/index.php\/category\/non-classe\/"},"img":{"alt_text":"","src":"","width":0,"height":0},"classes":[]},{"id":666,"url":"http:\/\/www.letourismeaparis.fr\/index.php\/2008\/12\/06\/la-scala-de-milan-a-lauditorium-du-louvre-0712-0812\/","url_meta":{"origin":16345,"position":1},"title":"La Scala de Milan et des musiques film\u00e9es \u00e0 l&#039;auditorium du Louvre","author":"Fabienne TM","date":"6 d\u00e9cembre 2008","format":false,"excerpt":"www.letourismeaparis.fr L\u2019auditorium du Louvre propose une nouvelle s\u00e9rie de musique film\u00e9e consacr\u00e9e aux grandes maisons d\u2019op\u00e9ra. Dimanche 7 d\u00e9cembre \u00e0 18h Don Carlo de Giusseppe Verdi (restransmis sur Arte\u00a0 le dimanche 7 d\u00e9cembre \u00e0 19 h) Lundi 08 d\u00e9cembre 2008\u00a0 \u00e0 20h La Traviata de Giuseppe verdi puis Rigoletto, Norma,\u2026","rel":"","context":"Dans &quot;Non class\u00e9&quot;","block_context":{"text":"Non class\u00e9","link":"http:\/\/www.letourismeaparis.fr\/index.php\/category\/non-classe\/"},"img":{"alt_text":"","src":"","width":0,"height":0},"classes":[]},{"id":23792,"url":"http:\/\/www.letourismeaparis.fr\/index.php\/2019\/11\/29\/ilot-gloires-du-29-novembre-au-3-decembre-2019-auditorium-de-la-seine-musicale-et-dautres-spectacles\/","url_meta":{"origin":16345,"position":2},"title":"\u00ceLOT GLOIRE(S) Du 29 novembre au 3 d\u00e9cembre 2019 Auditorium de La Seine Musicale et d&rsquo;autres spectacles ..","author":"Fabienne TM","date":"29 novembre 2019","format":false,"excerpt":"Du 29 novembre au 3 d\u00e9cembre 2019 \u00e0 La Seine Musicale, Insula orchestra et ses invit\u00e9s mettent \u00e0 l'honneur les chefs-d\u2019\u0153uvre de la musique sacr\u00e9e, sign\u00e9s Monteverdi, Haendel, Rossini etBrahms ! La chef d'orchestre italienne Speranza Scappucci donnera le premier concert de cet \u00eelot avec une \u0153uvre rarement jou\u00e9e, la\u2026","rel":"","context":"Dans &quot;Non class\u00e9&quot;","block_context":{"text":"Non class\u00e9","link":"http:\/\/www.letourismeaparis.fr\/index.php\/category\/non-classe\/"},"img":{"alt_text":"","src":"https:\/\/i0.wp.com\/img.youtube.com\/vi\/q80wcbXkVxo\/0.jpg?resize=350%2C200","width":350,"height":200},"classes":[]},{"id":17372,"url":"http:\/\/www.letourismeaparis.fr\/index.php\/2015\/11\/17\/concert-caritatif-au-benefice-de-la-maison-de-solenn-mercredi-9-decembre-a-20-h\/","url_meta":{"origin":16345,"position":3},"title":"Concert caritatif  au b\u00e9n\u00e9fice de la Maison de Solenn ,mercredi 9 d\u00e9cembre \u00e0 20 h","author":"Fabienne TM","date":"17 novembre 2015","format":false,"excerpt":"\u00a0Un magnifique programme , une soir\u00e9e pr\u00e9sent\u00e9e par Patrick Poivre d\u2019Arvor et Alain Duault Mozart\u00a0Les Noces de Figaro, ouverture Andante du concerto pour piano n\u00b0 21 \u00ab La ci darem \u00bb duo extrait de\u00a0Don Giovanni Faur\u00e9\u00a0\u00a0El\u00e9gie\u00a0pour violoncelle et orchestre Offenbach\u00a0Chanson de Klienzach extrait des\u00a0Contes d\u2019Hoffmann Saint-Sa\u00ebns\u00a0Final du concerto pour piano\u2026","rel":"","context":"Dans &quot;Musique&quot;","block_context":{"text":"Musique","link":"http:\/\/www.letourismeaparis.fr\/index.php\/category\/culture\/concerts-musique\/musique\/"},"img":{"alt_text":"","src":"","width":0,"height":0},"classes":[]},{"id":23742,"url":"http:\/\/www.letourismeaparis.fr\/index.php\/2019\/10\/24\/salon-international-du-patrimoine-culturel-2019\/","url_meta":{"origin":16345,"position":4},"title":"Salon International du Patrimoine Culturel 2019","author":"Fabienne TM","date":"24 octobre 2019","format":false,"excerpt":"Le Salon International du Patrimoine Culturel est un salon de prestige pour toutes les personnes impliqu\u00e9es dans le th\u00e8me principal du Patrimoine. des stands particuli\u00e8rement int\u00e9ressants l'atelier des m\u00e9taux Alain Babule (artisan d'art sur porcelaine de Limoges) JL Roelly joaillerie Ateliers Elise et Berthaux: lapidaires Elodie Famel : laque D\u00c9MONSTRATIONS\u2026","rel":"","context":"Dans &quot;Non class\u00e9&quot;","block_context":{"text":"Non class\u00e9","link":"http:\/\/www.letourismeaparis.fr\/index.php\/category\/non-classe\/"},"img":{"alt_text":"","src":"","width":0,"height":0},"classes":[]},{"id":1075,"url":"http:\/\/www.letourismeaparis.fr\/index.php\/2008\/12\/24\/rapa-nui-lile-de-paques-a-paris\/","url_meta":{"origin":16345,"position":5},"title":"Rapa Nui, l&#039;\u00eele de P\u00e2ques \u00e0 Paris","author":"Fabienne TM","date":"24 d\u00e9cembre 2008","format":false,"excerpt":"http:\/\/www.letourismeaparis.fr \"\u00a0 L\u2019exposition\u00a0 fait revivre l\u2019 histoire du peuple pascuan travers les \u00e2ges. Cette terre\u00a0 isol\u00e9e au coeur du Pacifique, est l\u2019aboutissement d\u2019une exploration qui conduisit de marins \u00e9m\u00e9rites . Les polyn\u00e9siens apport\u00e8rent leurs croyances, leurs dieux, leurs plantes et leurs animaux .Ils \u00e9taient\u00a0 aussi\u00a0 jardiniers et\u00a0\u00a0 arboriculteurs . Les\u2026","rel":"","context":"Dans &quot;Non class\u00e9&quot;","block_context":{"text":"Non class\u00e9","link":"http:\/\/www.letourismeaparis.fr\/index.php\/category\/non-classe\/"},"img":{"alt_text":"","src":"","width":0,"height":0},"classes":[]}],"jetpack_sharing_enabled":true,"jetpack_likes_enabled":true,"_links":{"self":[{"href":"http:\/\/www.letourismeaparis.fr\/index.php\/wp-json\/wp\/v2\/posts\/16345","targetHints":{"allow":["GET"]}}],"collection":[{"href":"http:\/\/www.letourismeaparis.fr\/index.php\/wp-json\/wp\/v2\/posts"}],"about":[{"href":"http:\/\/www.letourismeaparis.fr\/index.php\/wp-json\/wp\/v2\/types\/post"}],"author":[{"embeddable":true,"href":"http:\/\/www.letourismeaparis.fr\/index.php\/wp-json\/wp\/v2\/users\/2"}],"replies":[{"embeddable":true,"href":"http:\/\/www.letourismeaparis.fr\/index.php\/wp-json\/wp\/v2\/comments?post=16345"}],"version-history":[{"count":0,"href":"http:\/\/www.letourismeaparis.fr\/index.php\/wp-json\/wp\/v2\/posts\/16345\/revisions"}],"wp:attachment":[{"href":"http:\/\/www.letourismeaparis.fr\/index.php\/wp-json\/wp\/v2\/media?parent=16345"}],"wp:term":[{"taxonomy":"category","embeddable":true,"href":"http:\/\/www.letourismeaparis.fr\/index.php\/wp-json\/wp\/v2\/categories?post=16345"},{"taxonomy":"post_tag","embeddable":true,"href":"http:\/\/www.letourismeaparis.fr\/index.php\/wp-json\/wp\/v2\/tags?post=16345"}],"curies":[{"name":"wp","href":"https:\/\/api.w.org\/{rel}","templated":true}]}}