{"id":16351,"date":"2015-02-27T08:26:37","date_gmt":"2015-02-27T08:26:37","guid":{"rendered":"http:\/\/www.letourismeaparis.fr\/?p=16351"},"modified":"2015-02-27T08:26:37","modified_gmt":"2015-02-27T08:26:37","slug":"salon-international-de-lagriculture-du-samedi-21-fevrier-au-dimanche-1-mars-2015","status":"publish","type":"post","link":"http:\/\/www.letourismeaparis.fr\/index.php\/2015\/02\/27\/salon-international-de-lagriculture-du-samedi-21-fevrier-au-dimanche-1-mars-2015\/","title":{"rendered":"Salon International de l\u2019Agriculture  du samedi 21 f\u00e9vrier au dimanche 1 mars 2015."},"content":{"rendered":"<p style=\"line-height: 19.2pt; background: white; margin: 18.0pt 0cm 18.0pt 0cm;\"><span style=\"font-size: 14.0pt; font-family: 'dosismedium','serif'; color: #444444;\">le Salon International de l\u2019Agriculture rassemble chaque ann\u00e9e tous les acteurs du monde agricole.<a href=\"http:\/\/www.letourismeaparis.fr\/wp-content\/uploads\/2015\/02\/salon-agri.jpg\"><img loading=\"lazy\" decoding=\"async\" class=\"aligncenter size-medium wp-image-16352\" src=\"http:\/\/www.letourismeaparis.fr\/wp-content\/uploads\/2015\/02\/salon-agri-300x150.jpg\" alt=\"salon agri\" width=\"300\" height=\"150\" \/><\/a> Il est la r\u00e9f\u00e9rence de son secteur, non seulement en France mais aussi \u00e0 l\u2019\u00e9tranger. \u00c9leveurs, producteurs, r\u00e9gions, organisations et syndicats professionnels, minist\u00e8res et organismes publics ou instituts de recherche : chacun contribue \u00e0 pr\u00e9senter les diff\u00e9rentes facettes du secteur, de ses m\u00e9tiers, de ses \u00e9volutions et de ses perspectives.\u00a0<\/span><!--more--><\/p>\n<p style=\"line-height: 19.2pt; background: white; orphans: auto; text-align: start; widows: auto; -webkit-text-stroke-width: 0px; word-spacing: 0px; margin: 18.0pt 0cm 18.0pt 0cm;\">\n<p style=\"line-height: 19.2pt; background: white; orphans: auto; text-align: start; widows: auto; -webkit-text-stroke-width: 0px; word-spacing: 0px; margin: 18.0pt 0cm 18.0pt 0cm;\"><span style=\"font-size: 14.0pt; font-family: 'dosismedium','serif'; color: #444444;\">Tous les jours\u00a0de 9 heures \u00e0 19 heures.\u00a0Le mercredi et jeudi jusqu&rsquo;\u00e0 20h.\u00a0<\/span><\/p>\n<p style=\"line-height: 19.2pt; background: white; margin: 18.0pt 0cm 18.0pt 0cm;\">Paris Porte de Versailles<\/p>\n<p style=\"line-height: 19.2pt; background: white; orphans: auto; text-align: start; widows: auto; -webkit-text-stroke-width: 0px; word-spacing: 0px; margin: 18.0pt 0cm 18.0pt 0cm;\"><span style=\"font-size: 14.0pt; font-family: 'dosismedium','serif'; color: #444444;\">1, place de la Porte de Versailles<\/span><\/p>\n<p style=\"line-height: 19.2pt; background: white; orphans: auto; text-align: start; widows: auto; -webkit-text-stroke-width: 0px; word-spacing: 0px; margin: 18.0pt 0cm 18.0pt 0cm;\"><span style=\"font-size: 14.0pt; font-family: 'dosismedium','serif'; color: #444444;\">75015 Paris<\/span><\/p>\n<p style=\"line-height: 19.2pt; background: white; margin: 18.0pt 0cm 18.0pt 0cm;\"><span style=\"font-size: 14.0pt; font-family: 'dosismedium','serif'; color: #444444;\"><a href=\"http:\/\/www.salon-agriculture.com\">http:\/\/www.salon-agriculture.com<\/a>\/<\/span><\/p>\n","protected":false},"excerpt":{"rendered":"<p>le Salon International de l\u2019Agriculture rassemble chaque ann\u00e9e tous les acteurs du monde agricole. Il est la r\u00e9f\u00e9rence de son secteur, non seulement en France mais aussi \u00e0 l\u2019\u00e9tranger. \u00c9leveurs, producteurs, r\u00e9gions, organisations et syndicats professionnels, minist\u00e8res et organismes publics&#8230;<\/p>\n","protected":false},"author":2,"featured_media":0,"comment_status":"open","ping_status":"open","sticky":false,"template":"","format":"standard","meta":{"ngg_post_thumbnail":0,"jetpack_post_was_ever_published":false,"_jetpack_newsletter_access":"","footnotes":""},"categories":[28],"tags":[],"class_list":["post-16351","post","type-post","status-publish","format-standard","hentry","category-familles"],"jetpack_featured_media_url":"","jetpack-related-posts":[{"id":20823,"url":"http:\/\/www.letourismeaparis.fr\/index.php\/2018\/02\/26\/le-salon-de-lagriculture-paris-jusquau-4-mars\/","url_meta":{"origin":16351,"position":0},"title":"Le salon de l&#039;agriculture \u00e0 Paris jusqu&#039;au 4 mars","author":"Fabienne TM","date":"26 f\u00e9vrier 2018","format":false,"excerpt":"Une th\u00e9matique d'actualit\u00e9 A l\u2019heure o\u00f9 la soci\u00e9t\u00e9 est travers\u00e9e dans son ensemble par des tendances apparues ces derni\u00e8res ann\u00e9es, le Salon International de l\u2019Agriculture en propose une lecture pour le secteur agricole. Au c\u0153ur du Salon, les nouvelles habitudes de comportements contributifs ou collaboratifs et plus globalement tout ce\u2026","rel":"","context":"Dans &quot;Actualit\u00e9s&quot;","block_context":{"text":"Actualit\u00e9s","link":"http:\/\/www.letourismeaparis.fr\/index.php\/category\/actualite\/"},"img":{"alt_text":"","src":"","width":0,"height":0},"classes":[]},{"id":6631,"url":"http:\/\/www.letourismeaparis.fr\/index.php\/2010\/03\/01\/salon-de-lagriculture-2010-porte-de-versailles-du-27-fevrier-au-7-mars-2010\/","url_meta":{"origin":16351,"position":1},"title":"Salon de l&#039;agriculture 2010 , Porte de Versailles jusqu&#039;au 7 mars 2010","author":"Fabienne TM","date":"1 mars 2010","format":false,"excerpt":"D\u00e9couvrez un salon grandeur nature ! Amusez-vous dans une ambiance festive ! Le Salon International de l'Agriculture est le rendez-vous de la diversit\u00e9 et de la richesse de l\u2019agriculture fran\u00e7aise et internationale. A cette occasion, tous les repr\u00e9sentants du monde agricole se rassemblent dans une ambiance conviviale et festive.Plus de\u2026","rel":"","context":"Dans &quot;Non class\u00e9&quot;","block_context":{"text":"Non class\u00e9","link":"http:\/\/www.letourismeaparis.fr\/index.php\/category\/non-classe\/"},"img":{"alt_text":"","src":"","width":0,"height":0},"classes":[]},{"id":26072,"url":"http:\/\/www.letourismeaparis.fr\/index.php\/2025\/02\/27\/le-salon-international-de-lagriculture\/","url_meta":{"origin":16351,"position":2},"title":"Le Salon International de l\u2019Agriculture","author":"Fabienne TM","date":"27 f\u00e9vrier 2025","format":false,"excerpt":"Du 22 f\u00e9vrier au 2 mars 2025 \u00e0 Paris Porte de Versailles de 9h \u00e0 19h Entre d\u00e9couverte, \u00e9merveillement et amusement, ce rendez-vous incontournable invite petits et grands \u00e0 plonger dans l\u2019univers fascinant de l\u2019agriculture. C\u2019est l\u2019occasion id\u00e9ale de passer une journ\u00e9e en famille, d\u2019apprendre ensemble et de vivre des\u2026","rel":"","context":"Dans &quot;Actualit\u00e9s&quot;","block_context":{"text":"Actualit\u00e9s","link":"http:\/\/www.letourismeaparis.fr\/index.php\/category\/actualite\/"},"img":{"alt_text":"","src":"","width":0,"height":0},"classes":[]},{"id":25511,"url":"http:\/\/www.letourismeaparis.fr\/index.php\/2024\/02\/26\/le-salon-de-lagriculture-jusquau-3-mars\/","url_meta":{"origin":16351,"position":3},"title":"Le salon de l&rsquo;agriculture jusqu&rsquo;au 3 mars","author":"Fabienne TM","date":"26 f\u00e9vrier 2024","format":false,"excerpt":"Le Salon International de l\u2019agriculture est l\u2019occasion de mettre en lumi\u00e8re le m\u00e9tier d\u2019agriculteur et les services qui y sont li\u00e9s : formation, recrutement, emploi, mais aussi financement, banque ou assurance\u2026 Petits producteurs, stands de d\u00e9gustation, restaurants\u2026les r\u00e9gions de France m\u00e9tropolitaine et d\u2019Outre-mer, tout comme de nombreux pays \u00e9trangers, profitent\u2026","rel":"","context":"Dans &quot;Actualit\u00e9s&quot;","block_context":{"text":"Actualit\u00e9s","link":"http:\/\/www.letourismeaparis.fr\/index.php\/category\/actualite\/"},"img":{"alt_text":"","src":"","width":0,"height":0},"classes":[]},{"id":17992,"url":"http:\/\/www.letourismeaparis.fr\/index.php\/2016\/02\/24\/le-salon-de-lagriculture-du-27-fevrier-au-6-mars-porte-de-versailles-a-ne-pas-manquer\/","url_meta":{"origin":16351,"position":4},"title":"Le salon de l&#039;agriculture du 27 f\u00e9vrier au 6 mars, Porte de Versailles, \u00e0 ne pas manquer !","author":"Fabienne TM","date":"24 f\u00e9vrier 2016","format":false,"excerpt":"Retrouvez la FFE pavillon 6 all\u00e9e C stand 017 aux cot\u00e9s du Comit\u00e9 R\u00e9gional d'Equitation d'Ile-de-France (CREIF). Programme des bapt\u00eames de poney Hall 6 Ring Equin samedi 27 f\u00e9vrier : de 10h \u00e0 11h mercredi 2 mars : de 17h30 \u00e0 18h30 jeudi 3 mars : de 12h45 \u00e0 13h30\u2026","rel":"","context":"Dans &quot;Familles&quot;","block_context":{"text":"Familles","link":"http:\/\/www.letourismeaparis.fr\/index.php\/category\/familles\/"},"img":{"alt_text":"","src":"","width":0,"height":0},"classes":[]},{"id":9364,"url":"http:\/\/www.letourismeaparis.fr\/index.php\/2011\/02\/23\/du-19-au-27-fevrier-2011-48e-edition-du-salon-de-lagriculture\/","url_meta":{"origin":16351,"position":5},"title":"Salon de l\u2019Agriculture du 19 au 27 f\u00e9vrier 2011","author":"Fabienne TM","date":"23 f\u00e9vrier 2011","format":false,"excerpt":"Nocturne du Salon de l'agriculture 2011 : Chaque ann\u00e9e, l\u2019ensemble de la fili\u00e8re agricole et du monde rural se donne rendez-vous \u00e0 Paris. Le 25 f\u00e9vrier, la nocturne du salon sera festive. Au programme : Un d\u00eener aux 4 coins de France ou du monde. Le grand show des animaux\u2026","rel":"","context":"Dans &quot;Non class\u00e9&quot;","block_context":{"text":"Non class\u00e9","link":"http:\/\/www.letourismeaparis.fr\/index.php\/category\/non-classe\/"},"img":{"alt_text":"","src":"","width":0,"height":0},"classes":[]}],"jetpack_sharing_enabled":true,"jetpack_likes_enabled":true,"_links":{"self":[{"href":"http:\/\/www.letourismeaparis.fr\/index.php\/wp-json\/wp\/v2\/posts\/16351","targetHints":{"allow":["GET"]}}],"collection":[{"href":"http:\/\/www.letourismeaparis.fr\/index.php\/wp-json\/wp\/v2\/posts"}],"about":[{"href":"http:\/\/www.letourismeaparis.fr\/index.php\/wp-json\/wp\/v2\/types\/post"}],"author":[{"embeddable":true,"href":"http:\/\/www.letourismeaparis.fr\/index.php\/wp-json\/wp\/v2\/users\/2"}],"replies":[{"embeddable":true,"href":"http:\/\/www.letourismeaparis.fr\/index.php\/wp-json\/wp\/v2\/comments?post=16351"}],"version-history":[{"count":0,"href":"http:\/\/www.letourismeaparis.fr\/index.php\/wp-json\/wp\/v2\/posts\/16351\/revisions"}],"wp:attachment":[{"href":"http:\/\/www.letourismeaparis.fr\/index.php\/wp-json\/wp\/v2\/media?parent=16351"}],"wp:term":[{"taxonomy":"category","embeddable":true,"href":"http:\/\/www.letourismeaparis.fr\/index.php\/wp-json\/wp\/v2\/categories?post=16351"},{"taxonomy":"post_tag","embeddable":true,"href":"http:\/\/www.letourismeaparis.fr\/index.php\/wp-json\/wp\/v2\/tags?post=16351"}],"curies":[{"name":"wp","href":"https:\/\/api.w.org\/{rel}","templated":true}]}}