{"id":16362,"date":"2015-03-27T19:34:09","date_gmt":"2015-03-27T19:34:09","guid":{"rendered":"http:\/\/www.letourismeaparis.fr\/?p=16362"},"modified":"2015-03-27T19:34:09","modified_gmt":"2015-03-27T19:34:09","slug":"art-paris-art-fair-du-26-au-29-mars-2015-au-grand-palais-des-projections-des-conferences","status":"publish","type":"post","link":"http:\/\/www.letourismeaparis.fr\/index.php\/2015\/03\/27\/art-paris-art-fair-du-26-au-29-mars-2015-au-grand-palais-des-projections-des-conferences\/","title":{"rendered":"Art Paris  Art fair, du 26 au 29 mars 2015 au Grand Palais : des projections, des conf\u00e9rences , des rencontres ,des d\u00e9dicaces&#8230;."},"content":{"rendered":"<p>Art Paris Art Fair propose de faire d\u00e9couvrir aux 58000 visiteurs de la foire d\u00e8s 2015 et ceci chaque ann\u00e9e, une programmation d\u2019oeuvres vid\u00e9os sur la fa\u00e7ade du Grand Palais, tous les soirs pendant la dur\u00e9e de la foire de 18 heures \u00e0 minuit.<a href=\"http:\/\/www.letourismeaparis.fr\/wp-content\/uploads\/2015\/02\/ap.jpeg\"><img loading=\"lazy\" decoding=\"async\" class=\"aligncenter size-medium wp-image-16363\" src=\"http:\/\/www.letourismeaparis.fr\/wp-content\/uploads\/2015\/02\/ap-300x108.jpeg\" alt=\"ap\" width=\"300\" height=\"108\" \/><\/a><br \/>\nTrois oeuvres ont \u00e9t\u00e9 s\u00e9lectionn\u00e9es<!--more--><br \/>\n<strong>Mounir Fatmi &#8211; Les Temps Modernes &#8211; Une Histoire de la Machine, 2010 &#8211;\u00a0<a href=\"http:\/\/artparis.fr\/gallery\/41\">Galerie Analix Forever<\/a><\/strong><br \/>\nLes Temps Modernes &#8211; Une Histoire de la Machine, propos\u00e9e <strong>teamLab &#8211; Waterfall, 2015 &#8211;\u00a0<a href=\"http:\/\/artparis.fr\/fr\/gallery\/1241\">Galerie Bog\u00e9na<\/a><\/strong><br \/>\nteamLab est un collectif de plus de 350 cr\u00e9ateurs (artistes, informaticiens, designers, architectes) dont les oeuvres exp\u00e9rimentales au croisement de l\u2019art, de la science, de la technologie et du design ont pour fil conducteur l\u2019interactivit\u00e9 autant de ricochets sur son parcours.<br \/>\n<strong>Dominic Harris &amp; Cinimod Studio &#8211; A Concentric Study, 2015 &#8211;<a href=\"http:\/\/artparis.fr\/gallery\/966\">Sarah Myerscough Gallery<\/a><\/strong><br \/>\nDominic Harris, architecte de formation et artiste interactif, con\u00e7oit et fabrique ses oeuvres aux pratiques multidisciplinaires au sein de Cinimod Studio<br \/>\n&nbsp;<br \/>\nCONF\u00c9RENCES &amp; PROJECTIONS<br \/>\nAuditorium MK2 du Grand Palais<br \/>\nAcc\u00e8s gratuit par la Rotonde Alexandre III, entr\u00e9e Cours la Reine<br \/>\n<strong>Vid\u00e9os d\u2019Asie du Sud-Est<\/strong><br \/>\nProgramme con\u00e7u par Iola Lenzi, commissaire invit\u00e9e pour Singapour et l\u2019Asie du Sud-Est \u00e0 l\u2019honneur Production Vid\u00e9o Synergie \u2013 Fran\u00e7ois Destruel<br \/>\n<strong>JEUDI 26 MARS<\/strong><br \/>\n12h \u2013 14H<br \/>\n<strong>vid\u00e9os d\u2019Asie du Sud-Est, Iola Lenzi commissaire<\/strong><br \/>\n14h30 \u2013 16h30<br \/>\n<strong>Singapour et l\u2019Asie du Sud-Est : art and institutions today ?<\/strong><br \/>\net directeur de Art Plural Gallery Conf\u00e9rence en anglais<br \/>\n16H30 \u2013 19h<br \/>\n<strong>vid\u00e9os d\u2019Asie du Sud-Est, Iola Lenzi commissaire<\/strong><br \/>\n<strong>VENDREDI 27 MARS<\/strong><br \/>\n12h \u2013 15h45<br \/>\n<strong>vid\u00e9os d\u2019Asie du Sud-Est, Iola Lenzi commissaire<\/strong><br \/>\n16h \u2013 17h30<br \/>\n<strong>Du design \u00e0 l\u2019objet d\u2019art, les nouvelles technologies \u00e0 l&rsquo;amorce de la cr\u00e9ation.<\/strong><br \/>\nTable ronde<br \/>\n18h -19h30<br \/>\n<strong>La toile, l\u2019autre peau du monde. Dialogue autour de G\u00e9rard Fromanger<\/strong><br \/>\nRencontre<br \/>\n&nbsp;<br \/>\n&nbsp;<\/p>\n<table cellspacing=\"0\" cellpadding=\"0\">\n<tbody>\n<tr>\n<td class=\"td1\" valign=\"top\">\n<p class=\"p1\"><span class=\"s1\">Art Paris Art Fair 2015 accueille un ensemble de\u00a0<a href=\"http:\/\/snm80.com\/xiklfkhfn1nu3rkjlq\/index4.html\"><span class=\"s2\">rencontres et de d\u00e9dicaces<\/span><\/a>\u00a0avec des artistes comme des auteurs et historiens notamment \u00e0 l\u2019espace\u00a0<a href=\"http:\/\/snm80.com\/ckkjkk2pnmvkpmvjso\/index5.html\"><span class=\"s2\">Art Books Librairie L\u2019Ecume des Pages<\/span><\/a>\u00a0qui regroupe une vingtaine d\u2019\u00e9diteurs sp\u00e9cialis\u00e9s dans le domaine de l\u2019art et du beau livre et du livre d\u2019artiste. Au programme :\u00a0<\/span><\/p>\n<p class=\"p1\"><span class=\"s1\"><b>JEUDI 26 MARS\u00a0<\/b><\/span><\/p>\n<p class=\"p1\"><span class=\"s1\">16h30 &#8211; Gautier Deblonde, \u00abAtelier\u00bb, Galerie C\u00e9dric Bacqueville, G8\u00a0<\/span><\/p>\n<p class=\"p1\"><span class=\"s1\">18h &#8211; Rencontre avec le designer Nestor Perkal, Galerie MiniMasterpiece, F4, hommage \u00e0 Renato Mambor par Dominique Stella, catalogue \u00e9dit\u00e9 pour l&rsquo;occasion, Galerie Pierre-Alain Chalier, C24\u00a0<\/span><\/p>\n<p class=\"p1\"><span class=\"s1\">19h &#8211; Fran\u00e7ois Calvat, \u00abR\u00e9trospective\u00bb, Galerie Pascal Vanhoecke, D22\u00a0<\/span><\/p>\n<p class=\"p1\"><span class=\"s1\"><b>VENDREDI 27 MARS\u00a0<\/b><\/span><\/p>\n<p class=\"p1\"><span class=\"s1\">18h &#8211; Jean-Louis Sarrans, \u00abLe jardin sans ma\u00eetre\u00bb, Editions Verlhac, Galerie Bin\u00f4me, G17, rencontre avec Miguel Chevalier, Galerie MiniMasterpiece, F4\u00a0<\/span><\/p>\n<p class=\"p1\"><span class=\"s1\">19h\/20h30 &#8211; Aung Ko, \u00abBreakfast with my enemy\u00bb, 2013, Primo Marella Gallery, E10\u00a0<\/span><\/p>\n<p class=\"p1\"><span class=\"s1\">19h &#8211; Performance d\u2019Alexa Meade, Galerie Sisso, F6\u00a0<\/span><\/p>\n<p class=\"p1\"><span class=\"s1\">19h30 &#8211; Thomas Jorion, \u00abSilencio\u00bb, 2013, Galerie Insula, F17\u00a0<\/span><\/p>\n<p class=\"p1\"><span class=\"s1\">20h00 &#8211; G\u00e9rard Fromanger, catalogue \u00e9dit\u00e9 \u00e0 l\u2019occasion d\u2019Art Paris Art Fair, texte Jean Jacques Aillagon, Galerie Caroline Smulders, B12\u00a0<\/span><\/p>\n<p class=\"p1\"><span class=\"s1\">20h-22h &#8211; Stephane Korb, \u00abClefs pour le Japon\u00bb, 2014, Galerie baudoin lebon, C17\u00a0<\/span><\/p>\n<p class=\"p1\"><span class=\"s1\"><b>SAMEDI 28 MARS\u00a0<\/b><\/span><\/p>\n<p class=\"p1\"><span class=\"s1\">14h &#8211; Nyilyari Tjapangati , catalogue monographique, Galerie Arts d\u2019Australie \u2022 St\u00e9phane Jacob, A2\u00a0<\/span><\/p>\n<p class=\"p1\"><span class=\"s1\">16h &#8211; Philippe Le Guillou, \u00abExote\u00bb, Galerie Fran\u00e7oise Livinec, E11\u00a0<\/span><\/p>\n<p class=\"p1\"><span class=\"s1\">16h &#8211; 17h30 &#8211; Signatures \u00e0 l\u2019espace \u00ab Art Books Librairie-L\u2019Ecume des Pages \u00bb de G\u00e9rard Fromanger, Herv\u00e9 T\u00e9l\u00e9maque et Jacques Monory\u00a0<\/span><\/p>\n<p class=\"p1\"><span class=\"s1\">17h30 &#8211; 19h &#8211; Signatures \u00e0 l\u2019espace \u00ab Art Books Librairie-L\u2019Ecume des Pages \u00bb de Pat Andrea et Catherine Francblin\u00a0<\/span><\/p>\n<p class=\"p1\"><span class=\"s1\">18h &#8211; Rencontre avec le designer C\u00e9dric Ragot, Galerie MiniMasterpiece, F4\u00a0<\/span><\/p>\n<p class=\"p1\"><span class=\"s1\"><b>DIMANCHE 29 MARS\u00a0<\/b><\/span><\/p>\n<p class=\"p1\"><span class=\"s1\">15h &#8211; 18h &#8211; D\u00e9dicaces des artistes Won Sou-Yeol, Zuka et Matthieu Dorval, Galerie Fran\u00e7oise Livinec, E11<\/span><\/p>\n<\/td>\n<\/tr>\n<\/tbody>\n<\/table>\n<p>&nbsp;<\/p>\n","protected":false},"excerpt":{"rendered":"<p>Art Paris Art Fair propose de faire d\u00e9couvrir aux 58000 visiteurs de la foire d\u00e8s 2015 et ceci chaque ann\u00e9e, une programmation d\u2019oeuvres vid\u00e9os sur la fa\u00e7ade du Grand Palais, tous les soirs pendant la dur\u00e9e de la foire de&#8230;<\/p>\n","protected":false},"author":2,"featured_media":0,"comment_status":"open","ping_status":"open","sticky":false,"template":"","format":"standard","meta":{"ngg_post_thumbnail":0,"jetpack_post_was_ever_published":false,"_jetpack_newsletter_access":"","footnotes":""},"categories":[27],"tags":[],"class_list":["post-16362","post","type-post","status-publish","format-standard","hentry","category-musees-expositions"],"jetpack_featured_media_url":"","jetpack-related-posts":[{"id":18825,"url":"http:\/\/www.letourismeaparis.fr\/index.php\/2016\/10\/23\/la-fiac-a-paris\/","url_meta":{"origin":16362,"position":0},"title":"LA FIAC \u00e0 Paris","author":"Fabienne TM","date":"23 octobre 2016","format":false,"excerpt":"La Foire Internationale d'Art Contemporain, \u00a0regroupe les galeries d'art moderne et contemporaine. Tous les m\u00e9diums sont repr\u00e9sent\u00e9s\u00a0: peinture, sculpture, photographie, installations, vid\u00e9os, performances, arts num\u00e9riques. En 2016, la FIAC rassemble 186 galeries, venues de 27 pays.\u00a0 En 2016, la FIAC ouvre ses portes du jeudi 20 au dimanche 23 octobre.\u2026","rel":"","context":"Dans &quot;Mus\u00e9es \/ Expositions&quot;","block_context":{"text":"Mus\u00e9es \/ Expositions","link":"http:\/\/www.letourismeaparis.fr\/index.php\/category\/culture\/musees-expositions\/"},"img":{"alt_text":"","src":"","width":0,"height":0},"classes":[]},{"id":18842,"url":"http:\/\/www.letourismeaparis.fr\/index.php\/2016\/10\/21\/art-elysees-art-design-evenement-incontournable\/","url_meta":{"origin":16362,"position":1},"title":"Art \u00c9lys\u00e9es &#8211; Art &amp; Design, \u00e9v\u00e9nement incontournable","author":"Fabienne TM","date":"21 octobre 2016","format":false,"excerpt":"Pour cette 10e \u00e9dition d\u2019Art \u00c9lys\u00e9es, les organisateurs souhaitent une fois de plus mettre en avant les artistes li\u00e9s aux grands mouvements de l\u2019histoire de l\u2019art moderne et de l\u2019\u00c9cole de Paris, tout en ayant la volont\u00e9 de cr\u00e9er un dialogue fort avec l\u2019art contemporain. SECTION DESIGN XXe SIECLE En\u2026","rel":"","context":"Dans &quot;Beaux arts&quot;","block_context":{"text":"Beaux arts","link":"http:\/\/www.letourismeaparis.fr\/index.php\/category\/culture\/musees-expositions\/beaux-arts\/"},"img":{"alt_text":"","src":"","width":0,"height":0},"classes":[]},{"id":8881,"url":"http:\/\/www.letourismeaparis.fr\/index.php\/2010\/10\/20\/foire-dart-moderne-et-contemporain-du-21-au-25-octobre-2010\/","url_meta":{"origin":16362,"position":2},"title":"FOIRE D&#039;ART MODERNE ET CONTEMPORAIN DU 21 AU 25 OCTOBRE 2010","author":"Fabienne TM","date":"20 octobre 2010","format":false,"excerpt":"la Foire d'Art Moderne et Contemporain, Art Elys\u00e9es s'installe\u00a0 le long des Champs Elys\u00e9es de la Place Cl\u00e9menceau \u00e0 la Place de la Concorde. L'accent\u00a0 est mis sur l'art moderne et contemporain \"classique\", La Fondation Vasarely STAND 104 A : Conf\u00e9rence \"Victor Vasarely\" : \"de l'oeuvre peint \u00e0 l'oeuvre architectur\u00e9\"\u2026","rel":"","context":"Dans &quot;Non class\u00e9&quot;","block_context":{"text":"Non class\u00e9","link":"http:\/\/www.letourismeaparis.fr\/index.php\/category\/non-classe\/"},"img":{"alt_text":"","src":"","width":0,"height":0},"classes":[]},{"id":4562,"url":"http:\/\/www.letourismeaparis.fr\/index.php\/2009\/10\/18\/la-fiac-et-son-feu-dartifice-en-preambule-du-20-octobre\/","url_meta":{"origin":16362,"position":3},"title":"La Fiac et son feu d&#039;artifice ,mardi 20 octobre \u00e0 22h","author":"Fabienne TM","date":"18 octobre 2009","format":false,"excerpt":"La Foire internationale d'art contemporain aura 210 exposants et 4200 artistes : Art moderne, art contemporain et cr\u00e9ation \u00e9mergente\u00a0 seront pr\u00e9sents au Grand Palais(Tony Cragg, George Condo, Rachel Whiteread, Balla, peter Blake,) des pr\u00e9sentations th\u00e9matiques sont pr\u00e9vues.. Le jardin des tuileries accueillera des oeuvres \u00e9galement \u00e0 noter un grand feu\u2026","rel":"","context":"Dans &quot;Non class\u00e9&quot;","block_context":{"text":"Non class\u00e9","link":"http:\/\/www.letourismeaparis.fr\/index.php\/category\/non-classe\/"},"img":{"alt_text":"","src":"","width":0,"height":0},"classes":[]},{"id":25382,"url":"http:\/\/www.letourismeaparis.fr\/index.php\/2023\/11\/19\/fab-paris\/","url_meta":{"origin":16362,"position":4},"title":"FAB  PARIS","author":"Fabienne TM","date":"19 novembre 2023","format":false,"excerpt":"FAB Paris est un salon issu de l\u2019alliance de Fine Arts Paris et de La Biennale des Antiquaires, (Grand Palais Eph\u00e9m\u00e8re du 22 au 26 novembre 2023.) Vous y d\u00e9couvrirez plus de 110 galeries, venant de 12 pays diff\u00e9rents, rassemblant ainsi sous un m\u00eame toit, toutes les disciplines et toutes\u2026","rel":"","context":"Dans &quot;Art-Contemporain&quot;","block_context":{"text":"Art-Contemporain","link":"http:\/\/www.letourismeaparis.fr\/index.php\/category\/culture\/musees-expositions\/art-contemporain\/"},"img":{"alt_text":"","src":"https:\/\/i0.wp.com\/www.letourismeaparis.fr\/wp-content\/uploads\/2023\/11\/Capture-decran-2023-11-19-a-14.28.32.png?resize=350%2C200","width":350,"height":200},"classes":[]},{"id":13007,"url":"http:\/\/www.letourismeaparis.fr\/index.php\/2013\/03\/28\/art-paris-art-fair-au-grand-palais-du-28-mars-au-2-avril-la-russie-est-a-lhonneur\/","url_meta":{"origin":16362,"position":5},"title":"Art Paris Art Fair au Grand Palais du 28 mars au 2 avril : La Russie est \u00e0 l&#039;honneur","author":"Fabienne TM","date":"28 mars 2013","format":false,"excerpt":"Art Paris Art Fair affirme son identit\u00e9 singuli\u00e8re de foire europ\u00e9enne orient\u00e9e vers la promotion des sc\u00e8nes de l\u2019Est (Europe Centrale et Orientale, Moyen-Orient et Asie). Avec 74 nouvelles participations, 20 pays repr\u00e9sent\u00e9s et 43% de participation \u00e9trang\u00e8re, la s\u00e9lection 2013 est profond\u00e9ment renouvel\u00e9e et internationale. LA RUSSIE INVITEE D\u2019HONNEUR\u2026","rel":"","context":"Dans &quot;Non class\u00e9&quot;","block_context":{"text":"Non class\u00e9","link":"http:\/\/www.letourismeaparis.fr\/index.php\/category\/non-classe\/"},"img":{"alt_text":"","src":"https:\/\/i0.wp.com\/www.letourismeaparis.fr\/wp-content\/uploads\/2013\/03\/art_paris_art_fair_2013-c4992.jpg?resize=350%2C200","width":350,"height":200},"classes":[]}],"jetpack_sharing_enabled":true,"jetpack_likes_enabled":true,"_links":{"self":[{"href":"http:\/\/www.letourismeaparis.fr\/index.php\/wp-json\/wp\/v2\/posts\/16362","targetHints":{"allow":["GET"]}}],"collection":[{"href":"http:\/\/www.letourismeaparis.fr\/index.php\/wp-json\/wp\/v2\/posts"}],"about":[{"href":"http:\/\/www.letourismeaparis.fr\/index.php\/wp-json\/wp\/v2\/types\/post"}],"author":[{"embeddable":true,"href":"http:\/\/www.letourismeaparis.fr\/index.php\/wp-json\/wp\/v2\/users\/2"}],"replies":[{"embeddable":true,"href":"http:\/\/www.letourismeaparis.fr\/index.php\/wp-json\/wp\/v2\/comments?post=16362"}],"version-history":[{"count":0,"href":"http:\/\/www.letourismeaparis.fr\/index.php\/wp-json\/wp\/v2\/posts\/16362\/revisions"}],"wp:attachment":[{"href":"http:\/\/www.letourismeaparis.fr\/index.php\/wp-json\/wp\/v2\/media?parent=16362"}],"wp:term":[{"taxonomy":"category","embeddable":true,"href":"http:\/\/www.letourismeaparis.fr\/index.php\/wp-json\/wp\/v2\/categories?post=16362"},{"taxonomy":"post_tag","embeddable":true,"href":"http:\/\/www.letourismeaparis.fr\/index.php\/wp-json\/wp\/v2\/tags?post=16362"}],"curies":[{"name":"wp","href":"https:\/\/api.w.org\/{rel}","templated":true}]}}