{"id":16367,"date":"2015-03-01T15:28:48","date_gmt":"2015-03-01T15:28:48","guid":{"rendered":"http:\/\/www.letourismeaparis.fr\/?p=16367"},"modified":"2015-03-01T15:28:48","modified_gmt":"2015-03-01T15:28:48","slug":"une-excellente-piece-au-theatre-antoine-le-systeme-d-antoine-rault","status":"publish","type":"post","link":"http:\/\/www.letourismeaparis.fr\/index.php\/2015\/03\/01\/une-excellente-piece-au-theatre-antoine-le-systeme-d-antoine-rault\/","title":{"rendered":"Une excellente pi\u00e8ce au Th\u00e9atre Antoine :&quot; le Syst\u00e8me &quot;d&#039; Antoine Rault"},"content":{"rendered":"<p><strong>Le Syst\u00e8me<\/strong><br \/>\nL\u2019histoire se passe il y a 300 ans&#8230;<br \/>\nA la mort de Louis XIV, l\u2019Etat fran\u00e7ais est ruin\u00e9. L\u2019Ecossais John Law, joueur de cartes de g\u00e9nie, pr\u00e9tend pouvoir sauver l\u2019Etat de la faillite. Il convainc le R\u00e9gent d\u2019essayer son Syst\u00e8me <a href=\"http:\/\/www.letourismeaparis.fr\/wp-content\/uploads\/2015\/03\/syst.png\"><img loading=\"lazy\" decoding=\"async\" class=\"aligncenter size-medium wp-image-16368\" src=\"http:\/\/www.letourismeaparis.fr\/wp-content\/uploads\/2015\/03\/syst-300x139.png\" alt=\"syst\" width=\"300\" height=\"139\" \/><\/a>: faire du commerce et des \u00e9changes avec de la monnaie de papier et des actions. Il vient d\u2019inventer l\u2019\u00e9conomie moderne. Au d\u00e9but, cela fonctionne \u00e0 merveille. Trop bien m\u00eame. Bient\u00f4t, la machine s\u2019emballe, tout le monde se met \u00e0 sp\u00e9culer, la bourse flambe&#8230;<!--more--><br \/>\n&nbsp;<br \/>\n<strong>Le Syst\u00e8me, c\u2019est une com\u00e9die haletante sur les coulisses du pouvoir et de la finance&#8230; calculs, manipulations, trahisons et intrigues au c\u0153ur d\u2019une cour libertine et cupide.<\/strong><br \/>\n&nbsp;<br \/>\nAntoine Rault est l\u2019auteur du Diable Rouge, pi\u00e8ce qui a \u00e9t\u00e9 nomm\u00e9e sept fois aux Moli\u00e8res et qui re\u00e7ut le Globe de Cristal de la meilleure pi\u00e8ce. Didier Long a \u00e9t\u00e9 nomm\u00e9 sept fois pour le Moli\u00e8re de la meilleure mise en sc\u00e8ne.<br \/>\n14 boulevard de Strasbourg \u00a0 \u00a021 h lundi au vendredi \u00a0 ou 16 et 21 h samedi<br \/>\n75010 Paris<\/p>\n","protected":false},"excerpt":{"rendered":"<p>Le Syst\u00e8me L\u2019histoire se passe il y a 300 ans&#8230; A la mort de Louis XIV, l\u2019Etat fran\u00e7ais est ruin\u00e9. L\u2019Ecossais John Law, joueur de cartes de g\u00e9nie, pr\u00e9tend pouvoir sauver l\u2019Etat de la faillite. Il convainc le R\u00e9gent d\u2019essayer&#8230;<\/p>\n","protected":false},"author":2,"featured_media":0,"comment_status":"open","ping_status":"open","sticky":false,"template":"","format":"standard","meta":{"ngg_post_thumbnail":0,"jetpack_post_was_ever_published":false,"_jetpack_newsletter_access":"","footnotes":""},"categories":[49],"tags":[],"class_list":["post-16367","post","type-post","status-publish","format-standard","hentry","category-theatre"],"jetpack_featured_media_url":"","jetpack-related-posts":[{"id":19708,"url":"http:\/\/www.letourismeaparis.fr\/index.php\/2017\/04\/20\/la-mouette-de-anton-tchekhov-au-theatre-du-ranelagh\/","url_meta":{"origin":16367,"position":0},"title":"La Mouette  de Anton Tchekhov au Th\u00e9atre du Ranelagh","author":"Fabienne TM","date":"20 avril 2017","format":false,"excerpt":"\u00a0 Treplev, jeune \u00e9crivain, aime Nina. Elle joue sa pi\u00e8ce, un texte pour un th\u00e9\u00e2tre et un monde nouveau. Un r\u00eave. Mais la repr\u00e9sentation n\u2019est pas prise au s\u00e9rieux par sa m\u00e8re, la c\u00e9l\u00e8bre actrice Arkadina. Nina le quitte pour la star de l\u2019\u00e9criture Trigorine. C\u2019est ainsi que les r\u00eaves\u2026","rel":"","context":"Dans &quot;Th\u00e9atre&quot;","block_context":{"text":"Th\u00e9atre","link":"http:\/\/www.letourismeaparis.fr\/index.php\/category\/spectacle\/theatre\/"},"img":{"alt_text":"","src":"https:\/\/i0.wp.com\/www.letourismeaparis.fr\/wp-content\/uploads\/2017\/04\/Capture-d%C3%A2%C2%80%C2%99e%C3%8C%C2%81cran-2017-04-20-a%C3%8C%C2%80-17.53.35-213x300.png?resize=350%2C200","width":350,"height":200},"classes":[]},{"id":19072,"url":"http:\/\/www.letourismeaparis.fr\/index.php\/2016\/11\/28\/jazzycolors-et-25-centres-culturels-etrangers-a-paris\/","url_meta":{"origin":16367,"position":1},"title":"Jazzycolors  et 25 centres culturels \u00e9trangers \u00e0 Paris","author":"Fabienne TM","date":"28 novembre 2016","format":false,"excerpt":"Jazzycolors est de retour avec une s\u00e9lection concoct\u00e9e par 25 centres culturels\u00a0\u00e9trangers \u00e0 Paris, qui vous invitent \u00e0 un voyage \u00e0 travers les tendances\u00a0jazz des quatre coins du monde. 26 concerts dans 19 lieux rythmeront votre\u00a0mois de novembre au son des artistes de renomm\u00e9e internationale et des stars de demain.\u2026","rel":"","context":"Dans &quot;Musique&quot;","block_context":{"text":"Musique","link":"http:\/\/www.letourismeaparis.fr\/index.php\/category\/culture\/concerts-musique\/musique\/"},"img":{"alt_text":"","src":"","width":0,"height":0},"classes":[]},{"id":6118,"url":"http:\/\/www.letourismeaparis.fr\/index.php\/2010\/01\/15\/bonnie-and-clyde-un-polar-musical-jusquau-17-janvier\/","url_meta":{"origin":16367,"position":2},"title":"Bonnie and Clyde, un polar musical jusqu&#039;au 17 janvier","author":"Fabienne TM","date":"15 janvier 2010","format":false,"excerpt":"Le metteur en sc\u00e8ne Antoine Lelandais redonne vie \u00e0 Bonnie Parker et Clyde Barrow dans la com\u00e9die musicale Bonnie and Clyde, le polar musical. Cette nouvelle com\u00e9die musicale m\u00eale chant, danse, humour et sc\u00e8nes de combat. Une cambrioleuse de talent d\u00e9robe les diamants d\u2019Alvarez, le parrain de la mafia new-yorkaise.\u2026","rel":"","context":"Dans &quot;Non class\u00e9&quot;","block_context":{"text":"Non class\u00e9","link":"http:\/\/www.letourismeaparis.fr\/index.php\/category\/non-classe\/"},"img":{"alt_text":"","src":"","width":0,"height":0},"classes":[]},{"id":24077,"url":"http:\/\/www.letourismeaparis.fr\/index.php\/2020\/10\/12\/le-petit-prince-a-la-seine-musicale\/","url_meta":{"origin":16367,"position":3},"title":"LE PETIT PRINCE \u00c0 LA SEINE MUSICALE","author":"Fabienne TM","date":"12 octobre 2020","format":false,"excerpt":"L'adaptation en spectacle musical de l'incroyable bande dessin\u00e9e de Joann Sfar d'apr\u00e8s le grand classique de Saint-Exup\u00e9ry. D\u2019apr\u00e8s le texte d\u2019Antoine de Saint-Exup\u00e9ry BANDE DESSIN\u00c9E Joann Sfar .ADAPTATION AUDIOVISUELLE Laurent Sarasin On doit l\u2019\u00e9tonnante histoire du Petit Prince \u00e0 Antoine de Saint-Exup\u00e9ry, aviateur et \u00e9crivain. Ce conte invite \u00e0 s\u2019\u00e9merveiller\u2026","rel":"","context":"Dans &quot;Non class\u00e9&quot;","block_context":{"text":"Non class\u00e9","link":"http:\/\/www.letourismeaparis.fr\/index.php\/category\/non-classe\/"},"img":{"alt_text":"","src":"https:\/\/i0.wp.com\/www.letourismeaparis.fr\/wp-content\/uploads\/2020\/10\/Capture-d%E2%80%99e%CC%81cran-2020-10-12-a%CC%80-16.05.39.png?resize=350%2C200","width":350,"height":200,"srcset":"https:\/\/i0.wp.com\/www.letourismeaparis.fr\/wp-content\/uploads\/2020\/10\/Capture-d%E2%80%99e%CC%81cran-2020-10-12-a%CC%80-16.05.39.png?resize=350%2C200 1x, https:\/\/i0.wp.com\/www.letourismeaparis.fr\/wp-content\/uploads\/2020\/10\/Capture-d%E2%80%99e%CC%81cran-2020-10-12-a%CC%80-16.05.39.png?resize=525%2C300 1.5x"},"classes":[]},{"id":25585,"url":"http:\/\/www.letourismeaparis.fr\/index.php\/2024\/04\/13\/une-soiree-chez-offenbach-au-theatre-de-passy\/","url_meta":{"origin":16367,"position":4},"title":"Une soir\u00e9e chez Offenbach au Th\u00e9atre de Passy","author":"Fabienne TM","date":"13 avril 2024","format":false,"excerpt":"Une tr\u00e8s bonne soir\u00e9e chez Offenbach.Un spectacle lyrique et joyeux autour du g\u00e9nial Offenbach! De bons solistes\u00a0 vous attendent au Th\u00e9atre de Passy .Ils interpr\u00eatent notamment la vie parisienne, la belle H\u00e9l\u00e8ne, la P\u00e9richole, les contes d\u2019Hoffmann\u2026. Nous avons appr\u00e9ci\u00e9\u00a0 tout particuli\u00e8rement Nicolas Rigas, , Cl\u00e9mentine Decouture, , Guillaume Zhang,\u2014\u2026","rel":"","context":"Dans &quot;Concerts \/ Musique&quot;","block_context":{"text":"Concerts \/ Musique","link":"http:\/\/www.letourismeaparis.fr\/index.php\/category\/culture\/concerts-musique\/"},"img":{"alt_text":"","src":"https:\/\/i0.wp.com\/www.letourismeaparis.fr\/wp-content\/uploads\/2024\/04\/Capture-decran-2024-04-13-a-19.18.46.png?resize=350%2C200","width":350,"height":200},"classes":[]},{"id":1362,"url":"http:\/\/www.letourismeaparis.fr\/index.php\/2009\/01\/08\/le-musee-de-montmartre-et-jean-marais\/","url_meta":{"origin":16367,"position":5},"title":"Jean Marais au mus\u00e9e de Montmartre","author":"Fabienne TM","date":"8 janvier 2009","format":false,"excerpt":"\"Jean Marais l'\u00e9ternel retour \" jusqu'au\u00a0 3 mai 2009 Jean Marais a touch\u00e9 \u00e0 tous les aspects de la vie artistique (com\u00e9die, peinture, mise en sc\u00e8ne,cr\u00e9ation de costumes, d\u00e9corateur, \u00e9crivain)sous l\u2019impulsion\u00a0 de Jean Cocteau... \"Il a interpr\u00e9t\u00e9 des r\u00f4les mettant \u00e0 l\u2019honneur Paris\u00a0\u00a0 \u00ab Si Paris m\u2019\u00e9tait cont\u00e9\u00a0 \u00bb\u00a0 \u00ab\u2026","rel":"","context":"Dans &quot;Non class\u00e9&quot;","block_context":{"text":"Non class\u00e9","link":"http:\/\/www.letourismeaparis.fr\/index.php\/category\/non-classe\/"},"img":{"alt_text":"","src":"","width":0,"height":0},"classes":[]}],"jetpack_sharing_enabled":true,"jetpack_likes_enabled":true,"_links":{"self":[{"href":"http:\/\/www.letourismeaparis.fr\/index.php\/wp-json\/wp\/v2\/posts\/16367","targetHints":{"allow":["GET"]}}],"collection":[{"href":"http:\/\/www.letourismeaparis.fr\/index.php\/wp-json\/wp\/v2\/posts"}],"about":[{"href":"http:\/\/www.letourismeaparis.fr\/index.php\/wp-json\/wp\/v2\/types\/post"}],"author":[{"embeddable":true,"href":"http:\/\/www.letourismeaparis.fr\/index.php\/wp-json\/wp\/v2\/users\/2"}],"replies":[{"embeddable":true,"href":"http:\/\/www.letourismeaparis.fr\/index.php\/wp-json\/wp\/v2\/comments?post=16367"}],"version-history":[{"count":0,"href":"http:\/\/www.letourismeaparis.fr\/index.php\/wp-json\/wp\/v2\/posts\/16367\/revisions"}],"wp:attachment":[{"href":"http:\/\/www.letourismeaparis.fr\/index.php\/wp-json\/wp\/v2\/media?parent=16367"}],"wp:term":[{"taxonomy":"category","embeddable":true,"href":"http:\/\/www.letourismeaparis.fr\/index.php\/wp-json\/wp\/v2\/categories?post=16367"},{"taxonomy":"post_tag","embeddable":true,"href":"http:\/\/www.letourismeaparis.fr\/index.php\/wp-json\/wp\/v2\/tags?post=16367"}],"curies":[{"name":"wp","href":"https:\/\/api.w.org\/{rel}","templated":true}]}}