{"id":16387,"date":"2015-03-06T21:36:19","date_gmt":"2015-03-06T21:36:19","guid":{"rendered":"http:\/\/www.letourismeaparis.fr\/?p=16387"},"modified":"2015-03-06T21:36:19","modified_gmt":"2015-03-06T21:36:19","slug":"un-concert-tout-public-14h30-et-le-nouvel-chinois-fete-la-mairie-du-18eme-mercredi-11-mars-2015","status":"publish","type":"post","link":"http:\/\/www.letourismeaparis.fr\/index.php\/2015\/03\/06\/un-concert-tout-public-14h30-et-le-nouvel-chinois-fete-la-mairie-du-18eme-mercredi-11-mars-2015\/","title":{"rendered":"un concert tout public \u00e0  14h30 et le nouvel an chinois  f\u00eat\u00e9 \u00e0 la mairie du  18\u00e8me  mercredi 11 mars 2015"},"content":{"rendered":"<p>&nbsp;<br \/>\n<span style=\"color: #000000;\">En pr\u00e9sence des v\u00e9ritables Moines de Shaolin, les artistes de la troupe Shaolin Black and White, une fusion pluri-artistique entre les arts martiaux, le cirque et la danse,feront une d\u00e9monstration exceptionnelle le mercredi 11 mars 2015 \u00e0 17h !<a href=\"http:\/\/www.letourismeaparis.fr\/wp-content\/uploads\/2015\/03\/document.jpeg\"><img loading=\"lazy\" decoding=\"async\" class=\"aligncenter size-medium wp-image-16388\" src=\"http:\/\/www.letourismeaparis.fr\/wp-content\/uploads\/2015\/03\/document-300x162.jpeg\" alt=\"document\" width=\"300\" height=\"162\" \/><\/a><\/span><br \/>\n<!--more-->le<strong>\u00a0Nouvel An chinois<\/strong>,\u00a0<strong>la mairie du 18\u00e8me accueille la troupe Shaolin Black and White<\/strong>\u00a0<!--more-->dirig\u00e9e par le \u00ab\u00a0<strong>Bruce Lee Africain<\/strong>\u00a0\u00bb, Ma\u00eetre Dominique Saatenang, Double vice Champion du monde de kungfu et Ambassadeur officiel du Temple de Shaolin \u00e0 travers le monde. Accompagn\u00e9s\u00a0des v\u00e9ritables Moines de Shaolin, les artistes de Shaolin Black and White feront des d\u00e9monstrations exceptionnelles pour l&rsquo;\u00e9merveillement de tous. Dans un m\u00e9lange de num\u00e9ros d&rsquo;arts\u00a0martiaux et de cirque, l\u2019\u00e9nergie spirituelle de Shaolin se d\u00e9voilera sous vos yeux.<br \/>\nLa troupe se produira au Palais des Congr\u00e8s de Paris le 7 mars \u00e0 l&rsquo;occasion de la Nuit des Arts Martiaux, \u00a0Les Moines donneront aussi des stages exceptionnels pour d\u00e9butants mais aussi professionnels, \u00a0le 14 mars \u00e0 Paris 18\u00e8me au Gymnase Ostermeyer (Pajol) . www.shaolinblackandwhite.com et contactez-nous d\u00e8s \u00e0 pr\u00e9sent \u00e0\u00a0<a href=\"mailto:stagesmoineshaolin@gmail.com\"><strong>stagesmoineshaolin@gmail.com<\/strong><\/a><br \/>\n&nbsp;<br \/>\n<strong>PRESENTATION CONCERT TOUT PUBLIC<\/strong><br \/>\n<em>Il \u00e9tait une fois dans une for\u00eat\u2026 les animaux\u00a0!<\/em><br \/>\n<em>Animaux et Nature en musique<\/em><br \/>\nDans la for\u00eat musicale, on rencontre de dr\u00f4les d&rsquo;animaux : certains sont familiers, d&rsquo;autres sauvages, d&rsquo;autres encore \u00e9tranges, des cr\u00e9atures \u00e0 poil, \u00e0 plumes, \u00e0 \u00e9cailles, \u00e0 cordes, \u00e0 vents&#8230; Solitaires ou r\u00e9unis, ils nous racontent leurs aventures, avec humour et tendresse : un joyeux concert con\u00e7u pour petits et grands.<br \/>\nCompositeurs : Gustav Mahler, Richard Wagner, Claude Debussy, Saint-Sa\u00ebns (extraits du Carnaval des Animaux), Maurice Ravel&#8230;<br \/>\nDur\u00e9e du concert\u00a0: 1h (sans entracte)<\/p>\n<ul>\n<li>Mercredi 11 \u00e0 14h30<\/li>\n<\/ul>\n<p><strong>1, place Jules Joffrin<br \/>\n75877 PARIS cedex 18<\/strong><\/p>\n","protected":false},"excerpt":{"rendered":"<p>&nbsp; En pr\u00e9sence des v\u00e9ritables Moines de Shaolin, les artistes de la troupe Shaolin Black and White, une fusion pluri-artistique entre les arts martiaux, le cirque et la danse,feront une d\u00e9monstration exceptionnelle le mercredi 11 mars 2015 \u00e0 17h !<\/p>\n","protected":false},"author":2,"featured_media":0,"comment_status":"open","ping_status":"open","sticky":false,"template":"","format":"standard","meta":{"ngg_post_thumbnail":0,"jetpack_post_was_ever_published":false,"_jetpack_newsletter_access":"","footnotes":""},"categories":[1],"tags":[],"class_list":["post-16387","post","type-post","status-publish","format-standard","hentry","category-non-classe"],"jetpack_featured_media_url":"","jetpack-related-posts":[{"id":6146,"url":"http:\/\/www.letourismeaparis.fr\/index.php\/2010\/02\/12\/nouvel-an-chinois-2010-et-fete-du-tet-14-fevrier\/","url_meta":{"origin":16387,"position":0},"title":"Nouvel an chinois 2010 et F\u00eate du T\u00eat : 14 f\u00e9vrier ! 3\u00e8me  ,13 \u00e8me, 15 f\u00e9vrier dans le 11\u00e8me","author":"Fabienne TM","date":"12 f\u00e9vrier 2010","format":false,"excerpt":"Paris propose des festivit\u00e9s lors du Nouvel an chinois ou f\u00eate du Printemps 2010, qui correspond \u00e9galement au Nouvel An Vietnamien (f\u00eate du t\u00eat). Le Nouvel an Chinois tombe cette ann\u00e9e le 14 f\u00e9vrier, jour de la Saint-Valentin et le Buffle laissera place au signe\u00a0\u00a0\u00a0 zodiacal du Tigre de M\u00e9tal.\u2026","rel":"","context":"Dans &quot;Non class\u00e9&quot;","block_context":{"text":"Non class\u00e9","link":"http:\/\/www.letourismeaparis.fr\/index.php\/category\/non-classe\/"},"img":{"alt_text":"","src":"","width":0,"height":0},"classes":[]},{"id":12797,"url":"http:\/\/www.letourismeaparis.fr\/index.php\/2013\/02\/08\/le-nouvel-an-chinois-defile-dimanche-10-fevrier-et-festivites-du-11-au-16-fevrier\/","url_meta":{"origin":16387,"position":1},"title":"Le nouvel an chinois  festivit\u00e9s du 11 au 16 f\u00e9vrier","author":"Fabienne TM","date":"8 f\u00e9vrier 2013","format":false,"excerpt":"L\u2019ANN\u00c9E DU SERPENT D\u2019EAU ,symbole de prosp\u00e9rit\u00e9. Du 11 au 16 f\u00e9vrier Exposition du peintre p\u00e9kinois, Lu Tianning, dont les oeuvres r\u00e9alis\u00e9es \u00e0 l\u2019encre de Chine sont toutes des cr\u00e9ations originales de tr\u00e8s grandes tailles. Mairie du 3e (p\u00e9ristyle) Mardi 12 f\u00e9vrier \u00e0 14h30 D\u00e9monstration et atelier de Yi Jin\u2026","rel":"","context":"Dans &quot;Non class\u00e9&quot;","block_context":{"text":"Non class\u00e9","link":"http:\/\/www.letourismeaparis.fr\/index.php\/category\/non-classe\/"},"img":{"alt_text":"","src":"","width":0,"height":0},"classes":[]},{"id":12572,"url":"http:\/\/www.letourismeaparis.fr\/index.php\/2013\/02\/05\/nouvel-an-chinois-2013-du-11-fevrier-2013-au-16-fevrier-2013-a-paris-75003\/","url_meta":{"origin":16387,"position":2},"title":"Nouvel an Chinois 2013 Du 11 f\u00e9vrier 2013 au 16 f\u00e9vrier 2013 \u00e0 Paris 75003","author":"Fabienne TM","date":"5 f\u00e9vrier 2013","format":false,"excerpt":"Pour la 13e ann\u00e9e cons\u00e9cutive, le 3e accueille une semaine festive et culturelle pour la nouvelle ann\u00e9e chinoise, sous le signe du serpent d'eau, symbole de prosp\u00e9rit\u00e9. Du lundi 11 au samedi 16 f\u00e9vrier, l'Asie est \u00e0 l'honneur. Du 11 au 16 f\u00e9vrier Exposition du peintre p\u00e9kinois, Lu Tianning, dont\u2026","rel":"","context":"Dans &quot;Non class\u00e9&quot;","block_context":{"text":"Non class\u00e9","link":"http:\/\/www.letourismeaparis.fr\/index.php\/category\/non-classe\/"},"img":{"alt_text":"","src":"","width":0,"height":0},"classes":[]},{"id":14514,"url":"http:\/\/www.letourismeaparis.fr\/index.php\/2014\/02\/06\/le-nouvel-chinois-et-la-fete-du-tet\/","url_meta":{"origin":16387,"position":3},"title":"Grand d\u00e9fil\u00e9 du Nouvel An Chinois, dimanche 9 f\u00e9vrier \u00e0 partir de 13h dans le 13 \u00e8me","author":"Fabienne TM","date":"6 f\u00e9vrier 2014","format":false,"excerpt":"Le Nouvel An Chinois, \u00e9galement connu sous l'appellation \"Nouvel an asiatique\" ou comme\u00a0la F\u00eate du T\u00eat par les communaut\u00e9s vietnamiennes, est tomb\u00e9 le 31 janvier 2014. Le Serpent, animal du zodiaque chinois, \u00a0a laiss\u00e9 la place au Cheval de Bois. Le d\u00e9fil\u00e9 aura lieu le dimanche 9 f\u00e9vrier.\u00a0Il partira vers\u2026","rel":"","context":"Dans &quot;Familles&quot;","block_context":{"text":"Familles","link":"http:\/\/www.letourismeaparis.fr\/index.php\/category\/familles\/"},"img":{"alt_text":"","src":"","width":0,"height":0},"classes":[]},{"id":19369,"url":"http:\/\/www.letourismeaparis.fr\/index.php\/2017\/01\/27\/le-nouvel-an-chinois-a-paris-dans-le-3-eme\/","url_meta":{"origin":16387,"position":4},"title":"Le nouvel an chinois \u00e0 Paris dans le 3 \u00e8me","author":"Fabienne TM","date":"27 janvier 2017","format":false,"excerpt":"La Mairie du 3e arrondissement de Paris organise en cette ann\u00e9e 2017 des festivit\u00e9s pour c\u00e9l\u00e9brer la nouvelle ann\u00e9e chinoise du Coq de Feu. La parade tant attendue se d\u00e9roulera donc dans les rues de la capitale le samedi 28 janvier. Dragons, lions, danseurs, chars et costumes seront de la\u2026","rel":"","context":"Dans &quot;Cultures du Monde&quot;","block_context":{"text":"Cultures du Monde","link":"http:\/\/www.letourismeaparis.fr\/index.php\/category\/culture\/musees-expositions\/cultures-du-monde\/"},"img":{"alt_text":"","src":"","width":0,"height":0},"classes":[]},{"id":23944,"url":"http:\/\/www.letourismeaparis.fr\/index.php\/2020\/01\/11\/nouvel-an-chinois-2\/","url_meta":{"origin":16387,"position":5},"title":"Nouvel An Chinois","author":"Fabienne TM","date":"11 janvier 2020","format":false,"excerpt":"Nouvel An Chinois L'ann\u00e9e du RAT DE M\u00c9TAL (ann\u00e9e 4718) commencera le samedi 25 janvier 2020. Elle remplacera l'ann\u00e9e du Cochon de Terre. Elle se terminera le 11 f\u00e9vrier 2021 pour laisser la place au Buffle de M\u00e9tal. Le Nouvel An lunaire ou Nouvel An Chinois \u519c\u5386\u65b0\u5e74 (Nongli Xinnian) aussi\u2026","rel":"","context":"Dans &quot;Non class\u00e9&quot;","block_context":{"text":"Non class\u00e9","link":"http:\/\/www.letourismeaparis.fr\/index.php\/category\/non-classe\/"},"img":{"alt_text":"","src":"https:\/\/i0.wp.com\/www.letourismeaparis.fr\/wp-content\/uploads\/2020\/01\/Capture-d%E2%80%99e%CC%81cran-2020-01-11-a%CC%80-16.55.21.png?resize=350%2C200","width":350,"height":200,"srcset":"https:\/\/i0.wp.com\/www.letourismeaparis.fr\/wp-content\/uploads\/2020\/01\/Capture-d%E2%80%99e%CC%81cran-2020-01-11-a%CC%80-16.55.21.png?resize=350%2C200 1x, https:\/\/i0.wp.com\/www.letourismeaparis.fr\/wp-content\/uploads\/2020\/01\/Capture-d%E2%80%99e%CC%81cran-2020-01-11-a%CC%80-16.55.21.png?resize=525%2C300 1.5x, https:\/\/i0.wp.com\/www.letourismeaparis.fr\/wp-content\/uploads\/2020\/01\/Capture-d%E2%80%99e%CC%81cran-2020-01-11-a%CC%80-16.55.21.png?resize=700%2C400 2x"},"classes":[]}],"jetpack_sharing_enabled":true,"jetpack_likes_enabled":true,"_links":{"self":[{"href":"http:\/\/www.letourismeaparis.fr\/index.php\/wp-json\/wp\/v2\/posts\/16387","targetHints":{"allow":["GET"]}}],"collection":[{"href":"http:\/\/www.letourismeaparis.fr\/index.php\/wp-json\/wp\/v2\/posts"}],"about":[{"href":"http:\/\/www.letourismeaparis.fr\/index.php\/wp-json\/wp\/v2\/types\/post"}],"author":[{"embeddable":true,"href":"http:\/\/www.letourismeaparis.fr\/index.php\/wp-json\/wp\/v2\/users\/2"}],"replies":[{"embeddable":true,"href":"http:\/\/www.letourismeaparis.fr\/index.php\/wp-json\/wp\/v2\/comments?post=16387"}],"version-history":[{"count":0,"href":"http:\/\/www.letourismeaparis.fr\/index.php\/wp-json\/wp\/v2\/posts\/16387\/revisions"}],"wp:attachment":[{"href":"http:\/\/www.letourismeaparis.fr\/index.php\/wp-json\/wp\/v2\/media?parent=16387"}],"wp:term":[{"taxonomy":"category","embeddable":true,"href":"http:\/\/www.letourismeaparis.fr\/index.php\/wp-json\/wp\/v2\/categories?post=16387"},{"taxonomy":"post_tag","embeddable":true,"href":"http:\/\/www.letourismeaparis.fr\/index.php\/wp-json\/wp\/v2\/tags?post=16387"}],"curies":[{"name":"wp","href":"https:\/\/api.w.org\/{rel}","templated":true}]}}