{"id":16406,"date":"2015-03-25T17:58:18","date_gmt":"2015-03-25T17:58:18","guid":{"rendered":"http:\/\/www.letourismeaparis.fr\/?p=16406"},"modified":"2015-03-25T17:58:18","modified_gmt":"2015-03-25T17:58:18","slug":"viennasphere-2015-la-capitale-autrichienne-en-3d-et-en-musique-paris-du-26-au-28-mars","status":"publish","type":"post","link":"http:\/\/www.letourismeaparis.fr\/index.php\/2015\/03\/25\/viennasphere-2015-la-capitale-autrichienne-en-3d-et-en-musique-paris-du-26-au-28-mars\/","title":{"rendered":"ViennaSphere 2015 :  La capitale autrichienne en 3D et en musique \u00e0 Paris, du 26 au  28 mars"},"content":{"rendered":"<table style=\"height: 775px;\" width=\"1305\">\n<tbody>\n<tr>\n<td colspan=\"2\" width=\"789\"><strong>\u00a0<\/strong><strong>\u00a0<\/strong><strong>A l\u2019occasion de la 60\u00e8me \u00e9dition de l\u2019Eurovision 2015 \u00e0 Vienne, l\u2019Office du Tourisme de Vienne, met en sc\u00e8ne la capitale autrichienne via une \u0153uvre d\u2019art high-tech : la ViennaSphere. Cette coupole multim\u00e9dia 360\u00b0, install\u00e9e sur la place du Palais Royal, accueillera le grand public du 26 au 28 mars 2015.<\/strong><strong>Une exp\u00e9rience immersive in\u00e9dite <\/strong>: Con\u00e7u par le collectif viennois d\u2019artistes avant-gardiste Neon Golden, ce d\u00f4me, dot\u00e9 d\u2019une technologie de pointe, fera vivre au grand public une exp\u00e9rience pluridimensionnelle.&nbsp;<br \/>\nChaque soir, la ViennaSphere sera le th\u00e9\u00e2tre d\u2019un fascinant spectacle multim\u00e9dia avec un splendide show de quinze minutes autour de la ville de Vienne. Des vues r\u00e9elles et des images en 3D de la capitale autrichienne seront projet\u00e9es \u00e0 l\u2019int\u00e9rieur et \u00e0 l\u2019ext\u00e9rieur de la ViennaSphere, qui culmine \u00e0 20 m\u00e8tres de hauteur. L\u2019aspect sph\u00e9rique fait r\u00e9f\u00e9rence aux 150 ans de la Ringstrasse, boulevard circulaire et historique de Vienne. Le spectacle se terminera sur une projection de la performance de Conchita Wurst interpr\u00e9tant <em>Rise Like a Phoenix<\/em>, la chanson qui lui a permis de remporter le Concours Eurovision 2014 pour l\u2019Autriche.<br \/>\n&nbsp;<br \/>\nDe jour, les visiteurs pourront profiter gratuitement de ces installations interactives et faire le tour de la Ringstrasse \u00e0 travers des panoramas en gigapixels. Deux bornes \u00e9quip\u00e9es de la technologie Kinect permettront de se promener virtuellement le long de ce mythique boulevard. Cette exp\u00e9rience in\u00e9dite sera aussi l\u2019occasion pour le grand public de d\u00e9couvrir les atouts touristiques de la ville de Vienne.<br \/>\n&nbsp;<br \/>\n<strong>Une rencontre hybride entre la technologie, l\u2019art et le tourisme ! <\/strong><br \/>\n&nbsp;<br \/>\nChaque soir, l\u2019Office de tourisme de Vienne mettra en jeu un voyage \u00e0 gagner pour 2 personnes pour s\u2019envoler vers la capitale autrichienne pour une escapade de 3 jours (2 nuits) du 22 au 24 mai 2015 \u00e0 l\u2019occasion de la finale de l\u2019Eurovision \u00e0 laquelle les gagnants pourront assister.<br \/>\n&nbsp;<br \/>\n<strong>Informations et photos :<\/strong><br \/>\n&nbsp;<br \/>\n<strong>Horaires d\u2019ouverture de la ViennaSphere : <\/strong><br \/>\nJourn\u00e9e : 12h-18h<br \/>\nLe soir : 19h30 \u00e0 23heures<br \/>\nPour plus d\u2019informations sur la ViennaSphere : sphere.vienna.info\/fr<br \/>\n&nbsp;<br \/>\n&nbsp;<\/td>\n<\/tr>\n<\/tbody>\n<\/table>\n","protected":false},"excerpt":{"rendered":"<p>\u00a0\u00a0A l\u2019occasion de la 60\u00e8me \u00e9dition de l\u2019Eurovision 2015 \u00e0 Vienne, l\u2019Office du Tourisme de Vienne, met en sc\u00e8ne la capitale autrichienne via une \u0153uvre d\u2019art high-tech : la ViennaSphere. Cette coupole multim\u00e9dia 360\u00b0, install\u00e9e sur la place du Palais&#8230;<\/p>\n","protected":false},"author":2,"featured_media":0,"comment_status":"open","ping_status":"open","sticky":false,"template":"","format":"standard","meta":{"ngg_post_thumbnail":0,"jetpack_post_was_ever_published":false,"_jetpack_newsletter_access":"","footnotes":""},"categories":[20],"tags":[],"class_list":["post-16406","post","type-post","status-publish","format-standard","hentry","category-cultures-du-monde"],"jetpack_featured_media_url":"","jetpack-related-posts":[{"id":1718,"url":"http:\/\/www.letourismeaparis.fr\/index.php\/2009\/01\/31\/la-pyramide-de-kheops-en-3d-a-la-geode\/","url_meta":{"origin":16406,"position":0},"title":"La Pyramide de Kh\u00e9ops en 3D \u00e0 la G\u00e9ode","author":"Fabienne TM","date":"31 janvier 2009","format":false,"excerpt":"jusqu' au 1 er f\u00e9vrier KH\u00c9OPS 3D 45 min. \"La G\u00e9ode et Dassault Syst\u00e8mes proposent au grand public une exp\u00e9rience exceptionnelle de 3D immersive en temps r\u00e9el.... .Les spectateurs munis de leurs lunettes 3D sont plong\u00e9s dans un p\u00e9riple interactif sur le plateau de Guizeh, il y a 45 si\u00e8cles,\u2026","rel":"","context":"Dans &quot;Non class\u00e9&quot;","block_context":{"text":"Non class\u00e9","link":"http:\/\/www.letourismeaparis.fr\/index.php\/category\/non-classe\/"},"img":{"alt_text":"","src":"","width":0,"height":0},"classes":[]},{"id":11828,"url":"http:\/\/www.letourismeaparis.fr\/index.php\/2012\/09\/10\/apparences-un-spectacle-multimedia-pyrotechnique-gratuit-le-samedi-22-septembre\/","url_meta":{"origin":16406,"position":1},"title":"Apparences, un spectacle multim\u00e9dia, pyrotechnique (gratuit) le samedi 22 septembre","author":"Fabienne TM","date":"10 septembre 2012","format":false,"excerpt":"Un spectacle grandiose alliant mapping 3D et pyrotechnie, qui vous fera d\u00e9couvrir le premier quartier d'affaires europ\u00e9en. Le 22 septembre prochain \u00e0 21 heures Defacto vous propose de d\u00e9couvrir le premier quartier d\u2019affaires europ\u00e9en comme vous ne l\u2019avez jamais vu ! i \"Apparences\" un grand spectacle gratuit, con\u00e7u et imagin\u00e9\u2026","rel":"","context":"Dans &quot;Non class\u00e9&quot;","block_context":{"text":"Non class\u00e9","link":"http:\/\/www.letourismeaparis.fr\/index.php\/category\/non-classe\/"},"img":{"alt_text":"","src":"","width":0,"height":0},"classes":[]},{"id":26720,"url":"http:\/\/www.letourismeaparis.fr\/index.php\/2026\/03\/01\/lecole-espagnole-dequitation-de-vienne\/","url_meta":{"origin":16406,"position":2},"title":"L\u2019\u00e9cole \u00a0espagnole d\u2019\u00e9quitation de Vienne","author":"Fabienne TM","date":"1 mars 2026","format":false,"excerpt":"28 fevrier et 1er mars\u00a0\u00a0 ARENA La DEFENSE Depuis 1572, l'\u00e9cole viennoise, dont l'excellence est inscrite au patrimoine immat\u00e9riel de l'UNESCO, forme des cavaliers exceptionnels et dresse des \u00e9talons Lipizzans, l'une des plus anciennes races de chevaux d'Europe. \u00ab\u00a0Des chor\u00e9graphies \u00e9questres sublimes et des figures spectaculaires du dressage classique, dont\u2026","rel":"","context":"Dans &quot;Actualit\u00e9s&quot;","block_context":{"text":"Actualit\u00e9s","link":"http:\/\/www.letourismeaparis.fr\/index.php\/category\/actualite\/"},"img":{"alt_text":"","src":"","width":0,"height":0},"classes":[]},{"id":12025,"url":"http:\/\/www.letourismeaparis.fr\/index.php\/2012\/09\/28\/paris-la-ville-a-remonter-le-temps-sur-le-parvis-de-lhotel-de-ville-le-29-septembre-a-21h\/","url_meta":{"origin":16406,"position":3},"title":"&quot;Paris, la ville \u00e0 remonter le temps&quot; sur le parvis de l\u2019H\u00f4tel de Ville. Le 29 septembre \u00e0 21h.","author":"Fabienne TM","date":"28 septembre 2012","format":false,"excerpt":"\u00ab Paris, la soir\u00e9e \u00e0 remonter le temps \u00bb un \u00e9v\u00e8nement\u00a0 b\u00e9n\u00e9ficiant d\u2019un dispositif exceptionnel o\u00f9 la r\u00e9alit\u00e9 virtuelle vient \u00e0 la rencontre du grand public. Neuf \u00e9crans g\u00e9ants de dix m\u00e8tres de c\u00f4t\u00e9 seront install\u00e9s sur le parvis, face \u00e0 l\u2019H\u00f4tel de Ville. Dispos\u00e9s en arc de cercle, C\u2019est\u2026","rel":"","context":"Dans &quot;Non class\u00e9&quot;","block_context":{"text":"Non class\u00e9","link":"http:\/\/www.letourismeaparis.fr\/index.php\/category\/non-classe\/"},"img":{"alt_text":"","src":"","width":0,"height":0},"classes":[]},{"id":16536,"url":"http:\/\/www.letourismeaparis.fr\/index.php\/2015\/04\/03\/une-escapade-a-auvers-sur-oise-avec-van-gogh-les-impressionistes-des-artistes-contemporains\/","url_meta":{"origin":16406,"position":4},"title":"Une escapade \u00e0 Auvers sur Oise avec Van Gogh, les impressionistes, des artistes contemporains &#8230;..","author":"Fabienne TM","date":"3 avril 2015","format":false,"excerpt":"Vincent van Gogh dans son intimit\u00e9 les 4, 17 et 18 avril 2015\u00a0et\u00a015, 16, 29 et 30 mai 2015 Visitez le village d\u2019Auvers-sur-Oise avec Vincent van Gogh et ses amis comme guides ! 2\u00a0com\u00e9diens de la compagnie \u00ab\u00a0Les Compagnons d\u2019Ulysse\u00a0\u00bb Antoine de Giuli et Jean-Baptiste Siaussat, joueront pour vous la\u2026","rel":"","context":"Dans &quot;Bons Plans&quot;","block_context":{"text":"Bons Plans","link":"http:\/\/www.letourismeaparis.fr\/index.php\/category\/bon-plan\/"},"img":{"alt_text":"","src":"https:\/\/i0.wp.com\/www.letourismeaparis.fr\/wp-content\/uploads\/2015\/04\/Promenade-VG-2015-Affiche-214x300.jpg?resize=350%2C200","width":350,"height":200},"classes":[]},{"id":11247,"url":"http:\/\/www.letourismeaparis.fr\/index.php\/2011\/11\/28\/le-risorgimento-dans-le-cinema-italien-aux-invalides\/","url_meta":{"origin":16406,"position":5},"title":"Le Risorgimento dans le cin\u00e9ma italien, aux Invalides","author":"Fabienne TM","date":"28 novembre 2011","format":false,"excerpt":"Le mus\u00e9e de l\u2019Arm\u00e9e - H\u00f4tel national des Invalides pr\u00e9sente \u00e0\u00a0 l\u2019occasion de l\u2019exposition Napol\u00e9on III et l\u2019Italie ,naissance d\u2019une nation, 1848 \u2013 1870 jusqu'au 15 janvier 2012 Le Risorgimento dans le cin\u00e9ma italien En partenariat avec l\u2019Institut culturel italien (Paris) Du 6 au 9 d\u00e9cembre 2011 quatre grands classiques\u2026","rel":"","context":"Dans &quot;Non class\u00e9&quot;","block_context":{"text":"Non class\u00e9","link":"http:\/\/www.letourismeaparis.fr\/index.php\/category\/non-classe\/"},"img":{"alt_text":"","src":"","width":0,"height":0},"classes":[]}],"jetpack_sharing_enabled":true,"jetpack_likes_enabled":true,"_links":{"self":[{"href":"http:\/\/www.letourismeaparis.fr\/index.php\/wp-json\/wp\/v2\/posts\/16406","targetHints":{"allow":["GET"]}}],"collection":[{"href":"http:\/\/www.letourismeaparis.fr\/index.php\/wp-json\/wp\/v2\/posts"}],"about":[{"href":"http:\/\/www.letourismeaparis.fr\/index.php\/wp-json\/wp\/v2\/types\/post"}],"author":[{"embeddable":true,"href":"http:\/\/www.letourismeaparis.fr\/index.php\/wp-json\/wp\/v2\/users\/2"}],"replies":[{"embeddable":true,"href":"http:\/\/www.letourismeaparis.fr\/index.php\/wp-json\/wp\/v2\/comments?post=16406"}],"version-history":[{"count":0,"href":"http:\/\/www.letourismeaparis.fr\/index.php\/wp-json\/wp\/v2\/posts\/16406\/revisions"}],"wp:attachment":[{"href":"http:\/\/www.letourismeaparis.fr\/index.php\/wp-json\/wp\/v2\/media?parent=16406"}],"wp:term":[{"taxonomy":"category","embeddable":true,"href":"http:\/\/www.letourismeaparis.fr\/index.php\/wp-json\/wp\/v2\/categories?post=16406"},{"taxonomy":"post_tag","embeddable":true,"href":"http:\/\/www.letourismeaparis.fr\/index.php\/wp-json\/wp\/v2\/tags?post=16406"}],"curies":[{"name":"wp","href":"https:\/\/api.w.org\/{rel}","templated":true}]}}