{"id":16436,"date":"2015-04-20T22:13:23","date_gmt":"2015-04-20T22:13:23","guid":{"rendered":"http:\/\/www.letourismeaparis.fr\/?p=16436"},"modified":"2020-12-01T13:49:07","modified_gmt":"2020-12-01T12:49:07","slug":"la-foire-de-paris-du-29-avril-au-10-mai-accueillera-les-soweto-spiritual-singers","status":"publish","type":"post","link":"http:\/\/www.letourismeaparis.fr\/index.php\/2015\/04\/20\/la-foire-de-paris-du-29-avril-au-10-mai-accueillera-les-soweto-spiritual-singers\/","title":{"rendered":"La Foire de Paris  accueillera   les Soweto spiritual singers le 10 mai"},"content":{"rendered":"<p>Une troupe sud-africaine de renomm\u00e9e internationale qui rendra \u00a0hommage au\u00a0gospel d\u2019Afrique et d\u2019Am\u00e9rique du Nord, mais revisitera \u00a0aussi les autres grands classiques de la chanson sud-africaine !<a href=\"http:\/\/www.letourismeaparis.fr\/wp-content\/uploads\/2015\/03\/Soweto-Spirtual-singers_Largeur_Max_344px.jpg\"><img loading=\"lazy\" decoding=\"async\" class=\"aligncenter size-medium wp-image-16438\" src=\"http:\/\/www.letourismeaparis.fr\/wp-content\/uploads\/2015\/03\/Soweto-Spirtual-singers_Largeur_Max_344px-300x194.jpg\" alt=\"Soweto-Spirtual-singers_Largeur_Max_344px\" width=\"300\" height=\"194\" \/><\/a><br \/>\n<!--more-->Le groupe ne cesse de parcourir le globe. En 2010, il a \u00e9t\u00e9 acclam\u00e9 par les spectateurs de lac\u00e9r\u00e9monie d\u2019ouverture de la Coupe du Monde de Football en Afrique du Sud.<!--more--><br \/>\n<strong>ESCALE SPIRITUELLE ET CHANT GOSPEL D&rsquo;AFRIQUE DU SUD<\/strong><br \/>\nProchainement en tourn\u00e9e europ\u00e9enne, les Soweto Spiritual Singers feront escale sur Foire de Paris le<strong>\u00a0dimanche 10 mai<\/strong> sur la sc\u00e8ne du\u00a0<a href=\"http:\/\/sowetospiritualsingers.com\/africa\/\">Festival Tropiques en F\u00eate<\/a>\u00a0qui f\u00eate en 2015 sa 15<sup>\u00e8me<\/sup>\u00a0\u00e9dition. Cette troupe au grand c\u0153ur promet de nous \u00e9mouvoir car selon eux,\u00a0<em>\u00ab\u00a0lorsque l\u2019Afrique chante, le reste du monde \u00e9coute\u2026\u00a0\u00bb.<\/em><br \/>\nLes Soweto Spiritual Singers utilisent \u00e0 la fois le chant a cappella et des instruments pour mettre en valeur l\u2019Afrique, sa diaspora spirituelle \u00e0 travers musiques et danses folkloriques traditionnelles. La musique qu\u2019ils nous offrent est\u00a0<em>\u00ab\u00a0une source d\u2019inspiration, un cri de joie, une attaque imposante d\u2019exub\u00e9rance avec des rythmes \u00e0 \u00e9lever l\u2019\u00e2me.\u00bb<\/em><br \/>\n&nbsp;<\/p>\n<ul>\n<li><strong>Battle Afro<\/strong>\u00a0entre 2 teams exp\u00e9riment\u00e9es African danger et Voogga Crew le 10 mai \u00e0 11h<\/li>\n<li><strong>Les Soweto Spiritual Singers<\/strong>\u00a0le 10 mai \u00e0 14h30<\/li>\n<\/ul>\n<p><!--more--><br \/>\n<strong style=\"font-weight: bold;\">Porte de Versailles Paris 75015<\/strong><br \/>\n<a href=\"http:\/\/www.foiredeparis.fr\/Le-Salon\/Actualites\"><strong style=\"font-weight: bold;\">http:\/\/www.foiredeparis.fr\/Le-Salon\/Actualites<\/strong><\/a><br \/>\n&nbsp;<\/p>\n","protected":false},"excerpt":{"rendered":"<p>Une troupe sud-africaine de renomm\u00e9e internationale qui rendra \u00a0hommage au\u00a0gospel d\u2019Afrique et d\u2019Am\u00e9rique du Nord, mais revisitera \u00a0aussi les autres grands classiques de la chanson sud-africaine !<\/p>\n","protected":false},"author":2,"featured_media":0,"comment_status":"open","ping_status":"open","sticky":false,"template":"","format":"standard","meta":{"ngg_post_thumbnail":0,"jetpack_post_was_ever_published":false,"_jetpack_newsletter_access":"","footnotes":""},"categories":[11,20,28,32,27,42],"tags":[],"class_list":["post-16436","post","type-post","status-publish","format-standard","hentry","category-bon-plan","category-cultures-du-monde","category-familles","category-informations-diverses","category-musees-expositions","category-nature-plein-air"],"jetpack_featured_media_url":"","jetpack-related-posts":[{"id":11173,"url":"http:\/\/www.letourismeaparis.fr\/index.php\/2011\/10\/15\/foire-africaine-a-la-grande-halle-de-la-villette-les-14-15-et-16-octobre\/","url_meta":{"origin":16436,"position":0},"title":"Foire Africaine \u00e0 la grande halle de la Villette les 14, 15 et 16 octobre","author":"Fabienne TM","date":"15 octobre 2011","format":false,"excerpt":"Un salon grand public consacr\u00e9 \u00e0 l\u2019Afrique. Un \u00e9v\u00e8nement commercial, culturel, social et festif. Festival des musiques et danses africaines Cours de danses africaines Gospel afro-am\u00e9ricain\u2026 D\u00e9gustations des sp\u00e9cialit\u00e9s gastronomiques africaines D\u00e9fil\u00e9 de mode : pour r\u00e9v\u00e9ler les jeunes cr\u00e9ateurs des banlieues au grand public. Concours Miss de la Foire\u2026","rel":"","context":"Dans &quot;Non class\u00e9&quot;","block_context":{"text":"Non class\u00e9","link":"http:\/\/www.letourismeaparis.fr\/index.php\/category\/non-classe\/"},"img":{"alt_text":"","src":"","width":0,"height":0},"classes":[]},{"id":12294,"url":"http:\/\/www.letourismeaparis.fr\/index.php\/2012\/12\/08\/concerts-gospel-special-noel-paris-11-et-12-decembre-2012-cedric-shannon-rives-et-high-praise-gospel-singers\/","url_meta":{"origin":16436,"position":1},"title":"Concerts Gospel Special  Noel Paris -11 et 12 d\u00e9cembre 2012 : Cedric Shannon  Rives et  High  Praise  gospel singers","author":"Fabienne TM","date":"8 d\u00e9cembre 2012","format":false,"excerpt":"CONCERTS GOSPEL SPECIAL NOEL Pour la premi\u00e8re fois en concert \u00e0 Paris ! Chanteur, compositeur et com\u00e9dien, Cedric Shannon Rives est actuellement consid\u00e9r\u00e9 l'un des meilleurs artistes gospel du panorama musical am\u00e9ricain. Pour la premi\u00e8re fois en France, et uniques date parisienne,\u00a0 Cedric Shannon Rives sera accompagn\u00e9 par ses quatre\u2026","rel":"","context":"Dans &quot;Non class\u00e9&quot;","block_context":{"text":"Non class\u00e9","link":"http:\/\/www.letourismeaparis.fr\/index.php\/category\/non-classe\/"},"img":{"alt_text":"","src":"","width":0,"height":0},"classes":[]},{"id":13200,"url":"http:\/\/www.letourismeaparis.fr\/index.php\/2013\/03\/03\/les-cultures-du-monde-vous-font-voyager-a-la-foire-de-paris-du-30-avril-au-12-mai-2013\/","url_meta":{"origin":16436,"position":2},"title":"&quot;Les cultures du Monde&quot; vous font voyager \u00e0 La Foire de Paris du 30 avril au 12 mai 2013","author":"Fabienne TM","date":"3 mars 2013","format":false,"excerpt":"\"Les cultures du Monde\" vous font voyager \u00e0 La Foire de Paris du 30 avril au 12 mai 2013 De l\u2019Asie \u00e0 l\u2019Am\u00e9rique du sud, de l\u2019Oc\u00e9anie \u00e0 l\u2019Afrique, plus de 50 pays viennent partager la richesse de leur patrimoine artisanal et culinaire. \"Le Carr\u00e9 des Tr\u00e9sors Ethniques\" propose une\u2026","rel":"","context":"Dans &quot;Non class\u00e9&quot;","block_context":{"text":"Non class\u00e9","link":"http:\/\/www.letourismeaparis.fr\/index.php\/category\/non-classe\/"},"img":{"alt_text":"","src":"","width":0,"height":0},"classes":[]},{"id":7180,"url":"http:\/\/www.letourismeaparis.fr\/index.php\/2010\/03\/23\/les-rencontres-chorales-du-10-eme-arrondissement-de-nombreux-concerts-gratuits\/","url_meta":{"origin":16436,"position":3},"title":"Les rencontres chorales du 10 \u00e8me arrondissement : de nombreux concerts gratuits","author":"Fabienne TM","date":"23 mars 2010","format":false,"excerpt":"Jusqu'au 28 mars,tous les styles sont pr\u00e9sent\u00e9s. Du classique au contemporain, en passant par le jazz, le gospel, la vari\u00e9t\u00e9, le rock et les musiques du monde. De nombreux concerts gratuits vous attendent , notamment : mercredi 24 mars \u00e0 20h45 en Mairie : Hope Gospel Singers et Amalgam salle\u2026","rel":"","context":"Dans &quot;Non class\u00e9&quot;","block_context":{"text":"Non class\u00e9","link":"http:\/\/www.letourismeaparis.fr\/index.php\/category\/non-classe\/"},"img":{"alt_text":"","src":"https:\/\/i0.wp.com\/www.letourismeaparis.fr\/wp-content\/uploads\/2010\/03\/festival-de-chorales-212x300.jpg?resize=350%2C200","width":350,"height":200},"classes":[]},{"id":13043,"url":"http:\/\/www.letourismeaparis.fr\/index.php\/2013\/03\/21\/festival-10-de-choeurs-jusquau-24-mars-2013-a-paris-10eme-concerts-gratuits\/","url_meta":{"origin":16436,"position":4},"title":"Festival \u00ab 10 de Ch\u0153urs \u00bb  jusqu&#039;au 24 mars 2013 \u00e0 Paris 10\u00e8me (concerts gratuits)","author":"Fabienne TM","date":"21 mars 2013","format":false,"excerpt":"Ttous les styles sont repr\u00e9sent\u00e9s : du classique au baroque en passant par du contemporain, du latin-jazz, de la vari\u00e9t\u00e9 et du gospel. Une constante n\u00e9anmoins : la qualit\u00e9 ! Jeudi 21 mars - 20h30 - Salle St Charles, Maison des Jeunes de St Vincent de Paul, 12 rue Bossuet\u2026","rel":"","context":"Dans &quot;Festivals \/ Manifestations&quot;","block_context":{"text":"Festivals \/ Manifestations","link":"http:\/\/www.letourismeaparis.fr\/index.php\/category\/spectacle\/festival\/"},"img":{"alt_text":"","src":"https:\/\/i0.wp.com\/www.letourismeaparis.fr\/wp-content\/uploads\/2013\/03\/10-200x300.jpg?resize=350%2C200","width":350,"height":200},"classes":[]},{"id":13089,"url":"http:\/\/www.letourismeaparis.fr\/index.php\/2013\/03\/30\/la-foire-africaine-de-paris-vous-attend-du-5-au-7-avril-au-palais-des-congres-paris-est\/","url_meta":{"origin":16436,"position":5},"title":"La Foire Africaine de Paris vous attend du 5 au 7 avril au Palais des congr\u00e8s Paris Est..","author":"Fabienne TM","date":"30 mars 2013","format":false,"excerpt":"La foire africaine, le salon internatonal de l'Afrique, le plus grand salon d'Europe consacr\u00e9 \u00e0 l'Afrique\u00a0 s\u2019impose aujourd\u2019hui comme l\u2019\u00e9v\u00e8nement incontournable des Africains et tous les amoureux de l\u2019Afrique. Le but de la FOIRE AFRICAINE : - R\u00e9unir en un m\u00eame lieu, les africains de toute origine, les europ\u00e9ens amoureux\u2026","rel":"","context":"Dans &quot;Non class\u00e9&quot;","block_context":{"text":"Non class\u00e9","link":"http:\/\/www.letourismeaparis.fr\/index.php\/category\/non-classe\/"},"img":{"alt_text":"","src":"","width":0,"height":0},"classes":[]}],"jetpack_sharing_enabled":true,"jetpack_likes_enabled":true,"_links":{"self":[{"href":"http:\/\/www.letourismeaparis.fr\/index.php\/wp-json\/wp\/v2\/posts\/16436","targetHints":{"allow":["GET"]}}],"collection":[{"href":"http:\/\/www.letourismeaparis.fr\/index.php\/wp-json\/wp\/v2\/posts"}],"about":[{"href":"http:\/\/www.letourismeaparis.fr\/index.php\/wp-json\/wp\/v2\/types\/post"}],"author":[{"embeddable":true,"href":"http:\/\/www.letourismeaparis.fr\/index.php\/wp-json\/wp\/v2\/users\/2"}],"replies":[{"embeddable":true,"href":"http:\/\/www.letourismeaparis.fr\/index.php\/wp-json\/wp\/v2\/comments?post=16436"}],"version-history":[{"count":1,"href":"http:\/\/www.letourismeaparis.fr\/index.php\/wp-json\/wp\/v2\/posts\/16436\/revisions"}],"predecessor-version":[{"id":24198,"href":"http:\/\/www.letourismeaparis.fr\/index.php\/wp-json\/wp\/v2\/posts\/16436\/revisions\/24198"}],"wp:attachment":[{"href":"http:\/\/www.letourismeaparis.fr\/index.php\/wp-json\/wp\/v2\/media?parent=16436"}],"wp:term":[{"taxonomy":"category","embeddable":true,"href":"http:\/\/www.letourismeaparis.fr\/index.php\/wp-json\/wp\/v2\/categories?post=16436"},{"taxonomy":"post_tag","embeddable":true,"href":"http:\/\/www.letourismeaparis.fr\/index.php\/wp-json\/wp\/v2\/tags?post=16436"}],"curies":[{"name":"wp","href":"https:\/\/api.w.org\/{rel}","templated":true}]}}