{"id":16443,"date":"2015-03-17T15:53:02","date_gmt":"2015-03-17T15:53:02","guid":{"rendered":"http:\/\/www.letourismeaparis.fr\/?p=16443"},"modified":"2015-03-17T15:53:02","modified_gmt":"2015-03-17T15:53:02","slug":"la-saint-patrick-a-paris-des-idees","status":"publish","type":"post","link":"http:\/\/www.letourismeaparis.fr\/index.php\/2015\/03\/17\/la-saint-patrick-a-paris-des-idees\/","title":{"rendered":"La Saint Patrick \u00e0 Paris : des id\u00e9es &#8230;.."},"content":{"rendered":"<p>Guinness Tavern<em>\u00a0entr\u00e9e libre, 31 bis, rue des Lombards, 1er.\u00a0<\/em><strong>\u00a0<\/strong><br \/>\nMusique traditionnelle au Green Linet\u00a0<em>8, avenue Victoria, 4e.<\/em><br \/>\nO \u2018Sullivan\u00a0: 92 Boulevard de Clichy (18e)<!--more--><br \/>\nBi\u00e8re artisanale et DJ Mab&rsquo;ish au Demory-Paris<em>\u00a062, rue Quincampoix, 4e.<\/em><br \/>\nLa Taverne de Cluny\u00a0: 51 rue de la Harpe (5e)<br \/>\nCaf\u00e9 Oz\u00a0: 1 rue de Bruxelles (9e)<br \/>\nCorcoran\u2019s\u00a0\u00a0: Grands Boulevards\u00a0: 23 boulevard Poissonni\u00e8re (2e)<br \/>\n18 rue du Bourg-Tibourg (4e)<br \/>\nMenu irish et concert au Carr \u2018s\u00a0<em>1 rue du Mont-Thabor, 1er.\u00a0<\/em><br \/>\n1 rue Feydeau (2e)<br \/>\n88 rue de la Croix Nivert (15e)<br \/>\n77 rue Saint Dominique (7e)<br \/>\nConolly\u2019s Corner<em>\u00a012, rue de Mirbel, 5e.<\/em><br \/>\nUn concert au Centre culturel irlandais<br \/>\n<em>5, rue des Irlandais (5e), \u00e0 19 <\/em><\/p>\n","protected":false},"excerpt":{"rendered":"<p>Guinness Tavern\u00a0entr\u00e9e libre, 31 bis, rue des Lombards, 1er.\u00a0\u00a0 Musique traditionnelle au Green Linet\u00a08, avenue Victoria, 4e. O \u2018Sullivan\u00a0: 92 Boulevard de Clichy (18e)<\/p>\n","protected":false},"author":2,"featured_media":0,"comment_status":"open","ping_status":"open","sticky":false,"template":"","format":"standard","meta":{"ngg_post_thumbnail":0,"jetpack_post_was_ever_published":false,"_jetpack_newsletter_access":"","footnotes":""},"categories":[29,32],"tags":[],"class_list":["post-16443","post","type-post","status-publish","format-standard","hentry","category-festival","category-informations-diverses"],"jetpack_featured_media_url":"","jetpack-related-posts":[{"id":13024,"url":"http:\/\/www.letourismeaparis.fr\/index.php\/2013\/03\/16\/la-saint-patrick-a-paris-des-idees-de-sorties-des-pubs-irlandaisun-bal\/","url_meta":{"origin":16443,"position":0},"title":"la &quot;Saint-Patrick&quot; \u00e0 Paris : des id\u00e9es de sorties &#8230;&#8230;, des pubs irlandais,un bal &#8230;.","author":"Fabienne TM","date":"16 mars 2013","format":false,"excerpt":"Il s'agit d'une f\u00eate chr\u00e9tienne qui c\u00e9l\u00e8bre, le 17 mars, Saint Patrick, le saint patron de l\u2019Irlande. C\u2019est la f\u00eate nationale en Irlande. Celtic Festival au Z\u00e9nith de Paris Les 16 et 17 mars 2013, f\u00eatez et dansez la Saint-Patrick au Z\u00e9nith de Paris ! \u00e0 15h et 20h30 Concert\u2026","rel":"","context":"Dans &quot;Festivals \/ Manifestations&quot;","block_context":{"text":"Festivals \/ Manifestations","link":"http:\/\/www.letourismeaparis.fr\/index.php\/category\/spectacle\/festival\/"},"img":{"alt_text":"","src":"","width":0,"height":0},"classes":[]},{"id":17125,"url":"http:\/\/www.letourismeaparis.fr\/index.php\/2015\/09\/26\/paris-sans-voiture-dimanche-27-septembre\/","url_meta":{"origin":16443,"position":1},"title":"Paris sans voiture dimanche 27 septembre","author":"Fabienne TM","date":"26 septembre 2015","format":false,"excerpt":"Le 27 septembre, de 11h \u00e0 18h, les Parisiens sont invit\u00e9s \u00e0 limiter leurs d\u00e9placements en voiture pour pouvoir profiter le temps d'une journ\u00e9e, d'une ville plus calme et plus respirable. Les secteurs ferm\u00e9s \u00e0 la circulation Le p\u00e9rim\u00e8tre concerne les arrondissements centraux de la capitale (1er, 2e, 3e et\u2026","rel":"","context":"Dans &quot;Familles&quot;","block_context":{"text":"Familles","link":"http:\/\/www.letourismeaparis.fr\/index.php\/category\/familles\/"},"img":{"alt_text":"","src":"","width":0,"height":0},"classes":[]},{"id":15418,"url":"http:\/\/www.letourismeaparis.fr\/index.php\/2014\/07\/10\/les-bals-des-pompiers-les-13-et-14-juillet-le-feu-dartifice-le-14-juillet\/","url_meta":{"origin":16443,"position":2},"title":"Les bals des pompiers les 13 et 14 juillet, le feu d&#039;artifice le 14 juillet","author":"Fabienne TM","date":"10 juillet 2014","format":false,"excerpt":"Bals de pompiers \u00e0 Paris le 13 juillet 2014 (de 21h \u00e0 4h du matin) 1\u00b0 Cie CS CHALIGNY -\u00a026, rue de Chaligny - Paris 12e - M\u00e9tro Reuilly Diderot 3\u00b0 Cie CS PORT-ROYAL - 53-55, boulevard Port-Royal - Paris 13e - M\u00e9tro Les Gobelins \/ RER Port Royal 4\u00b0\u2026","rel":"","context":"Dans &quot;Familles&quot;","block_context":{"text":"Familles","link":"http:\/\/www.letourismeaparis.fr\/index.php\/category\/familles\/"},"img":{"alt_text":"","src":"","width":0,"height":0},"classes":[]},{"id":18436,"url":"http:\/\/www.letourismeaparis.fr\/index.php\/2016\/07\/08\/les-bals-des-pompiers-du-13-juillet-et-14-juillet-le-defile-du-14-juillet-et-le-feu-dartifice\/","url_meta":{"origin":16443,"position":3},"title":"Les bals des pompiers des 13 juillet et 14 juillet \u00e0 Paris","author":"Fabienne TM","date":"8 juillet 2016","format":false,"excerpt":"Nuit du 13 au 14 Juillet 2016 (de 21h \u00e0\u00a04h du matin) : Bals des pompiers 1\u00b0 Cie CS CHALIGNY -\u00a026, rue de Chaligny - Paris 12e - M\u00e9tro Reuilly Diderot 3\u00b0 Cie CS PORT-ROYAL - 53-55, boulevard Port-Royal - Paris 13e - M\u00e9tro Les Gobelins \/ RER Port Royal\u2026","rel":"","context":"Dans &quot;Danse&quot;","block_context":{"text":"Danse","link":"http:\/\/www.letourismeaparis.fr\/index.php\/category\/spectacle\/danse\/"},"img":{"alt_text":"","src":"","width":0,"height":0},"classes":[]},{"id":10790,"url":"http:\/\/www.letourismeaparis.fr\/index.php\/2011\/07\/12\/bals-des-pompiers-les-13-et-14-juillet\/","url_meta":{"origin":16443,"position":4},"title":"Bals des pompiers les 13 et 14 juillet","author":"Fabienne TM","date":"12 juillet 2011","format":false,"excerpt":"Bal des pompiers dans le 1er\u00a0\u00a0 Le 13 juillet et le 14 juillet Caserne Rousseau\u00a0\u00a0\u00a0 Au 21, rue du Jour Bal des pompiers dans le 4e\u00a0\u00a0\u00a0 Le 13 juillet et le 14 juillet Au 7-9 rue de S\u00e9vign\u00e9 Bal des pompiers dans le 5e\u00a0\u00a0 Ar\u00e8nes de Lut\u00e8ce 13 juillet, de\u2026","rel":"","context":"Dans &quot;Non class\u00e9&quot;","block_context":{"text":"Non class\u00e9","link":"http:\/\/www.letourismeaparis.fr\/index.php\/category\/non-classe\/"},"img":{"alt_text":"","src":"","width":0,"height":0},"classes":[]},{"id":16949,"url":"http:\/\/www.letourismeaparis.fr\/index.php\/2015\/07\/12\/les-bals-des-pompiers-les-13-et-14-juillet-a-paris-dans-les-casernes\/","url_meta":{"origin":16443,"position":5},"title":"Les bals des pompiers les 13 et 14 juillet \u00e0 Paris dans les casernes","author":"Fabienne TM","date":"12 juillet 2015","format":false,"excerpt":"le 13 juillet 2015 (de 21h \u00e0 4h du matin) 1\u00b0 Cie CS CHALIGNY -\u00a026, rue de Chaligny - Paris 12e - M\u00e9tro Reuilly Diderot 3\u00b0 Cie CS PORT-ROYAL - 53-55, boulevard Port-Royal - Paris 13e - M\u00e9tro Les Gobelins \/ RER Port Royal 4\u00b0 Cie CS COLOMBIER -\u00a011, rue\u2026","rel":"","context":"Dans &quot;Non class\u00e9&quot;","block_context":{"text":"Non class\u00e9","link":"http:\/\/www.letourismeaparis.fr\/index.php\/category\/non-classe\/"},"img":{"alt_text":"","src":"","width":0,"height":0},"classes":[]}],"jetpack_sharing_enabled":true,"jetpack_likes_enabled":true,"_links":{"self":[{"href":"http:\/\/www.letourismeaparis.fr\/index.php\/wp-json\/wp\/v2\/posts\/16443","targetHints":{"allow":["GET"]}}],"collection":[{"href":"http:\/\/www.letourismeaparis.fr\/index.php\/wp-json\/wp\/v2\/posts"}],"about":[{"href":"http:\/\/www.letourismeaparis.fr\/index.php\/wp-json\/wp\/v2\/types\/post"}],"author":[{"embeddable":true,"href":"http:\/\/www.letourismeaparis.fr\/index.php\/wp-json\/wp\/v2\/users\/2"}],"replies":[{"embeddable":true,"href":"http:\/\/www.letourismeaparis.fr\/index.php\/wp-json\/wp\/v2\/comments?post=16443"}],"version-history":[{"count":0,"href":"http:\/\/www.letourismeaparis.fr\/index.php\/wp-json\/wp\/v2\/posts\/16443\/revisions"}],"wp:attachment":[{"href":"http:\/\/www.letourismeaparis.fr\/index.php\/wp-json\/wp\/v2\/media?parent=16443"}],"wp:term":[{"taxonomy":"category","embeddable":true,"href":"http:\/\/www.letourismeaparis.fr\/index.php\/wp-json\/wp\/v2\/categories?post=16443"},{"taxonomy":"post_tag","embeddable":true,"href":"http:\/\/www.letourismeaparis.fr\/index.php\/wp-json\/wp\/v2\/tags?post=16443"}],"curies":[{"name":"wp","href":"https:\/\/api.w.org\/{rel}","templated":true}]}}