{"id":16448,"date":"2015-03-18T14:33:22","date_gmt":"2015-03-18T14:33:22","guid":{"rendered":"http:\/\/www.letourismeaparis.fr\/?p=16448"},"modified":"2015-03-18T14:33:22","modified_gmt":"2015-03-18T14:33:22","slug":"les-journees-europeennes-des-metiers-dart-les-2728-et-29-mars","status":"publish","type":"post","link":"http:\/\/www.letourismeaparis.fr\/index.php\/2015\/03\/18\/les-journees-europeennes-des-metiers-dart-les-2728-et-29-mars\/","title":{"rendered":"Les journ\u00e9es europ\u00e9ennes des m\u00e9tiers d&#039;art les 27,28 et 29 mars"},"content":{"rendered":"<p>LES JOURN\u00c9ES EUROP\u00c9ENNES DES M\u00c9TIERS D\u2019ART 2015 &#8211;<br \/>\n<strong>les 27, 28 et 29 mars 2015 !<\/strong><br \/>\nLes Journ\u00e9es Europ\u00e9ennes des M\u00e9tiers d\u2019Art invitent le grand public \u00e0 aller \u00e0 la rencontre d\u2019hommes et de femmes de passion en atelier ou hors les murs. C\u00e9ramistes, \u00e9b\u00e9nistes, verriers, modistes, etcLa mati\u00e8re, les techniques, les d\u00e9monstrations de savoir-faire, l\u2019innovation, le partage, l\u2019orientation, la transmission sont au c\u0153ur de ces journ\u00e9es,.<a href=\"http:\/\/www.letourismeaparis.fr\/wp-content\/uploads\/2015\/03\/jema2015-actu.png\"><img loading=\"lazy\" decoding=\"async\" class=\"aligncenter  wp-image-16449\" src=\"http:\/\/www.letourismeaparis.fr\/wp-content\/uploads\/2015\/03\/jema2015-actu-300x271.png\" alt=\"jema2015-actu\" width=\"216\" height=\"196\" \/><\/a><br \/>\nCe rendez-vous met en lumi\u00e8re \u00a0217 m\u00e9tiers d\u2019art,<!--more--><\/p>\n<ul>\n<li>art floral, art graphique, arts et traditions populaires<\/li>\n<li>m\u00e9tiers du bois, bijouterie, joailleris, orf\u00e8vrerie, horlogerie, m\u00e9tiers du cuir, d\u00e9coration, facture instrumentale, luminaire, mode,m\u00e9tiers li\u00e9s \u00e0 l\u2019arcitecture, au m\u00e9tal, \u00e0 la pierre, \u00e0 la tabletterie, \u00e0 la terre, au textile, au verre.<\/li>\n<li><a href=\"http:\/\/www.institut-metiersdart.org\/\">http:\/\/www.institut-metiersdart.org\/<\/a><\/li>\n<\/ul>\n","protected":false},"excerpt":{"rendered":"<p>LES JOURN\u00c9ES EUROP\u00c9ENNES DES M\u00c9TIERS D\u2019ART 2015 &#8211; les 27, 28 et 29 mars 2015 ! Les Journ\u00e9es Europ\u00e9ennes des M\u00e9tiers d\u2019Art invitent le grand public \u00e0 aller \u00e0 la rencontre d\u2019hommes et de femmes de passion en atelier ou&#8230;<\/p>\n","protected":false},"author":2,"featured_media":0,"comment_status":"open","ping_status":"open","sticky":false,"template":"","format":"standard","meta":{"ngg_post_thumbnail":0,"jetpack_post_was_ever_published":false,"_jetpack_newsletter_access":"","footnotes":""},"categories":[5],"tags":[],"class_list":["post-16448","post","type-post","status-publish","format-standard","hentry","category-artisanat"],"jetpack_featured_media_url":"","jetpack-related-posts":[{"id":14864,"url":"http:\/\/www.letourismeaparis.fr\/index.php\/2014\/03\/31\/les-journees-europeennes-des-metiers-dart-2014-4-et-5-avril\/","url_meta":{"origin":16448,"position":0},"title":"Les journ\u00e9es europ\u00e9ennes des m\u00e9tiers d\u2019art 2014  :  4 et 5 avril","author":"Fabienne TM","date":"31 mars 2014","format":false,"excerpt":"Les journ\u00e9es europ\u00e9ennes des m\u00e9tiers d\u2019art 2014\u00a0. Immergez-vous dans le monde des m\u00e9tiers d'art, 3 jours uniques pour d\u00e9couvrir des m\u00e9tiers d'exception dans votre r\u00e9gion, partout en France et en Europe, les 4, 5 et 6 avril 2014. Visiteur curieux, amateur ou averti, \u00a0les Journ\u00e9es Europ\u00e9ennes des M\u00e9tiers d\u2019Art vous\u2026","rel":"","context":"Dans &quot;Familles&quot;","block_context":{"text":"Familles","link":"http:\/\/www.letourismeaparis.fr\/index.php\/category\/familles\/"},"img":{"alt_text":"","src":"","width":0,"height":0},"classes":[]},{"id":22175,"url":"http:\/\/www.letourismeaparis.fr\/index.php\/2019\/03\/04\/metiers-dart-signatures-des-territoires-au-mobilier-national-du-1er-au-7-avril-2019\/","url_meta":{"origin":16448,"position":1},"title":"\u00abM\u00e9tiers d&#039;art, Signatures des territoires\u00bb au Mobilier national du 1er au 7 avril 2019","author":"Fabienne TM","date":"4 mars 2019","format":false,"excerpt":"Propos\u00e9e par l\u2019Institut National des M\u00e9tiers d\u2019Art en partenariat avec le Mobilier national et avec le soutien de la Fondation Bettencourt Schueller, elle aura lieu du 29 mars au 21 avril au Mobilier national, dans la prestigieuse Galerie des Gobelins. Exposition unique, \u00abM\u00e9tiers d'art, Signatures des territoires\u00bb donnera le coup\u2026","rel":"","context":"Dans &quot;Non class\u00e9&quot;","block_context":{"text":"Non class\u00e9","link":"http:\/\/www.letourismeaparis.fr\/index.php\/category\/non-classe\/"},"img":{"alt_text":"","src":"","width":0,"height":0},"classes":[]},{"id":11611,"url":"http:\/\/www.letourismeaparis.fr\/index.php\/2012\/03\/31\/les-journees-europeennes-des-metiers-dart-2012\/","url_meta":{"origin":16448,"position":2},"title":"Les journ\u00e9es europ\u00e9ennes des m\u00e9tiers d&#039;art 2012","author":"Fabienne TM","date":"31 mars 2012","format":false,"excerpt":"Pendant 3 jours, d\u00e9couvrez les talents des m\u00e9tiers d\u2019art ! Entrez dans les coulisses des ateliers, d\u00e9couvrez les savoir-faire, Portes ouvertes, d\u00e9monstrations de savoir-faire, expositions, rencontres, Leurs univers sont \u00e0 port\u00e9e de main.. http:\/\/www.journeesdesmetiersdart.com\/","rel":"","context":"Dans &quot;Non class\u00e9&quot;","block_context":{"text":"Non class\u00e9","link":"http:\/\/www.letourismeaparis.fr\/index.php\/category\/non-classe\/"},"img":{"alt_text":"","src":"","width":0,"height":0},"classes":[]},{"id":13098,"url":"http:\/\/www.letourismeaparis.fr\/index.php\/2013\/04\/06\/les-journees-europeenne-s-des-metiers-dart\/","url_meta":{"origin":16448,"position":3},"title":"Les journ\u00e9es europ\u00e9ennes des m\u00e9tiers d&#039;art","author":"Fabienne TM","date":"6 avril 2013","format":false,"excerpt":"Un Circuit entre les Ateliers de Paris, le Viaduc des Arts et le passage Brulon pour les JEMA Poster un commentaire\u00a0\u00a0 \u00a0 Les 5, 6 et 7 avril un parcours anim\u00e9 entre trois lieux embl\u00e9matiques du XII\u00e8me arrondissement de Paris : les Ateliers de Paris, le Viaduc des Arts et\u2026","rel":"","context":"Dans &quot;Non class\u00e9&quot;","block_context":{"text":"Non class\u00e9","link":"http:\/\/www.letourismeaparis.fr\/index.php\/category\/non-classe\/"},"img":{"alt_text":"","src":"","width":0,"height":0},"classes":[]},{"id":9945,"url":"http:\/\/www.letourismeaparis.fr\/index.php\/2011\/04\/01\/les-journees-des-metiers-dart-2\/","url_meta":{"origin":16448,"position":4},"title":"les Journ\u00e9es des m\u00e9tiers d&#039;Art","author":"Fabienne TM","date":"1 avril 2011","format":false,"excerpt":"Les 1er, 2 et 3 avril 2011, les Journ\u00e9es des M\u00e9tiers d'Art font d\u00e9couvrir au grand public des hommes et des femmes de passion. Au programme : portes ouvertes dans les ateliers et les \u00e9tablissements de formation, expositions de prestige, circuits d\u00e9couverte, conf\u00e9rences... http:\/\/www.journeesdesmetiersdart.com","rel":"","context":"Dans &quot;Non class\u00e9&quot;","block_context":{"text":"Non class\u00e9","link":"http:\/\/www.letourismeaparis.fr\/index.php\/category\/non-classe\/"},"img":{"alt_text":"","src":"","width":0,"height":0},"classes":[]},{"id":394,"url":"http:\/\/www.letourismeaparis.fr\/index.php\/2008\/10\/18\/les-journees-des-metiers-dart\/","url_meta":{"origin":16448,"position":5},"title":"Les journ\u00e9es des m\u00e9tiers d&#039;art","author":"Fabienne TM","date":"18 octobre 2008","format":false,"excerpt":"www.letourismeaparis.fr La soci\u00e9t\u00e9 d'encouragement aux m\u00e9tiers d'art poursuit sa campagne de sensibilisation aux professions artisanales et \u00e0 leurs formations. Par exemple un passementier J\u00e9r\u00f4me Declercq, 13, rue Etienne Marcel Paris 75001 ou encore un bijoutier Thierry Vendemblique, 4, rue du Vert-bois Paris 75001... Vous pourrez visiter un certain nombre d'ateliers\u2026","rel":"","context":"Dans &quot;Non class\u00e9&quot;","block_context":{"text":"Non class\u00e9","link":"http:\/\/www.letourismeaparis.fr\/index.php\/category\/non-classe\/"},"img":{"alt_text":"","src":"","width":0,"height":0},"classes":[]}],"jetpack_sharing_enabled":true,"jetpack_likes_enabled":true,"_links":{"self":[{"href":"http:\/\/www.letourismeaparis.fr\/index.php\/wp-json\/wp\/v2\/posts\/16448","targetHints":{"allow":["GET"]}}],"collection":[{"href":"http:\/\/www.letourismeaparis.fr\/index.php\/wp-json\/wp\/v2\/posts"}],"about":[{"href":"http:\/\/www.letourismeaparis.fr\/index.php\/wp-json\/wp\/v2\/types\/post"}],"author":[{"embeddable":true,"href":"http:\/\/www.letourismeaparis.fr\/index.php\/wp-json\/wp\/v2\/users\/2"}],"replies":[{"embeddable":true,"href":"http:\/\/www.letourismeaparis.fr\/index.php\/wp-json\/wp\/v2\/comments?post=16448"}],"version-history":[{"count":0,"href":"http:\/\/www.letourismeaparis.fr\/index.php\/wp-json\/wp\/v2\/posts\/16448\/revisions"}],"wp:attachment":[{"href":"http:\/\/www.letourismeaparis.fr\/index.php\/wp-json\/wp\/v2\/media?parent=16448"}],"wp:term":[{"taxonomy":"category","embeddable":true,"href":"http:\/\/www.letourismeaparis.fr\/index.php\/wp-json\/wp\/v2\/categories?post=16448"},{"taxonomy":"post_tag","embeddable":true,"href":"http:\/\/www.letourismeaparis.fr\/index.php\/wp-json\/wp\/v2\/tags?post=16448"}],"curies":[{"name":"wp","href":"https:\/\/api.w.org\/{rel}","templated":true}]}}