{"id":16457,"date":"2015-03-20T13:37:36","date_gmt":"2015-03-20T13:37:36","guid":{"rendered":"http:\/\/www.letourismeaparis.fr\/?p=16457"},"modified":"2015-03-20T13:37:36","modified_gmt":"2015-03-20T13:37:36","slug":"bicentenaire-duvol-de-laigle-et-du-retour-de-lempereur-napoleon-1er-aux-tuileries-commemoration-le-20-mars","status":"publish","type":"post","link":"http:\/\/www.letourismeaparis.fr\/index.php\/2015\/03\/20\/bicentenaire-duvol-de-laigle-et-du-retour-de-lempereur-napoleon-1er-aux-tuileries-commemoration-le-20-mars\/","title":{"rendered":"Bicentenaire du&quot;vol de l&#039;Aigle &quot; et du retour de l&#039;Empereur Napol\u00e9on 1er aux Tuileries : comm\u00e9moration le 20 mars"},"content":{"rendered":"<p>&nbsp;<\/p>\n<table cellspacing=\"0\" cellpadding=\"0\">\n<tbody>\n<tr>\n<td class=\"td1\" valign=\"middle\">\n<p class=\"p6\"><span class=\"s1\">Napol\u00e9on 1er, redevenu Empereur depuis le ralliement de Laffrey, rentre avec ses troupes \u00e0 pied et sa cavalerie dans son palais imp\u00e9rial des Tuileries le 20 mars 1815. Leur d\u00e9fil\u00e9 de l&rsquo;esplanade de St Germain l&rsquo;Auxerrois (rue de l&rsquo;Amiral de Coligny), \u00e0 l&rsquo;Arc du Carousel du Louvre par la Cour Carr\u00e9e, puis la Cour Napol\u00e9on, constituera un tableau vivant de ce moment de l\u2019histoire.<\/span><\/p>\n<p class=\"p6\"><a href=\"www.souvenirnapoleonien.org\">www.souvenirnapoleonien.org<\/a><\/p>\n<p class=\"p6\"><a href=\"www.youtube.com\/watch?v=eRPV3ckax3s\"><b style=\"letter-spacing: 0.05em; line-height: 1.6875;\"><span style=\"color: #006621;\">www.<\/span><b style=\"color: #006621;\">youtube<\/b><span style=\"color: #006621;\">.com\/watch?v=eRPV3ckax3s<\/span><\/b><\/a><\/p>\n<p class=\"p6\"><b style=\"letter-spacing: 0.05em; line-height: 1.6875;\">\u00a0LE D\u00c9ROUL\u00c9 DE LA C\u00c9R\u00c9MONIE :<\/b><\/p>\n<p class=\"p6\"><span class=\"s1\"><b><a href=\"http:\/\/www.letourismeaparis.fr\/wp-content\/uploads\/2015\/03\/image002.jpg\"><img loading=\"lazy\" decoding=\"async\" class=\"aligncenter  wp-image-16458\" src=\"http:\/\/www.letourismeaparis.fr\/wp-content\/uploads\/2015\/03\/image002.jpg\" alt=\"image002\" width=\"204\" height=\"156\" \/><\/a><\/b><\/span><\/p>\n<p class=\"p8\"><span class=\"s1\"><b>\u2022 13h30 :<\/b> arriv\u00e9es et pr\u00e9paration des groupes de reconstitution sur l\u2019esplanade St Germain l\u2019Auxerrois.<\/span><\/p>\n<p class=\"p8\"><span class=\"s1\"><b>\u2022 14h00 :<\/b> Arriv\u00e9es et mise en place statique de l\u2019ambulance et de la cuisine roulante sur le c\u00f4t\u00e9 gauche de l\u2019Arc du Carrousel du Louvre.<\/span><\/p>\n<p class=\"p8\"><span class=\"s1\"><b>\u2022 15h00 :<\/b> arriv\u00e9es des membres du SN et mise en place des drapeaux des associations devant l&rsquo;Arc de Triomphe.<\/span><\/p>\n<p class=\"p8\"><span class=\"s1\"><b>\u2022 15h00\/15h15 :<\/b> d\u00e9part des groupes de reconstitueurs (cavalerie + soldats \u00e0 pied) en armes et d\u00e9fil\u00e9 par :<\/span><\/p>\n<p class=\"p6\"><span class=\"s1\">&#8211; l\u2019esplanade St Germain l\u2019Auxerrois, travers\u00e9e de la Cour Carr\u00e9e puis de la Cour Napol\u00e9on ; regroupement au centre puis contournement \u00e0 droite de la petite pyramide, face \u00e0 la grande, contournement par la droite de la Grande Pyramide le long de l\u2019aile Richelieu, pour rejoindre l&rsquo;Arc de Triomphe du Carrousel (travers\u00e9e de la chauss\u00e9e de circulation automobile, sous l\u2019assistance de la Police Nationale).<\/span><\/p>\n<p class=\"p6\"><span class=\"s1\">&#8211; L\u2019Empereur et son escorte bifurquent \u00e0 droite le long de l\u2019aile droite \u00ab Arts d\u00e9coratifs puis se positionner dans les jardins de Tuileries.<\/span><\/p>\n<p class=\"p8\"><span class=\"s1\"><b>\u2022 15h00 :<\/b> positionnement du Pdt du SN et des personnalit\u00e9s face \u00e0 l\u2019Arc de Triomphe dans l\u2019alignement des deux statues.<\/span><\/p>\n<p class=\"p8\"><span class=\"s1\"><b>\u2022 15h30 :<\/b> positionnement des soldats en armes \u00e0 l\u2019Arc de Triomphe selon le sch\u00e9ma du dispositif apr\u00e8s avoir d\u00e9fil\u00e9 en dessous.<\/span><\/p>\n<p class=\"p8\"><span class=\"s1\"><b>\u2022 15h30\/16h00 :<\/b> animation des groupes de reconstitution \u00e0 l&rsquo;Arc de Triomphe.<\/span><\/p>\n<p class=\"p8\"><span class=\"s1\"><b>\u2022 15h30\/16h00 :<\/b> l\u2019Empereur et son escorte \u00e0 cheval sont dans les jardins des Tuileries, en attente de l\u2019instant \u00ab du retour \u00bb.<\/span><\/p>\n<p class=\"p8\"><span class=\"s1\"><b>\u2022 16h15 :<\/b> l\u2019Empereur et son escorte traverse les jardins des Tuileries, puis passe sous l\u2019Arc de Triomphe du Carrousel du Louvre.<\/span><\/p>\n<p class=\"p8\"><span class=\"s1\"><b>\u2022 16h30 :<\/b> l\u2019Empereur met pieds \u00e0 terre et est accueilli par le Pr\u00e9sident du SN, pour ensuite passer en revue ses troupes.<\/span><\/p>\n<p class=\"p8\"><span class=\"s1\"><b>\u2022 16h45 :<\/b> retour de l\u2019Empereur, du Pr\u00e9sident du SN et des personnalit\u00e9s face \u00e0 l\u2019Arc,\u00ab Marseillaise \u00bb chant\u00e9e par tous, salut puis remise en selle et d\u00e9part.<\/span><\/p>\n<p class=\"p8\"><span class=\"s1\"><b>\u2022 17h00 :<\/b> fin de la c\u00e9r\u00e9monie \u2013 prises de photos jusqu\u2019\u00e0 17h30.<\/span><\/p>\n<p class=\"p8\"><span class=\"s1\"><b>\u2022 17h30 :<\/b> d\u00e9part des groupes de reconstitueurs en armes et passage sous l\u2019Arc puis direction de la Cour Napol\u00e9on et de la Cour Carr\u00e9e pour rejoindre le parking de l&rsquo;esplanade de St Germain l&rsquo;Auxerrois (travers\u00e9e de la chauss\u00e9e de circulation automobile sous assistance de la Police Nationale).<\/span><\/p>\n<p class=\"p8\"><span class=\"s1\"><b>\u2022 18h30\/19h00 :<\/b> d\u00e9part des reconstitueurs du parking de l\u2019esplanade et r\u00e9cup\u00e9ration des mat\u00e9riels expos\u00e9s, aux abords de la zone d\u00e9di\u00e9<\/span><\/p>\n<\/td>\n<\/tr>\n<\/tbody>\n<\/table>\n<p><!--more--><br \/>\n&nbsp;<\/p>\n","protected":false},"excerpt":{"rendered":"<p>&nbsp; Napol\u00e9on 1er, redevenu Empereur depuis le ralliement de Laffrey, rentre avec ses troupes \u00e0 pied et sa cavalerie dans son palais imp\u00e9rial des Tuileries le 20 mars 1815. Leur d\u00e9fil\u00e9 de l&rsquo;esplanade de St Germain l&rsquo;Auxerrois (rue de l&rsquo;Amiral&#8230;<\/p>\n","protected":false},"author":2,"featured_media":0,"comment_status":"open","ping_status":"open","sticky":false,"template":"","format":"standard","meta":{"ngg_post_thumbnail":0,"jetpack_post_was_ever_published":false,"_jetpack_newsletter_access":"","footnotes":""},"categories":[31],"tags":[254],"class_list":["post-16457","post","type-post","status-publish","format-standard","hentry","category-histoire","tag-napoleon"],"jetpack_featured_media_url":"","jetpack-related-posts":[{"id":15011,"url":"http:\/\/www.letourismeaparis.fr\/index.php\/2014\/04\/16\/bicentenaire-des-adieux-de-napoleon-1er-samedi-19-et-dimanche-20-avril-2014\/","url_meta":{"origin":16457,"position":0},"title":"Fontainebleau : Bicentenaire des Adieux de Napol\u00e9on 1er  ,Samedi 19 et dimanche 20 avril 2014","author":"Fabienne TM","date":"16 avril 2014","format":false,"excerpt":"le Ch\u00e2teau et la Ville de Fontainebleau s\u2019appr\u00eatent \u00e0 revivre l\u2019un des moments les plus marquants de leur histoire : la reconstitution, dimanche 20 avril \u00e0 15h30, des Adieux de l\u2019Empereur \u00e0 la garde.\u00ab Soldats de ma vieille garde, je vous fais mes adieux \u00bb \u00a0Samedi 19 avril\u00a0-\u00a0\u00a0\u00a0\u00a0\u00a0 Entr\u00e9e en\u2026","rel":"","context":"Dans &quot;Bons Plans&quot;","block_context":{"text":"Bons Plans","link":"http:\/\/www.letourismeaparis.fr\/index.php\/category\/bon-plan\/"},"img":{"alt_text":"","src":"","width":0,"height":0},"classes":[]},{"id":16552,"url":"http:\/\/www.letourismeaparis.fr\/index.php\/2015\/04\/22\/napoleon-et-paris-reves-dune-capitale-a-carnavalet\/","url_meta":{"origin":16457,"position":1},"title":"Napol\u00e9on et Paris : R\u00eaves d&#039;une capitale \u00e0 Carnavalet","author":"Fabienne TM","date":"22 avril 2015","format":false,"excerpt":"jusqu'au 30 AO\u00dbT 2015 Principal th\u00e9\u00e2tre politique de l\u2019\u00e9pop\u00e9e napol\u00e9onienne, Paris fut aussi une des pr\u00e9occupations majeures du premier consul puis de l\u2019empereur. Le propos de cette exposition est d\u2019illustrer les rapports complexes entretenus par Napol\u00e9on Bonaparte avec la capitale. Paris fut le lieu o\u00f9 se montra sous le jour\u2026","rel":"","context":"Dans &quot;Mus\u00e9es \/ Expositions&quot;","block_context":{"text":"Mus\u00e9es \/ Expositions","link":"http:\/\/www.letourismeaparis.fr\/index.php\/category\/culture\/musees-expositions\/"},"img":{"alt_text":"","src":"","width":0,"height":0},"classes":[]},{"id":20915,"url":"http:\/\/www.letourismeaparis.fr\/index.php\/2018\/04\/12\/napoleon-stratege-du-06-avril-2018-au-22-juillet-2018-au-musee-de-larmee\/","url_meta":{"origin":16457,"position":2},"title":"NAPOL\u00c9ON STRAT\u00c8GE  DU \u00a006 AVRIL 2018\u00a0AU \u00a022 JUILLET 2018 au mus\u00e9e de l&#039;arm\u00e9e","author":"Fabienne TM","date":"12 avril 2018","format":false,"excerpt":"\u00a0 Le mus\u00e9e de l\u2019Arm\u00e9e aborde une des facettes les plus c\u00e9l\u00e8bres et fascinantes de l\u2019histoire de Napol\u00e9on : le chef de guerre. Plus de 200 \u0153uvres et objets issus de collections nationales et europ\u00e9ennes (peintures, cartes, uniformes, objets personnels, manuscrits \u2026) t\u00e9moignent de sa trajectoire fulgurante. L\u2019exposition explore sa\u2026","rel":"","context":"Dans &quot;Mus\u00e9es \/ Expositions&quot;","block_context":{"text":"Mus\u00e9es \/ Expositions","link":"http:\/\/www.letourismeaparis.fr\/index.php\/category\/culture\/musees-expositions\/"},"img":{"alt_text":"","src":"","width":0,"height":0},"classes":[]},{"id":14417,"url":"http:\/\/www.letourismeaparis.fr\/index.php\/2014\/01\/22\/le-bicentenaire-de-la-campagne-de-france-de-1814-le-25-janvier-chalons-suivi-de-nombreuses-manifestations-dans-la-region\/","url_meta":{"origin":16457,"position":3},"title":"Samedi 25 janvier \u00e0 Ch\u00e2lons , c\u00e9l\u00e9brations du  bicentenaire de la&quot; Campagne de France&quot; de 1814, suivi de nombreuses manifestations dans la r\u00e9gion.","author":"Fabienne TM","date":"22 janvier 2014","format":false,"excerpt":"Entre janvier et avril 1814, la Champagne et la Brie ont \u00e9t\u00e9 le th\u00e9\u00e2tre des derni\u00e8res victoires de Napol\u00e9on Ier. Au soir du 25 janvier 1814, le pr\u00e9fet de la Marne, Bourgeois de Jessaint et le Maire de Ch\u00e2lons, Delfraisse, re\u00e7oivent Napol\u00e9on Ier \u00e0 l'H\u00f4tel de la Pr\u00e9fecture. La Ville\u2026","rel":"","context":"Dans &quot;Non class\u00e9&quot;","block_context":{"text":"Non class\u00e9","link":"http:\/\/www.letourismeaparis.fr\/index.php\/category\/non-classe\/"},"img":{"alt_text":"","src":"","width":0,"height":0},"classes":[]},{"id":24319,"url":"http:\/\/www.letourismeaparis.fr\/index.php\/2021\/06\/16\/exposition-napoleon-a-la-villette\/","url_meta":{"origin":16457,"position":4},"title":"Exposition Napol\u00e9on \u00e0 la Villette","author":"Fabienne TM","date":"16 juin 2021","format":false,"excerpt":"Autant admir\u00e9 que controvers\u00e9, Napol\u00e9on Bonaparte est un personnage complexe dont la vie\u00a0oscille entre h\u00e9ro\u00efsme et trag\u00e9die, victoire et d\u00e9faite, avanc\u00e9es modernes et mesures r\u00e9gressives.\u00a0A l\u2019occasion du bicentenaire de sa mort, La Villette, La Rmn - Grand Palais et RERE \/ Adonis proposent une exposition spectaculaire, dressant le portrait juste\u00a0et\u2026","rel":"","context":"Dans &quot;Mus\u00e9es \/ Expositions&quot;","block_context":{"text":"Mus\u00e9es \/ Expositions","link":"http:\/\/www.letourismeaparis.fr\/index.php\/category\/culture\/musees-expositions\/"},"img":{"alt_text":"","src":"https:\/\/i0.wp.com\/www.letourismeaparis.fr\/wp-content\/uploads\/2021\/09\/Capture-d%E2%80%99e%CC%81cran-2021-09-19-a%CC%80-10.41.12.png?resize=350%2C200","width":350,"height":200},"classes":[]},{"id":14902,"url":"http:\/\/www.letourismeaparis.fr\/index.php\/2014\/05\/26\/commemoration-de-la-campagne-de-france-de-1814-reconstitution-de-la-bataille-de-montmirail-les-31-mai-et-1er-juin-1h-de-paris\/","url_meta":{"origin":16457,"position":5},"title":"Bal de l&#039;empereur(30 mai) et comm\u00e9moration de la campagne de France  de 1814 (31 mai et 1er juin)\u00e0 1h de Paris","author":"Fabienne TM","date":"26 mai 2014","format":false,"excerpt":"\"Bal de l'Empereur et des Etats-Majors\" Vendredi 30 mai \u00e0 19H30 A l\u2019Orangerie du Ch\u00e2teau de Montmirail 5 place R\u00e9my Petit 51210 Montmirail \u00a0 Vous \u00eates venus nombreux aux 4 \u00e9ditions pr\u00e9c\u00e9dentes du Bal de l'Empereur. Celui-ci est particulier. L'Empereur et son Etat-Major fran\u00e7ais seront\u00a0d'un c\u00f4t\u00e9 et de l'autre seront\u2026","rel":"","context":"Dans &quot;Familles&quot;","block_context":{"text":"Familles","link":"http:\/\/www.letourismeaparis.fr\/index.php\/category\/familles\/"},"img":{"alt_text":"","src":"","width":0,"height":0},"classes":[]}],"jetpack_sharing_enabled":true,"jetpack_likes_enabled":true,"_links":{"self":[{"href":"http:\/\/www.letourismeaparis.fr\/index.php\/wp-json\/wp\/v2\/posts\/16457","targetHints":{"allow":["GET"]}}],"collection":[{"href":"http:\/\/www.letourismeaparis.fr\/index.php\/wp-json\/wp\/v2\/posts"}],"about":[{"href":"http:\/\/www.letourismeaparis.fr\/index.php\/wp-json\/wp\/v2\/types\/post"}],"author":[{"embeddable":true,"href":"http:\/\/www.letourismeaparis.fr\/index.php\/wp-json\/wp\/v2\/users\/2"}],"replies":[{"embeddable":true,"href":"http:\/\/www.letourismeaparis.fr\/index.php\/wp-json\/wp\/v2\/comments?post=16457"}],"version-history":[{"count":0,"href":"http:\/\/www.letourismeaparis.fr\/index.php\/wp-json\/wp\/v2\/posts\/16457\/revisions"}],"wp:attachment":[{"href":"http:\/\/www.letourismeaparis.fr\/index.php\/wp-json\/wp\/v2\/media?parent=16457"}],"wp:term":[{"taxonomy":"category","embeddable":true,"href":"http:\/\/www.letourismeaparis.fr\/index.php\/wp-json\/wp\/v2\/categories?post=16457"},{"taxonomy":"post_tag","embeddable":true,"href":"http:\/\/www.letourismeaparis.fr\/index.php\/wp-json\/wp\/v2\/tags?post=16457"}],"curies":[{"name":"wp","href":"https:\/\/api.w.org\/{rel}","templated":true}]}}