{"id":16463,"date":"2015-03-20T14:10:06","date_gmt":"2015-03-20T14:10:06","guid":{"rendered":"http:\/\/www.letourismeaparis.fr\/?p=16463"},"modified":"2015-03-20T14:10:06","modified_gmt":"2015-03-20T14:10:06","slug":"ecotrail-de-paris-le-22-mars-des-randonnees-variees-comme-la-rando-75-la-touristique","status":"publish","type":"post","link":"http:\/\/www.letourismeaparis.fr\/index.php\/2015\/03\/20\/ecotrail-de-paris-le-22-mars-des-randonnees-variees-comme-la-rando-75-la-touristique\/","title":{"rendered":"Ecotrail de Paris le 22 mars  : des randonn\u00e9es vari\u00e9es comme la rando 75, la touristique&#8230;"},"content":{"rendered":"<p><span style=\"color: rgb(255, 0, 0);\"><strong>La Randonn\u00e9e 75<\/strong> <\/span>(Paris) partira de la Place de l\u2019H\u00f4tel de Ville, \u00e0 l\u2019endroit m\u00eame o\u00f9 fut prise la l\u00e9gendaire photo sign\u00e9 Robert Doisneau, \u00ab le Baiser de l\u2019H\u00f4tel de Ville \u00bb. Vous passerez \u00e9galement par la Fontaine Stravinski et le square le plus vieux de Paris\u00a0: le \u00ab square de la Tour Saint-Jacques \u00bb. De la Conciergerie en passant par Saint-Germain-des-Pr\u00e9s, le Panth\u00e9on \u00e0 Saint Sulpice,<a href=\"http:\/\/www.letourismeaparis.fr\/wp-content\/uploads\/2015\/03\/logo.png\"><img loading=\"lazy\" decoding=\"async\" class=\"aligncenter size-full wp-image-16468\" src=\"http:\/\/www.letourismeaparis.fr\/wp-content\/uploads\/2015\/03\/logo.png\" alt=\"logo\" width=\"205\" height=\"98\" \/><\/a> voil\u00e0 un grand tour qui vous rendra incollable sur le c\u00e9l\u00e8bre quartier latin, patrie des Etudiants. Vous rejoindrez le salon Destinations Nature en passant par le jardin du Luxembourg et le square Georges Brassens. Vous atteindrez le point final de la randonn\u00e9e au Village EcoTrail de Paris<sup>\u00ae<\/sup>\u00a0\u00e0 la Porte de Versailles avec tous les randonneurs passionn\u00e9s des sentiers de l&rsquo;\u00cele de France.<br \/>\nDes guides vous accompagneront tout au long de votre randonn\u00e9e. Pour ceux qui sont inscrits, l\u2019int\u00e9gralit\u00e9 du parcours est disponible sur notre application \u00ab EcoTrail2015 \u00bb. Nous vous informons, par ailleurs, que la randonn\u00e9e n\u2019est pas balis\u00e9e et en auto-suffisance.<br \/>\nLes dossards sont \u00e0 retirer sur le village EcoTrail de Paris<sup>\u00ae<\/sup>\u00a0au Salon Destinations Nature les 19, 20 et 21 mars 2015 Hall 4 Porte de Versailles ou le jour m\u00eame de la randonn\u00e9e sur le lieu de d\u00e9part.<br \/>\nLa dur\u00e9e de la randonn\u00e9e est donn\u00e9e \u00e0 titre indicatif et d\u00e9pend de la vitesse de chaque marcheur.<br \/>\n<strong>D\u00e9part :\u00a0<\/strong>Place de l\u2019H\u00f4tel de Ville &#8211; Paris 4<sup>e<\/sup><br \/>\n<strong>Acc\u00e8s au lieu de d\u00e9part :\u00a0<\/strong>M\u00e9tro H\u00f4tel de Ville<br \/>\n<strong>Distance\u00a0:\u00a0<\/strong>14 Km<strong>\u00a0&#8211; Dur\u00e9e :\u00a04h30<\/strong><br \/>\n<strong>Heure de d\u00e9part :\u00a0<\/strong>09h30<br \/>\nKm 2 : Pont Neuf<br \/>\nKm 6 : Coll\u00e8ge de France<br \/>\nKm 8 : Place Saint Sulpice<br \/>\nKm 10 : Place Breteuil<br \/>\nKm 10 : Avenue de Breteuil<br \/>\nKm 13 : Square Georges Brassens<br \/>\n<strong>Arriv\u00e9e<\/strong>\u00a0<strong>:<\/strong>\u00a0Km 14 : Salon Destinations Nature (Porte de Versailles). L\u2019accueil r\u00e9serv\u00e9 par le Village EcoTrail de Paris<sup>\u00ae<\/sup>\u00a0sera le bouquet final de cette randonn\u00e9e. Un buffet campagnard et un tee-shirt \u00ab\u00a0Finisher\u00a0\u00bb vous y seront offerts pour vous remettre de toutes ces aventures jusqu&rsquo;\u00e0 15h30.<br \/>\n<a href=\"http:\/\/www.ecotrail-events.com\/\">http:\/\/www.ecotrail-events.com\/<\/a><!--more--><br \/>\n&nbsp;<br \/>\n<strong><span style=\"color: #008000;\">MARCHE NORDIQUE &#8211; \u00ab La Touristique \u00bb &#8211; 13 km \u00e0 4 km\/h, d\u00e9nivel\u00e9 165 m, 1<sup>\u00e8re<\/sup>\u00e9dition.<\/span><\/strong>Les \u00e9preuves &gt; Les Marches Nordiques &gt; La Touristique<br \/>\n<strong>Circuit non fl\u00e9ch\u00e9 et en auto-suffisance, encadr\u00e9 par des r\u00e9f\u00e9rents ECOTRAIL de meneurs d&rsquo;allures diff\u00e9rentes\u00a0<\/strong><br \/>\nLes b\u00e2tons avec embouts en caoutchouc sont obligatoires.<br \/>\nLes dossards sont \u00e0 retirer sur le village EcoTrail de Paris<sup>\u00ae<\/sup>\u00a0au Salon Destinations Nature les 19, 20 et 21 mars 2015 Porte de Versailles (Hall 4) ou le jour m\u00eame sur le lieu de d\u00e9part.<br \/>\n&nbsp;<br \/>\n<strong>Dimanche 22 Mars 2015<\/strong><br \/>\nCette Marche Nordique a pour objectif de combiner sport et environnement, mais \u00e9galement d&rsquo;avoir la possibilit\u00e9 d\u2019appr\u00e9cier le paysage, l\u2019histoire, la nature et les traditions d\u2019une ville.<br \/>\nVous d\u00e9buterez cette marche sur le parvis de l\u2019H\u00f4tel de Ville de Paris, reconstruit en 1874.<br \/>\nElle est ancienne, grande, belle et majestueuse : tout ce qu\u2019il faut pour conqu\u00e9rir le c\u0153ur des touristes et des parisiens \u00ab Notre Dame de Paris \u00bb. Vous admirerez ses tours et ses rosaces qui sont immens\u00e9ment c\u00e9l\u00e8bres ainsi que toute sa fa\u00e7ade.<br \/>\nLes quais de Seine vous permettront de rejoindre le Louvre qui est l\u2019un des plus c\u00e9l\u00e8bres mus\u00e9e du monde. Vous traverserez les jardins du Carrousel et des Tuileries t\u00e9moins de grands \u00e9v\u00e8nements.<br \/>\nIl ne faut pas oublier l\u2019autre grande Dame de Paris, la Tour Eiffel. Elle n&rsquo;a pas pris une ride depuis sa cr\u00e9ation pour l&rsquo;exposition universelle de 1889 et est d\u00e9sormais l\u2019embl\u00e8me de Paris.<br \/>\nTout au long du parcours, vous pourrez admirer les fa\u00e7ades de grands monuments et fouler les ponts Parisiens anciens ou modernes.<br \/>\nL\u2019accueil r\u00e9serv\u00e9 par le Village EcoTrail de Paris<sup>\u00ae<\/sup>\u00a0install\u00e9 au salon \u00ab\u00a0Destinations Nature\u00a0\u00bb sera le bouquet final de cette marche nordique. Un buffet campagnard et un tee-shirt \u00ab Finisher \u00bb vous seront offerts pour vous remettre de toutes ces aventures jusqu&rsquo;\u00e0 15h30.<br \/>\n<strong>D\u00e9part\u00a0:\u00a0<\/strong>H\u00f4tel de Ville de Paris &#8211;\u00a0PARIS (4<sup>e<\/sup>)<br \/>\n<strong>Acc\u00e8s au lieu de d\u00e9part :\u00a0<\/strong>M\u00e9tro : Ligne 1 (La D\u00e9fense &#8211; Ch\u00e2teau de Vincennes) &#8211; ligne 11 (Ch\u00e2telet-Mairie des Lilas)<br \/>\n<strong>Heure de d\u00e9part\u00a0:\u00a0<\/strong>9h00 &#8211;\u00a0<strong>Dur\u00e9e\u00a0:<\/strong>\u00a004h00<br \/>\nKm 2 : La Cour Carr\u00e9e<br \/>\nKm 4\u00a0: Quai de Seine<br \/>\nKm 6 : Champs de Mars<br \/>\nKm 10 : Parc Andr\u00e9 Citro\u00ebn<br \/>\n<strong>ARRIV\u00c9E<\/strong>\u00a0&#8211; Km 13 : \u00ab Village EcoTrail de Paris<sup>\u00ae<\/sup>\u00a0\u00bb \u00a0install\u00e9 au Salon Destinations Nature &#8211; Parc des Expositions Porte de Versailles (Paris 15<sup>e<\/sup>).<\/p>\n","protected":false},"excerpt":{"rendered":"<p>La Randonn\u00e9e 75 (Paris) partira de la Place de l\u2019H\u00f4tel de Ville, \u00e0 l\u2019endroit m\u00eame o\u00f9 fut prise la l\u00e9gendaire photo sign\u00e9 Robert Doisneau, \u00ab le Baiser de l\u2019H\u00f4tel de Ville \u00bb. Vous passerez \u00e9galement par la Fontaine Stravinski et&#8230;<\/p>\n","protected":false},"author":2,"featured_media":0,"comment_status":"open","ping_status":"open","sticky":false,"template":"","format":"standard","meta":{"ngg_post_thumbnail":0,"jetpack_post_was_ever_published":false,"_jetpack_newsletter_access":"","footnotes":""},"categories":[1],"tags":[],"class_list":["post-16463","post","type-post","status-publish","format-standard","hentry","category-non-classe"],"jetpack_featured_media_url":"","jetpack-related-posts":[{"id":8598,"url":"http:\/\/www.letourismeaparis.fr\/index.php\/2010\/09\/18\/pour-les-sportifs-du-dimanche-19-septembre-randonnee-a-velib\/","url_meta":{"origin":16463,"position":0},"title":"Pour les sportifs du dimanche 19 septembre ,randonn\u00e9e \u00e0 V\u00e9lib\u2019.","author":"Fabienne TM","date":"18 septembre 2010","format":false,"excerpt":"Au d\u00e9part de 4 villes(cf infra) , les randonneurs de V\u00e9lib\u2019 rejoindront le Parvis de l\u2019H\u00f4tel de Ville au terme de pr\u00e8s de 15 kilom\u00e8tres et d\u2019une heure et demie de v\u00e9lo !Les 100 premiers abonn\u00e9s annuels \u00e0 V\u00e9lib\u2019 qui se pr\u00e9senteront dans chacune des villes de d\u00e9part, munis de\u2026","rel":"","context":"Dans &quot;Non class\u00e9&quot;","block_context":{"text":"Non class\u00e9","link":"http:\/\/www.letourismeaparis.fr\/index.php\/category\/non-classe\/"},"img":{"alt_text":"","src":"https:\/\/i0.wp.com\/www.letourismeaparis.fr\/wp-content\/uploads\/2010\/09\/velibienne-300x207.jpg?resize=350%2C200","width":350,"height":200},"classes":[]},{"id":855,"url":"http:\/\/www.letourismeaparis.fr\/index.php\/2008\/12\/18\/les-maneges-gratuits-dans-paris-du-2012-au-0401-de-10h-a-19-h\/","url_meta":{"origin":16463,"position":1},"title":"Les man\u00e8ges gratuits dans Paris du 20\/12 au 04\/01 de 10h \u00e0 19 h","author":"Fabienne TM","date":"18 d\u00e9cembre 2008","format":false,"excerpt":"3e arrondissement Square du Temple 4e arrondissement\u00a0 Place de l'H\u00f4tel de ville 5e arrondissement Bordure square Saint M\u00e9dard 6e arrondissement Place de l\u2019Od\u00e9on 7e arrondissement Place Joffre 8e arr\u00a0 Place de la Madeleine (derri\u00e8re l'\u00e9glise de la Madeleine ) Place de la Concorde M\u00e9tro Concorde 9e arrondissement Place Lino Ventura\u2026","rel":"","context":"Dans &quot;Non class\u00e9&quot;","block_context":{"text":"Non class\u00e9","link":"http:\/\/www.letourismeaparis.fr\/index.php\/category\/non-classe\/"},"img":{"alt_text":"","src":"","width":0,"height":0},"classes":[]},{"id":17132,"url":"http:\/\/www.letourismeaparis.fr\/index.php\/2015\/09\/26\/la-fete-des-jardins-ce-week-end\/","url_meta":{"origin":16463,"position":2},"title":"La F\u00eate des jardins ce week end.","author":"Fabienne TM","date":"26 septembre 2015","format":false,"excerpt":"\u00a0Le samedi 26 et le dimanche 27 septembre 2015, A Paris, la F\u00eate des Jardins est c\u00e9l\u00e9br\u00e9e en grandes pompes au Parc de Bercy. Ateliers, jeux, d\u00e9monstrations et expositions au programme\u00a0! DANS LE PARC Le village regroupe des stands tenus par les agents de la Ville de Paris. Au programme\u00a0:\u2026","rel":"","context":"Dans &quot;Familles&quot;","block_context":{"text":"Familles","link":"http:\/\/www.letourismeaparis.fr\/index.php\/category\/familles\/"},"img":{"alt_text":"","src":"https:\/\/i0.wp.com\/www.letourismeaparis.fr\/wp-content\/uploads\/2015\/09\/fete_des_jardins_2015-83a7e-200x300.jpg?resize=350%2C200","width":350,"height":200},"classes":[]},{"id":12413,"url":"http:\/\/www.letourismeaparis.fr\/index.php\/2012\/12\/27\/maneges-de-noel-gratuits-a-paris-jusquau-1er-janvier\/","url_meta":{"origin":16463,"position":3},"title":"Man\u00e8ges de No\u00ebl gratuits \u00e0 Paris jusqu&#039;au 1er  janvier","author":"Fabienne TM","date":"27 d\u00e9cembre 2012","format":false,"excerpt":"Ttous les jours de 10h \u00e0 19h. 3e arrondissement - Square du Temple, M\u00e9tro Temple 4e arrondissement - Place de l\u2019H\u00f4tel de ville : 1 man\u00e8ge c\u00f4t\u00e9 rue de Rivoli, 1 man\u00e8ge c\u00f4t\u00e9 Seine, M\u00e9tro H\u00f4tel de Ville 5e arrondissement - Bordure square Saint M\u00e9dard, M\u00e9tro Censier-Daubenton 6e arrondissement -\u2026","rel":"","context":"Dans &quot;Non class\u00e9&quot;","block_context":{"text":"Non class\u00e9","link":"http:\/\/www.letourismeaparis.fr\/index.php\/category\/non-classe\/"},"img":{"alt_text":"","src":"","width":0,"height":0},"classes":[]},{"id":18671,"url":"http:\/\/www.letourismeaparis.fr\/index.php\/2016\/09\/17\/les-journees-du-patrimoine-a-paris-quelques-idees-circuits-ambassades-musees\/","url_meta":{"origin":16463,"position":4},"title":"Les journ\u00e9es du Patrimoine \u00e0 Paris : quelques id\u00e9es &#8230;..circuits,  ambassades, mus\u00e9es&#8230;&#8230;","author":"Fabienne TM","date":"17 septembre 2016","format":false,"excerpt":"CIRCUIT \u00ab QUARTIER DES HALLES \u00bb Forum des Halles Circuit \u00ab Le quartier des halles \u00bb \u00a016h30-18h30 CIRCUIT \u00ab PASSAGES ET GALERIES \u00bb RDV au me\u0301tro Palais-Royal - Place Colette Circuit \u00ab Passages et galeries parisiens \u00bb. sam. et dim. 10h-12h, 15h-17h \u00a0 RANDONN\u00c9E \"DE LA BASTILLE A L\u2019ASSEMBL\u00c9E NATIONALE,\u2026","rel":"","context":"Dans &quot;Non class\u00e9&quot;","block_context":{"text":"Non class\u00e9","link":"http:\/\/www.letourismeaparis.fr\/index.php\/category\/non-classe\/"},"img":{"alt_text":"","src":"","width":0,"height":0},"classes":[]},{"id":15991,"url":"http:\/\/www.letourismeaparis.fr\/index.php\/2014\/11\/21\/la-grande-roue14-novembre-et-les-maneges-gratuits-partir-du-20-decembre\/","url_meta":{"origin":16463,"position":5},"title":"La Grande Roue(14 novembre )et les man\u00e8ges gratuits (\u00e0 partir du 20 d\u00e9cembre)","author":"Fabienne TM","date":"21 novembre 2014","format":false,"excerpt":"LA GRANDE ROUE Embarquez \u00a0pour voir Paris \u00a0de fa\u00e7on magique et merveilleuse ...dans une des 42 nacelles chauff\u00e9es !!!!! Entre le village de no\u00ebl des Champs-Elys\u00e9es qui compte ses 15 millions de visiteurs et la grande roue avec ses 300 000 passagers, la plus belle avenue du monde prendra encore\u2026","rel":"","context":"Dans &quot;Non class\u00e9&quot;","block_context":{"text":"Non class\u00e9","link":"http:\/\/www.letourismeaparis.fr\/index.php\/category\/non-classe\/"},"img":{"alt_text":"","src":"","width":0,"height":0},"classes":[]}],"jetpack_sharing_enabled":true,"jetpack_likes_enabled":true,"_links":{"self":[{"href":"http:\/\/www.letourismeaparis.fr\/index.php\/wp-json\/wp\/v2\/posts\/16463","targetHints":{"allow":["GET"]}}],"collection":[{"href":"http:\/\/www.letourismeaparis.fr\/index.php\/wp-json\/wp\/v2\/posts"}],"about":[{"href":"http:\/\/www.letourismeaparis.fr\/index.php\/wp-json\/wp\/v2\/types\/post"}],"author":[{"embeddable":true,"href":"http:\/\/www.letourismeaparis.fr\/index.php\/wp-json\/wp\/v2\/users\/2"}],"replies":[{"embeddable":true,"href":"http:\/\/www.letourismeaparis.fr\/index.php\/wp-json\/wp\/v2\/comments?post=16463"}],"version-history":[{"count":0,"href":"http:\/\/www.letourismeaparis.fr\/index.php\/wp-json\/wp\/v2\/posts\/16463\/revisions"}],"wp:attachment":[{"href":"http:\/\/www.letourismeaparis.fr\/index.php\/wp-json\/wp\/v2\/media?parent=16463"}],"wp:term":[{"taxonomy":"category","embeddable":true,"href":"http:\/\/www.letourismeaparis.fr\/index.php\/wp-json\/wp\/v2\/categories?post=16463"},{"taxonomy":"post_tag","embeddable":true,"href":"http:\/\/www.letourismeaparis.fr\/index.php\/wp-json\/wp\/v2\/tags?post=16463"}],"curies":[{"name":"wp","href":"https:\/\/api.w.org\/{rel}","templated":true}]}}