{"id":16486,"date":"2015-03-25T17:30:55","date_gmt":"2015-03-25T17:30:55","guid":{"rendered":"http:\/\/www.letourismeaparis.fr\/?p=16486"},"modified":"2015-03-25T17:30:55","modified_gmt":"2015-03-25T17:30:55","slug":"lumiere-le-cinema-invente-au-grand-palais","status":"publish","type":"post","link":"http:\/\/www.letourismeaparis.fr\/index.php\/2015\/03\/25\/lumiere-le-cinema-invente-au-grand-palais\/","title":{"rendered":"LUMIERE !  Le cin\u00e9ma invent\u00e9  au Grand Palais : une superbe exposition !"},"content":{"rendered":"<p>L\u2019ann\u00e9e 2015 marque les 120 ans de l&rsquo;invention du Cin\u00e9matographe\u00a0Lumi\u00e8re dont l\u2019Institut Lumi\u00e8re organise la c\u00e9l\u00e9bration ;elle\u00a0d\u00e9bute au printemps, qui fut le th\u00e9\u00e2tre en 1895 des moments\u00a0d\u00e9cisifs du premier tournage (19 mars 1895 \u00e0 Lyon), de la premi\u00e8re pr\u00e9sentation de\u00a0l\u2019invention (22 mars \u00e0 Paris) et des premi\u00e8res \u00ab vues cin\u00e9matographiques \u00bb tourn\u00e9es\u00a0en s\u00e9rie \u00e0 Lyon, \u00e0 Paris ou \u00e0 La Ciotat.<br \/>\n<!--more--><br \/>\nUne exposition qui nous montre la splendeur et l\u2019importance de \u00ab l\u2019aventure Lumi\u00e8re<br \/>\nLes Lumi\u00e8re, \u00e7a n\u2019est pas seulement le cin\u00e9ma, c\u2019est aussi une vie d\u00e9di\u00e9e aux<br \/>\nimages dont, en 1903, l\u2019invention de la photographie en couleurs : les Autochromes.<br \/>\nAinsi, l\u2019exposition aborde l\u2019invention du Cin\u00e9matographe mais aussi les autres<br \/>\ndimensions de l\u2019\u00e9pop\u00e9e industrielle et artistique de la famille Lumi\u00e8re.<!--more--><br \/>\nIci, une salle de projection reconstitu\u00e9e (le Salon Indien duGrand Caf\u00e9, imagin\u00e9 par le d\u00e9corateur Jacques Grange), l\u00e0 une salle contemporaine,des I-pads programm\u00e9s pour montrer les 1500 films, qui seront montr\u00e9s pour la\u00a0premi\u00e8re fois dans leur int\u00e9gralit\u00e9. Tourn\u00e9e vers une approche moderne d&rsquo;un\u00a0mat\u00e9riau pr\u00e9cieux, l\u2019exposition retrace la petite et la grande Histoire.<br \/>\nUne aventure technique et technologique : du cin\u00e9matographe au num\u00e9rique<br \/>\n&nbsp;<br \/>\nL\u2019exposition\u00a0expose aussi les tr\u00e9sors des collections de l\u2019Institut Lumi\u00e8re, les archives priv\u00e9es, les appareils, les documents graphiques, ainsi que les archives familiales.\u00a0Enfin, l\u2019exposition met en valeur : l\u2019apparition du cin\u00e9ma num\u00e9rique.<br \/>\n<!--more--><br \/>\nGrand Palais, entr\u00e9e square Jean Perrin<br \/>\nDimanche et lundi : 10h00 &#8211; 20h00<br \/>\nMercredi, jeudi, vendredi, samedi : 10h00 &#8211; 22h00<br \/>\nMardi : visites group\u00e9es et privatisations possibles sur inscriptions<br \/>\n<a href=\"https:\/\/www.youtube.com\/watch?v=VOU9xcgvMiw\">https:\/\/www.youtube.com\/watch?v=VOU9xcgvMiw<\/a><br \/>\n&nbsp;<br \/>\n<a href=\"www.grandpalais.fr\">www.grandpalais.fr<\/a><br \/>\nVisites guid\u00e9es pr\u00e9vues pour les individuels et les groupes (informations disponibles sur le site<br \/>\n&nbsp;<br \/>\n&nbsp;<br \/>\n&nbsp;<br \/>\n&nbsp;<br \/>\n27 mars &#8211; 14 juin 2015<\/p>\n","protected":false},"excerpt":{"rendered":"<p>L\u2019ann\u00e9e 2015 marque les 120 ans de l&rsquo;invention du Cin\u00e9matographe\u00a0Lumi\u00e8re dont l\u2019Institut Lumi\u00e8re organise la c\u00e9l\u00e9bration ;elle\u00a0d\u00e9bute au printemps, qui fut le th\u00e9\u00e2tre en 1895 des moments\u00a0d\u00e9cisifs du premier tournage (19 mars 1895 \u00e0 Lyon), de la premi\u00e8re pr\u00e9sentation de\u00a0l\u2019invention&#8230;<\/p>\n","protected":false},"author":2,"featured_media":0,"comment_status":"open","ping_status":"open","sticky":false,"template":"","format":"standard","meta":{"ngg_post_thumbnail":0,"jetpack_post_was_ever_published":false,"_jetpack_newsletter_access":"","footnotes":""},"categories":[14,27],"tags":[],"class_list":["post-16486","post","type-post","status-publish","format-standard","hentry","category-cinema","category-musees-expositions"],"jetpack_featured_media_url":"","jetpack-related-posts":[{"id":24623,"url":"http:\/\/www.letourismeaparis.fr\/index.php\/2022\/02\/21\/cezanne-et-kandinsky\/","url_meta":{"origin":16486,"position":0},"title":"CEZANNE et KANDINSKY","author":"Fabienne TM","date":"21 f\u00e9vrier 2022","format":false,"excerpt":"A NE PAS MANQUER ! L\u2019Atelier des Lumi\u00e8res pr\u00e9sente deux nouvelles expositions num\u00e9riques immersives \u00ab Cezanne, lumi\u00e8res de Provence \u00bb en programme long puis \u00ab Kandinsky, l\u2019odyss\u00e9e de l\u2019abstrait \u00bb en programme court. Programme long \"Cezanne, lumi\u00e8res de Provence\" \u00c0 travers un parcours th\u00e9matique, intime et introspectif, l\u2019exposition immersive r\u00e9v\u00e8le\u2026","rel":"","context":"Dans &quot;Culture&quot;","block_context":{"text":"Culture","link":"http:\/\/www.letourismeaparis.fr\/index.php\/category\/culture\/"},"img":{"alt_text":"","src":"https:\/\/i0.wp.com\/www.letourismeaparis.fr\/wp-content\/uploads\/2022\/02\/Capture-d%E2%80%99e%CC%81cran-2022-02-21-a%CC%80-15.09.00.png?resize=350%2C200","width":350,"height":200},"classes":[]},{"id":26171,"url":"http:\/\/www.letourismeaparis.fr\/index.php\/2025\/05\/09\/worthinventer-la-haute-couture-au-petit-palais\/","url_meta":{"origin":16486,"position":1},"title":"Worth,inventer la haute couture au Petit Palais","author":"Fabienne TM","date":"9 mai 2025","format":false,"excerpt":"Fondateur d\u2019une maison devenue symbole absolu du luxe parisien, Charles Frederick Worth (1825-1895), n\u00e9 en Angleterre, est une figure incontournable de l\u2019histoire de la mode. A l\u2019origine de la haute couture, Worth fonde la maison \u00e9ponyme au 7 rue de la Paix, dont l\u2019histoire se d\u00e9ploie sur quatre g\u00e9n\u00e9rations et\u2026","rel":"","context":"Dans &quot;Haute couture&quot;","block_context":{"text":"Haute couture","link":"http:\/\/www.letourismeaparis.fr\/index.php\/category\/haute-couture\/"},"img":{"alt_text":"","src":"https:\/\/i0.wp.com\/www.letourismeaparis.fr\/wp-content\/uploads\/2025\/05\/Capture-decran-2025-05-07-a-17.51.30.png?resize=350%2C200","width":350,"height":200,"srcset":"https:\/\/i0.wp.com\/www.letourismeaparis.fr\/wp-content\/uploads\/2025\/05\/Capture-decran-2025-05-07-a-17.51.30.png?resize=350%2C200 1x, https:\/\/i0.wp.com\/www.letourismeaparis.fr\/wp-content\/uploads\/2025\/05\/Capture-decran-2025-05-07-a-17.51.30.png?resize=525%2C300 1.5x"},"classes":[]},{"id":25342,"url":"http:\/\/www.letourismeaparis.fr\/index.php\/2023\/10\/26\/berthe-morisot-et-lart-du-xviiieme-siecle-au-musee-marmottan\/","url_meta":{"origin":16486,"position":2},"title":"Berthe Morisot et l&rsquo;art du  XVIII\u00e8me si\u00e8cle au mus\u00e9e Marmottan","author":"Fabienne TM","date":"26 octobre 2023","format":false,"excerpt":"Soixante-cinq \u0153uvres provenant de mus\u00e9es fran\u00e7ais et \u00e9trangers ainsi que de collections particuli\u00e8res sont r\u00e9unies pour la premi\u00e8re fois afin de mettre en lumi\u00e8re les liens qui unissent l\u2019\u0153uvre de la premi\u00e8re femme impressionniste, Berthe Morisot (1841-1895) \u00e0 l\u2019art d\u2019Antoine Watteau (1684-1721), Fran\u00e7ois Boucher (1703-1770), Jean-Honor\u00e9 Fragonard (1732-1806) ou encore\u2026","rel":"","context":"Dans &quot;Culture&quot;","block_context":{"text":"Culture","link":"http:\/\/www.letourismeaparis.fr\/index.php\/category\/culture\/"},"img":{"alt_text":"","src":"","width":0,"height":0},"classes":[]},{"id":25845,"url":"http:\/\/www.letourismeaparis.fr\/index.php\/2024\/10\/02\/exposition-lesage-100-ans-de-mode-et-de-decoration-au-19m-jusquau-5-janvier\/","url_meta":{"origin":16486,"position":3},"title":"Exposition Lesage, 100 ans de mode et de d\u00e9coration au 19M  jusqu\u2019au 5 janvier.","author":"Fabienne TM","date":"2 octobre 2024","format":false,"excerpt":"\u00a0Cet \u00e9v\u00e9nement c\u00e9l\u00e8bre le centenaire de la Maison Lesage, figure embl\u00e9matique de la broderie et du textile. . L\u2019exposition retrace cette histoire \u00e0 travers un parcours en huit \u00e9tapes, ponctu\u00e9 de pi\u00e8ces d\u2019artisanat d\u2019art r\u00e9alis\u00e9es pour les plus grandes Maisons de haute couture. \u00a0Chaque pi\u00e8ce expos\u00e9e pr\u00e9sente les particularit\u00e9s uniques\u2026","rel":"","context":"Dans &quot;Artisanat&quot;","block_context":{"text":"Artisanat","link":"http:\/\/www.letourismeaparis.fr\/index.php\/category\/culture\/musees-expositions\/artisanat\/"},"img":{"alt_text":"","src":"","width":0,"height":0},"classes":[]},{"id":14885,"url":"http:\/\/www.letourismeaparis.fr\/index.php\/2014\/04\/05\/charlot-la-cinematheque-pour-petits-et-grands-jusquau-24-mai\/","url_meta":{"origin":16486,"position":4},"title":"Charlot \u00e0 la cin\u00e9math\u00e8que pour petits et grands  jusqu&#039;au 24 mai&#8230;&#8230;.","author":"Fabienne TM","date":"5 avril 2014","format":false,"excerpt":"Charlot a 100 ans... En 1914, i est n\u00e9 affubl\u00e9 d'une moustache et d'un chapeau rond, d'une veste \u00e9triqu\u00e9e sur un pantalon trop large et de longs souliers aplatis... Un dr\u00f4le de clochard et un personnage tout de suite inoubliable. Le public rit de sa d\u00e9brouillardise et pleure sur ses\u2026","rel":"","context":"Dans &quot;Non class\u00e9&quot;","block_context":{"text":"Non class\u00e9","link":"http:\/\/www.letourismeaparis.fr\/index.php\/category\/non-classe\/"},"img":{"alt_text":"","src":"","width":0,"height":0},"classes":[]},{"id":17940,"url":"http:\/\/www.letourismeaparis.fr\/index.php\/2016\/02\/11\/goya-visions-de-chair-et-dos-exposition-au-cinema\/","url_meta":{"origin":16486,"position":5},"title":"GOYA &#8211; VISIONS DE CHAIR ET D\u2019OS  ( exposition au cin\u00e9ma )","author":"Fabienne TM","date":"11 f\u00e9vrier 2016","format":false,"excerpt":"Francisco Goya, consid\u00e9r\u00e9 comme le fondateur de l\u2019art moderne, est l\u2019artiste espagnol le plus reconnu. En plus d\u2019observer avec talent la vie et le pass\u00e9 mouvement\u00e9 de l\u2019Espagne, c\u2019est un portraitiste dou\u00e9 et un fin commentateur social. Avec Goya, l\u2019art du portrait atteint de nouveaux sommets. Cette exposition de la\u2026","rel":"","context":"Dans &quot;Non class\u00e9&quot;","block_context":{"text":"Non class\u00e9","link":"http:\/\/www.letourismeaparis.fr\/index.php\/category\/non-classe\/"},"img":{"alt_text":"","src":"","width":0,"height":0},"classes":[]}],"jetpack_sharing_enabled":true,"jetpack_likes_enabled":true,"_links":{"self":[{"href":"http:\/\/www.letourismeaparis.fr\/index.php\/wp-json\/wp\/v2\/posts\/16486","targetHints":{"allow":["GET"]}}],"collection":[{"href":"http:\/\/www.letourismeaparis.fr\/index.php\/wp-json\/wp\/v2\/posts"}],"about":[{"href":"http:\/\/www.letourismeaparis.fr\/index.php\/wp-json\/wp\/v2\/types\/post"}],"author":[{"embeddable":true,"href":"http:\/\/www.letourismeaparis.fr\/index.php\/wp-json\/wp\/v2\/users\/2"}],"replies":[{"embeddable":true,"href":"http:\/\/www.letourismeaparis.fr\/index.php\/wp-json\/wp\/v2\/comments?post=16486"}],"version-history":[{"count":0,"href":"http:\/\/www.letourismeaparis.fr\/index.php\/wp-json\/wp\/v2\/posts\/16486\/revisions"}],"wp:attachment":[{"href":"http:\/\/www.letourismeaparis.fr\/index.php\/wp-json\/wp\/v2\/media?parent=16486"}],"wp:term":[{"taxonomy":"category","embeddable":true,"href":"http:\/\/www.letourismeaparis.fr\/index.php\/wp-json\/wp\/v2\/categories?post=16486"},{"taxonomy":"post_tag","embeddable":true,"href":"http:\/\/www.letourismeaparis.fr\/index.php\/wp-json\/wp\/v2\/tags?post=16486"}],"curies":[{"name":"wp","href":"https:\/\/api.w.org\/{rel}","templated":true}]}}