{"id":16490,"date":"2015-03-24T08:33:05","date_gmt":"2015-03-24T08:33:05","guid":{"rendered":"http:\/\/www.letourismeaparis.fr\/?p=16490"},"modified":"2015-03-24T08:33:05","modified_gmt":"2015-03-24T08:33:05","slug":"le-printemps-du-sport-dans-le-9eme-samedi-28-mars-de-14-h-a-18-h","status":"publish","type":"post","link":"http:\/\/www.letourismeaparis.fr\/index.php\/2015\/03\/24\/le-printemps-du-sport-dans-le-9eme-samedi-28-mars-de-14-h-a-18-h\/","title":{"rendered":"Le Printemps du sport dans le 9\u00e8me samedi 28 mars de 14 h \u00e0 18 h"},"content":{"rendered":"<p>Le Parcours du Coeur<br \/>\n<strong>AVENUE TRUDAINE<\/strong><br \/>\nFormations aux d\u00e9fibrillateurs, BMX, skate, atelier street art, cirque, slacke line (\u00e9quilibre sur sangle), parcours athl\u00e9tisme, savate boxe fran\u00e7aise.<a href=\"http:\/\/www.letourismeaparis.fr\/wp-content\/uploads\/2015\/03\/d1b00195-2392-48e5-8b2f-7825867eb77e.jpg\"><img loading=\"lazy\" decoding=\"async\" class=\"aligncenter  wp-image-16491\" src=\"http:\/\/www.letourismeaparis.fr\/wp-content\/uploads\/2015\/03\/d1b00195-2392-48e5-8b2f-7825867eb77e-212x300.jpg\" alt=\"d1b00195-2392-48e5-8b2f-7825867eb77e\" width=\"178\" height=\"246\" \/><\/a><br \/>\n&nbsp;<br \/>\n<strong>SQUARE D\u2019ANVERS<\/strong><br \/>\nGym su\u00e9doise, Escrime, Golf.<!--more--><br \/>\n&nbsp;<br \/>\n<strong>PISCINE DRIGNY<\/strong><br \/>\nB\u00e2pt\u00e8me de plong\u00e9e sous-marine et initiation \u00e0 la natation et au secourisme.<br \/>\n&nbsp;<br \/>\n<strong>LYC\u00c9E JACQUES DECOUR<\/strong><br \/>\nPing Pong, Floorball,Escrime, Mini-tennis, Tir \u00e0 l\u2019arc, Capoeira, Fitness dance, Karat\u00e9, Pilate, Basket, Volley<\/p>\n","protected":false},"excerpt":{"rendered":"<p>Le Parcours du Coeur AVENUE TRUDAINE Formations aux d\u00e9fibrillateurs, BMX, skate, atelier street art, cirque, slacke line (\u00e9quilibre sur sangle), parcours athl\u00e9tisme, savate boxe fran\u00e7aise. &nbsp; SQUARE D\u2019ANVERS Gym su\u00e9doise, Escrime, Golf.<\/p>\n","protected":false},"author":2,"featured_media":0,"comment_status":"open","ping_status":"open","sticky":false,"template":"","format":"standard","meta":{"ngg_post_thumbnail":0,"jetpack_post_was_ever_published":false,"_jetpack_newsletter_access":"","footnotes":""},"categories":[1],"tags":[],"class_list":["post-16490","post","type-post","status-publish","format-standard","hentry","category-non-classe"],"jetpack_featured_media_url":"","jetpack-related-posts":[{"id":17936,"url":"http:\/\/www.letourismeaparis.fr\/index.php\/2016\/02\/23\/des-vacances-sportives-dans-le-13e-inscrivez-vous-vite\/","url_meta":{"origin":16490,"position":0},"title":"Des vacances sportives dans le 13e : inscrivez-vous  vite !","author":"Fabienne TM","date":"23 f\u00e9vrier 2016","format":false,"excerpt":"Du 22 f\u00e9vrier au 4 mars 2016, gar\u00e7ons et filles pourront profiter de cours et d'activit\u00e9s aussi diverses que le tennis de table, l'escrime, le hip-hop ou le rugby. Le programme ci-dessous vous permettra de prendre connaissance des diff\u00e9rentes activit\u00e9s et des conditions d'inscription.BASKET \u00a0 DANSE HIP-HOP ESCRIME FOOTBALL JUDO\u2026","rel":"","context":"Dans &quot;Familles&quot;","block_context":{"text":"Familles","link":"http:\/\/www.letourismeaparis.fr\/index.php\/category\/familles\/"},"img":{"alt_text":"","src":"https:\/\/i0.wp.com\/www.letourismeaparis.fr\/wp-content\/uploads\/2016\/02\/v-s-218x300.jpeg?resize=350%2C200","width":350,"height":200},"classes":[]},{"id":18696,"url":"http:\/\/www.letourismeaparis.fr\/index.php\/2016\/09\/23\/radio-france-fete-le-sport-2016-dimanche-25-septembre\/","url_meta":{"origin":16490,"position":1},"title":"Radio France f\u00eate le sport 2016 dimanche 25 septembre.","author":"Fabienne TM","date":"23 septembre 2016","format":false,"excerpt":"Il y aura des d\u00e9monstrations en lien avec les f\u00e9d\u00e9rations sportives : badminton, escrime, boxe, mur d'escalade\u2026 Radio France f\u00eate tous les sports ! avec des dizaines d\u2019animations. Un \u00e9v\u00e9nement de running ascensionnel avec la course Vertigo dans la Tour centrale de Radio France. Le principe : gravir 365 marches,\u2026","rel":"","context":"Dans &quot;Non class\u00e9&quot;","block_context":{"text":"Non class\u00e9","link":"http:\/\/www.letourismeaparis.fr\/index.php\/category\/non-classe\/"},"img":{"alt_text":"","src":"","width":0,"height":0},"classes":[]},{"id":13768,"url":"http:\/\/www.letourismeaparis.fr\/index.php\/2013\/07\/25\/paris-plages-jusquau-dimanche-18-aout-2013\/","url_meta":{"origin":16490,"position":2},"title":"Paris Plages  jusqu&#039;au dimanche 18 ao\u00fbt 2013","author":"Fabienne TM","date":"25 juillet 2013","format":false,"excerpt":"Les voies sur berges, prennent des airs de bord de mer, pour les promeneurs, \u00a0cyclistes et \u00a0rollers, .Basket, tennis, lutte, escrime, tennis de table, p\u00e9tanque, tai-chi, danse de salon, espace fitness, douche \u00e0 microgouttelettes, biblioth\u00e8que \u00e9ph\u00e9m\u00e8re et \"Plage aventure\" pour les plus jeunes, avec baignade et jeux d'eau, concerts, ateliers\u2026","rel":"","context":"Dans &quot;Bons Plans&quot;","block_context":{"text":"Bons Plans","link":"http:\/\/www.letourismeaparis.fr\/index.php\/category\/bon-plan\/"},"img":{"alt_text":"","src":"","width":0,"height":0},"classes":[]},{"id":6516,"url":"http:\/\/www.letourismeaparis.fr\/index.php\/2010\/02\/15\/lacademie-du-spectacle-equestre-de-versailles-un-lieu-de-spectacles-et-de-formation\/","url_meta":{"origin":16490,"position":3},"title":"L&#039;Acad\u00e9mie du spectacle \u00e9questre de Versailles : un lieu de spectacles et de formation","author":"Fabienne TM","date":"15 f\u00e9vrier 2010","format":false,"excerpt":"Dans la Grande Ecurie du roi, \u00e9lev\u00e9e en 1678-1682 sur les plans de J. Hardouin-Mansart, est aujourd\u2019hui install\u00e9e l\u2019Acad\u00e9mie du Spectacle \u00e9questre fond\u00e9e par Bartabas en 2003. Lieu de spectacle et de formation, elle accueille des \u00e9cuyers du monde entier qui travaille dans une dynamique d'\u00e9coute et de patience guid\u00e9e\u2026","rel":"","context":"Dans &quot;Non class\u00e9&quot;","block_context":{"text":"Non class\u00e9","link":"http:\/\/www.letourismeaparis.fr\/index.php\/category\/non-classe\/"},"img":{"alt_text":"","src":"","width":0,"height":0},"classes":[]},{"id":15467,"url":"http:\/\/www.letourismeaparis.fr\/index.php\/2014\/08\/15\/paris-plages-2014\/","url_meta":{"origin":16490,"position":4},"title":"Paris Plages 2014","author":"Fabienne TM","date":"15 ao\u00fbt 2014","format":false,"excerpt":"Jusqu\u2019au dimanche 17 ao\u00fbt 2014 l'\u00e9dition 2014 de Paris Plages vous invite \u00e0 profiter de nombreuses activit\u00e9s: cours de ta\u00ef-chi, biblioth\u00e8que, loisirs nautiques, jardin des brumes, Festival Fnac Live... une multitude d'animations pour tous les publics et tous les \u00e2ges.Les loisirs nautiques seront une nouvelle fois mis \u00e0 l'honneur avec\u2026","rel":"","context":"Dans &quot;Familles&quot;","block_context":{"text":"Familles","link":"http:\/\/www.letourismeaparis.fr\/index.php\/category\/familles\/"},"img":{"alt_text":"","src":"","width":0,"height":0},"classes":[]},{"id":7586,"url":"http:\/\/www.letourismeaparis.fr\/index.php\/2010\/05\/14\/tennis-en-fete-les-15-et-16-mai-au-jardin-du-luxembourg\/","url_meta":{"origin":16490,"position":5},"title":"Tennis en f\u00eate les 15 et 16 mai au jardin du Luxembourg","author":"Fabienne TM","date":"14 mai 2010","format":false,"excerpt":"un week-end d\u2019initiations et d'animations sportives gratuites, dans un esprit ludique et festif sur le site des courts de tennis du Luxembourg et le terrain de jeu de longue paume. Durant deux jours, quel que soit votre \u00e2ge ou votre niveau, vous pourrez vous initier \u00e0 diff\u00e9rentes disciplines sportives, telles\u2026","rel":"","context":"Dans &quot;Non class\u00e9&quot;","block_context":{"text":"Non class\u00e9","link":"http:\/\/www.letourismeaparis.fr\/index.php\/category\/non-classe\/"},"img":{"alt_text":"","src":"","width":0,"height":0},"classes":[]}],"jetpack_sharing_enabled":true,"jetpack_likes_enabled":true,"_links":{"self":[{"href":"http:\/\/www.letourismeaparis.fr\/index.php\/wp-json\/wp\/v2\/posts\/16490","targetHints":{"allow":["GET"]}}],"collection":[{"href":"http:\/\/www.letourismeaparis.fr\/index.php\/wp-json\/wp\/v2\/posts"}],"about":[{"href":"http:\/\/www.letourismeaparis.fr\/index.php\/wp-json\/wp\/v2\/types\/post"}],"author":[{"embeddable":true,"href":"http:\/\/www.letourismeaparis.fr\/index.php\/wp-json\/wp\/v2\/users\/2"}],"replies":[{"embeddable":true,"href":"http:\/\/www.letourismeaparis.fr\/index.php\/wp-json\/wp\/v2\/comments?post=16490"}],"version-history":[{"count":0,"href":"http:\/\/www.letourismeaparis.fr\/index.php\/wp-json\/wp\/v2\/posts\/16490\/revisions"}],"wp:attachment":[{"href":"http:\/\/www.letourismeaparis.fr\/index.php\/wp-json\/wp\/v2\/media?parent=16490"}],"wp:term":[{"taxonomy":"category","embeddable":true,"href":"http:\/\/www.letourismeaparis.fr\/index.php\/wp-json\/wp\/v2\/categories?post=16490"},{"taxonomy":"post_tag","embeddable":true,"href":"http:\/\/www.letourismeaparis.fr\/index.php\/wp-json\/wp\/v2\/tags?post=16490"}],"curies":[{"name":"wp","href":"https:\/\/api.w.org\/{rel}","templated":true}]}}