{"id":16494,"date":"2015-03-24T08:36:46","date_gmt":"2015-03-24T08:36:46","guid":{"rendered":"http:\/\/www.letourismeaparis.fr\/?p=16494"},"modified":"2015-03-24T08:36:46","modified_gmt":"2015-03-24T08:36:46","slug":"courir-pourquoi-pas-vous","status":"publish","type":"post","link":"http:\/\/www.letourismeaparis.fr\/index.php\/2015\/03\/24\/courir-pourquoi-pas-vous\/","title":{"rendered":"Courir, pourquoi pas vous ?"},"content":{"rendered":"<p style=\"color: #000000;\"><strong><span class=\"page-title\" style=\"color: #5681c5;\">Avec Je Cours Pour Ma Forme, programme d&rsquo;initiation \u00e0 la course \u00e0 pied, d\u00e9couvrez le plaisir de courir et ses bienfaits pour la sant\u00e9.<\/span><\/strong><\/p>\n<p style=\"color: #000000;\">Avec le soutien de la Mairie du 9e,\u00a0<em>Je Cours Pour Ma Forme<\/em>vous accompagne tout au long de l&rsquo;ann\u00e9e pour vous permettre de retrouver le plaisir de reprendre une activit\u00e9 sportive<!--more-->.<\/p>\n<p style=\"color: #000000;\">Ouvert \u00e0 tous, femme, homme, jeune, senior, ad<img decoding=\"async\" class=\"image-article\" src=\"http:\/\/www.mairie09.paris.fr\/mairie09\/document?id=17217&amp;id_attribute=111\" alt=\"\" width=\"220\" align=\"right\" \/>ulte, le programme s&rsquo;organise en session de 12 semaines, au rythme d&rsquo;une s\u00e9ance par semaine encadr\u00e9e par un animateur. Ce dernier accompagne les participants tout au long de la session et s&rsquo;adapte au niveau de chacun gr\u00e2ce \u00e0 un Carnet Forme &amp; Sant\u00e9 remis en d\u00e9but de session et qui permet de visualiser les progr\u00e8s hebdomadaires de chaque participant.<\/p>\n<p style=\"color: #000000;\">A la fin de la session, une derni\u00e8re s\u00e9ance est organis\u00e9e pendant laquelle tous les coureurs r\u00e9alisent un certaine distance avec pour objectif de finir, pour importe le temps (deux niveaux : 5km et 10km).<\/p>\n<p style=\"color: #000000;\"><em>Je Cours Pour Ma Forme<\/em>\u00a0vous offre une opportunit\u00e9 unique de profiter d&rsquo;une activit\u00e9 de reprise sportive, dans une ambiance conviviale et port\u00e9e par la motivation de groupe. La premi\u00e8re session d\u00e9butera fin mars et les s\u00e9ances auront lieu tous les mercredis soirs, au Jardin des Tuileries. Pour en savoir plus et vous inscrire, rendez-vous directement en ligne sur\u00a0<a style=\"font-weight: bold; color: #5681c5;\" href=\"http:\/\/www.jecourspourmaforme.com\/\" target=\"_blank\" rel=\"noopener noreferrer\">www.jecourspourmaforme.com<\/a><\/p>\n","protected":false},"excerpt":{"rendered":"<p>Avec Je Cours Pour Ma Forme, programme d&rsquo;initiation \u00e0 la course \u00e0 pied, d\u00e9couvrez le plaisir de courir et ses bienfaits pour la sant\u00e9. Avec le soutien de la Mairie du 9e,\u00a0Je Cours Pour Ma Formevous accompagne tout au long&#8230;<\/p>\n","protected":false},"author":2,"featured_media":0,"comment_status":"open","ping_status":"open","sticky":false,"template":"","format":"standard","meta":{"ngg_post_thumbnail":0,"jetpack_post_was_ever_published":false,"_jetpack_newsletter_access":"","footnotes":""},"categories":[48],"tags":[],"class_list":["post-16494","post","type-post","status-publish","format-standard","hentry","category-sport"],"jetpack_featured_media_url":"","jetpack-related-posts":[{"id":19899,"url":"http:\/\/www.letourismeaparis.fr\/index.php\/2017\/05\/27\/du-7-au-9-juillet-second-square-summertime-au-carreau-du-temple\/","url_meta":{"origin":16494,"position":0},"title":"DU 7 AU 9 JUILLET   &quot;  SECOND SQUARE SUMMERTIME&quot;  au carreau du temple","author":"Fabienne TM","date":"27 mai 2017","format":false,"excerpt":"\u00a0 \u00a0 \u2666 Vendredi 7 juillet 18h-23h : Carr\u00e9-Concert Grand Format \u2666 Samedi 8 juillet 14h-19h : Ateliers, installations artistiques, performances, concerts, cours de sports XXL 18h30-00h : Grand Bal Swing avec orchestre live et Street market \u00a0 \u2666 Dimanche 9 juillet \u00a0 14h-22h : Ateliers, installations artistiques, performances, concerts,\u2026","rel":"","context":"Dans &quot;Non class\u00e9&quot;","block_context":{"text":"Non class\u00e9","link":"http:\/\/www.letourismeaparis.fr\/index.php\/category\/non-classe\/"},"img":{"alt_text":"","src":"","width":0,"height":0},"classes":[]},{"id":11519,"url":"http:\/\/www.letourismeaparis.fr\/index.php\/2012\/03\/10\/cours-dhistoire-de-lart-des-20e-et-21e-siecles-a-laz-mairie-du-xieme\/","url_meta":{"origin":16494,"position":1},"title":"Cours d\u2019histoire de l\u2019art des 20e et 21e si\u00e8cles \u00e0 la mairie du XI\u00e8me","author":"Fabienne TM","date":"10 mars 2012","format":false,"excerpt":"Un jeudi par mois, dans le cadre du programme culturel municipal transmission(s), Barbara Boehm explore cette ann\u00e9e les \u00ab techniques mises en \u0153uvres \u00bb dans l'art contemporain au travers de 10 sessions de cours gratuits et ouverts \u00e0 tous. le programme propose dix cours d'histoire de l'art des 20e et\u2026","rel":"","context":"Dans &quot;Non class\u00e9&quot;","block_context":{"text":"Non class\u00e9","link":"http:\/\/www.letourismeaparis.fr\/index.php\/category\/non-classe\/"},"img":{"alt_text":"","src":"","width":0,"height":0},"classes":[]},{"id":8238,"url":"http:\/\/www.letourismeaparis.fr\/index.php\/2010\/08\/03\/outdoor-summer-sessions-ateliers-dinitiation-artistique-du-batofar\/","url_meta":{"origin":16494,"position":2},"title":"\u00ab Outdoor Summer Sessions, ateliers d\u2019initiation artistique \u00bb du Batofar !","author":"Fabienne TM","date":"3 ao\u00fbt 2010","format":false,"excerpt":"\u00ab Outdoor Summer Sessions, ateliers d\u2019initiation artistique \u00bb du Batofar ! un programme vari\u00e9 d\u2019initiations artistiques ouvert \u00e0 tous permettra aux Parisiens et aux touristes, quel que soit leur \u00e2ge, de se familiariser au chant, aux arts du cirque, \u00e0 la danse ou encore aux arts plastiques. Tous les mardis,\u2026","rel":"","context":"Dans &quot;Non class\u00e9&quot;","block_context":{"text":"Non class\u00e9","link":"http:\/\/www.letourismeaparis.fr\/index.php\/category\/non-classe\/"},"img":{"alt_text":"","src":"","width":0,"height":0},"classes":[]},{"id":14031,"url":"http:\/\/www.letourismeaparis.fr\/index.php\/2013\/09\/26\/odyssea-ensemble-contre-le-cancer-du-sein-course-les-5-et-6-octobre\/","url_meta":{"origin":16494,"position":3},"title":"Odyssea ,ensemble contre le cancer du sein : course les 5 et 6 octobre","author":"Fabienne TM","date":"26 septembre 2013","format":false,"excerpt":"\u00a0 Samedi 5 Octobre: 1 km enfants D\u00e9part et arriv\u00e9e Route Dauphin\u00e9 15h00 pour les 5\/8 ans 15H15 pour les 9\/12 ans Dimanche 6 octobre: - 9H15 : d\u00e9part de la course 10 km (3 vagues de d\u00e9part se succ\u00e8deront espac\u00e9es de 5min) - 11h00 : d\u00e9part du 5km Course\u2026","rel":"","context":"Dans &quot;Familles&quot;","block_context":{"text":"Familles","link":"http:\/\/www.letourismeaparis.fr\/index.php\/category\/familles\/"},"img":{"alt_text":"","src":"","width":0,"height":0},"classes":[]},{"id":18492,"url":"http:\/\/www.letourismeaparis.fr\/index.php\/2016\/08\/12\/play-une-expo-pour-se-prendre-au-jeu-a-la-cite-de-la-mode-et-du-design-jusquau-21-aout\/","url_meta":{"origin":16494,"position":4},"title":"PLAY !  Une expo pour se prendre au jeu \u00c0 la cit\u00e9 de la Mode et du Design  Jusqu&#039;au 21 ao\u00fbt","author":"Fabienne TM","date":"12 ao\u00fbt 2016","format":false,"excerpt":"\u00a0 Faites chanter un arbuste, dansez avec des masques tribaux, construisiez votre propre ville, laissez-vous surprendre dans un \"escape game\" aux allures du cuisine, customisez le pelage d'animaux de la jungle, animez des dessins : c'est le programme de PLAY! expo ludique et interactive \u00e0 la cit\u00e9 de la Mode\u2026","rel":"","context":"Dans &quot;Familles&quot;","block_context":{"text":"Familles","link":"http:\/\/www.letourismeaparis.fr\/index.php\/category\/familles\/"},"img":{"alt_text":"","src":"","width":0,"height":0},"classes":[]},{"id":16893,"url":"http:\/\/www.letourismeaparis.fr\/index.php\/2015\/06\/29\/symposium-dhistoire-de-lart-mercredi-8-juillet-a-la-mairie-du-11-eme\/","url_meta":{"origin":16494,"position":5},"title":"Symposium d\u2019Histoire de l\u2019Art :  mercredi 8 juillet \u00e0 la mairie du 11 \u00e8me","author":"Fabienne TM","date":"29 juin 2015","format":false,"excerpt":"Chaque pr\u00e9sentation de 25 minutes sera suivie d'un quart d'heure consacr\u00e9 aux \u00e9changes et d\u00e9bats. PREMI\u00c8RE SESSION \/ L'UNIVERS FLAMBOYANT DE LA ROCAILLE 9h-9h30 \/ Le peintre Antoine Coypel (1661-1722) Par Nicole Garnier (conservateur g\u00e9n\u00e9ral du Patrimoine, mus\u00e9e de Chantilly) 9h45-10h15 \/ Rosalba Carriera et Antoine Watteau : regards crois\u00e9s\u2026","rel":"","context":"Dans &quot;Non class\u00e9&quot;","block_context":{"text":"Non class\u00e9","link":"http:\/\/www.letourismeaparis.fr\/index.php\/category\/non-classe\/"},"img":{"alt_text":"","src":"https:\/\/i0.wp.com\/www.letourismeaparis.fr\/wp-content\/uploads\/2015\/06\/symposium-212x300.jpeg?resize=350%2C200","width":350,"height":200},"classes":[]}],"jetpack_sharing_enabled":true,"jetpack_likes_enabled":true,"_links":{"self":[{"href":"http:\/\/www.letourismeaparis.fr\/index.php\/wp-json\/wp\/v2\/posts\/16494","targetHints":{"allow":["GET"]}}],"collection":[{"href":"http:\/\/www.letourismeaparis.fr\/index.php\/wp-json\/wp\/v2\/posts"}],"about":[{"href":"http:\/\/www.letourismeaparis.fr\/index.php\/wp-json\/wp\/v2\/types\/post"}],"author":[{"embeddable":true,"href":"http:\/\/www.letourismeaparis.fr\/index.php\/wp-json\/wp\/v2\/users\/2"}],"replies":[{"embeddable":true,"href":"http:\/\/www.letourismeaparis.fr\/index.php\/wp-json\/wp\/v2\/comments?post=16494"}],"version-history":[{"count":0,"href":"http:\/\/www.letourismeaparis.fr\/index.php\/wp-json\/wp\/v2\/posts\/16494\/revisions"}],"wp:attachment":[{"href":"http:\/\/www.letourismeaparis.fr\/index.php\/wp-json\/wp\/v2\/media?parent=16494"}],"wp:term":[{"taxonomy":"category","embeddable":true,"href":"http:\/\/www.letourismeaparis.fr\/index.php\/wp-json\/wp\/v2\/categories?post=16494"},{"taxonomy":"post_tag","embeddable":true,"href":"http:\/\/www.letourismeaparis.fr\/index.php\/wp-json\/wp\/v2\/tags?post=16494"}],"curies":[{"name":"wp","href":"https:\/\/api.w.org\/{rel}","templated":true}]}}