{"id":16499,"date":"2015-03-25T10:12:31","date_gmt":"2015-03-25T10:12:31","guid":{"rendered":"http:\/\/www.letourismeaparis.fr\/?p=16499"},"modified":"2015-03-25T10:12:31","modified_gmt":"2015-03-25T10:12:31","slug":"festival-dix-de-choeurs-du-samedi-21-au-dimanche-29-mars-2015-dans-le-10-eme","status":"publish","type":"post","link":"http:\/\/www.letourismeaparis.fr\/index.php\/2015\/03\/25\/festival-dix-de-choeurs-du-samedi-21-au-dimanche-29-mars-2015-dans-le-10-eme\/","title":{"rendered":"Festival Dix de choeurs ,du samedi 21 au dimanche 29 mars 2015 dans LE 10 \u00c8ME."},"content":{"rendered":"<p>SAMEDI 21 MARS<br \/>\n\u00e0 15h conservatoire Hector Berlioz &#8211; 6 rue Pierre Bullet 10\u00e8<br \/>\nEnsemble de jeunes voix Aposiop\u00e9e et ch\u0153ur des Polysons.<a href=\"http:\/\/www.letourismeaparis.fr\/wp-content\/uploads\/2015\/03\/10choeurs2015_120x150.png\"><img loading=\"lazy\" decoding=\"async\" class=\"aligncenter size-full wp-image-16500\" src=\"http:\/\/www.letourismeaparis.fr\/wp-content\/uploads\/2015\/03\/10choeurs2015_120x150.png\" alt=\"10choeurs2015_120x150\" width=\"120\" height=\"150\" \/><\/a><br \/>\n\u00e0 20h30 Espace Jemmapes &#8211; Sc\u00e8ne du Canal &#8211; 116 quai de Jemmapes 10\u00e8<br \/>\nHumour avec Les Voisinx et le ch\u0153ur Variatio<!--more--><br \/>\nDIMANCHE 22 MARS<br \/>\n\u00e0 17h Espace Jemmapes &#8211; Sc\u00e8ne du Canal &#8211; 116 quai de Jemmapes 10\u00e8<br \/>\nConcert swing et soul avec Inside Voices Paris et Soulmates<br \/>\nLUNDI 23 MARS<br \/>\n\u00e0 20h30 Eglise Saint Laurent &#8211; 68 Bd Magenta 10\u00e8<br \/>\nPi\u00e8ces sacr\u00e9es de Grieg avec Fiat Cantus et Liebesliederwalzer de Brahms avec le ch\u0153ur philarmonique du Ch\u0153ur et Orchestre des Grandes Ecoles.<br \/>\nMARDI 24 MARS<br \/>\n\u00e0 20h30 Chapelle de l\u2019H\u00f4pital Saint-Louis, 12 rue de la Grange-aux-Belles 10\u00e8<br \/>\n\u00ab\u00a0Singing overseas\u00a0\u00bb par le Ch\u0153ur Stella Maris et \u00ab\u00a0Canciones Gitanos\u00a0\u00bb de Mario Castelnuovo-Tedesco, bestiaire de No\u00ebl de Th. Machuel par System20+.<br \/>\nMERCREDI 25 MARS<br \/>\n\u00e0 20h30 Salle des F\u00eates de la Mairie du 10\u00e8 &#8211; 72 rue du Faubourg St Martin 10\u00e8<br \/>\nV\u00eapres de Rachmaninov et ch\u0153urs de la Cantate Moscou de Tcha\u00efkovski par Opus 21 et musique am\u00e9ricaine a capella par le ch\u0153ur de chambre de l\u2019acad\u00e9mie de musique.<br \/>\nJEUDI 26 MARS<br \/>\n\u00e0 20h30 Eglise Saint Joseph Artisan &#8211; 214 rue la Fayette 10\u00e8<br \/>\nChants autour de Shakespeare par le ch\u0153ur de chambre Arthemys et musiques des XX\u00e8 et XXI\u00e8 s. par l\u2019ensemble vocal Laeta Voce<br \/>\nVENDREDI 27 MARS<br \/>\n\u00e0 20h30 Eglise St Martin des Champs &#8211; 36 rue Albert Thomas 10\u00e8<br \/>\nPolyphonies Corses avec A Stonda et polyphonies b\u00e9arnaises par Las que cantan.<br \/>\nDimanche 29 MARS<br \/>\nA 17h Maison des Pratiques Artistiques Amateurs &#8211; 4 rue F\u00e9libien 6\u00e8 M\u00e9tro Mabillon<br \/>\nPolyphonies carib\u00e9ennes avec l\u2019ensemble vocal Shoublak et le Madrigal de Paris dans un programme Renaissance en Europe autour de du th\u00e8me de la nature.<\/p>\n","protected":false},"excerpt":{"rendered":"<p>SAMEDI 21 MARS \u00e0 15h conservatoire Hector Berlioz &#8211; 6 rue Pierre Bullet 10\u00e8 Ensemble de jeunes voix Aposiop\u00e9e et ch\u0153ur des Polysons. \u00e0 20h30 Espace Jemmapes &#8211; Sc\u00e8ne du Canal &#8211; 116 quai de Jemmapes 10\u00e8 Humour avec Les&#8230;<\/p>\n","protected":false},"author":2,"featured_media":0,"comment_status":"open","ping_status":"open","sticky":false,"template":"","format":"standard","meta":{"ngg_post_thumbnail":0,"jetpack_post_was_ever_published":false,"_jetpack_newsletter_access":"","footnotes":""},"categories":[39],"tags":[],"class_list":["post-16499","post","type-post","status-publish","format-standard","hentry","category-musique"],"jetpack_featured_media_url":"","jetpack-related-posts":[{"id":9738,"url":"http:\/\/www.letourismeaparis.fr\/index.php\/2011\/03\/25\/festival-10-de-choeurs-avec-les-chorales-amateurs-du-26-mars-au-3-avril\/","url_meta":{"origin":16499,"position":0},"title":"Festival \u00ab 10 de Ch\u0153urs \u00bb avec les chorales amateurs ,du 26 mars au 3 avril","author":"Fabienne TM","date":"25 mars 2011","format":false,"excerpt":"Le 10e arrondissement, depuis 15 ans, gr\u00e2ce \u00e0 l\u2019association CANAL, \u00e0 l\u2019association CRL10 \u2013 Espace Jemmapes et au soutien de la mairie du 10e, s\u2019est attach\u00e9 \u00e0 promouvoir la pratique artistique des chorales amateurs, non seulement de l\u2019arrondissement mais aussi de Paris et d\u2019ailleurs. Du 26 mars au 3 avril\u2026","rel":"","context":"Dans &quot;Non class\u00e9&quot;","block_context":{"text":"Non class\u00e9","link":"http:\/\/www.letourismeaparis.fr\/index.php\/category\/non-classe\/"},"img":{"alt_text":"","src":"","width":0,"height":0},"classes":[]},{"id":13043,"url":"http:\/\/www.letourismeaparis.fr\/index.php\/2013\/03\/21\/festival-10-de-choeurs-jusquau-24-mars-2013-a-paris-10eme-concerts-gratuits\/","url_meta":{"origin":16499,"position":1},"title":"Festival \u00ab 10 de Ch\u0153urs \u00bb  jusqu&#039;au 24 mars 2013 \u00e0 Paris 10\u00e8me (concerts gratuits)","author":"Fabienne TM","date":"21 mars 2013","format":false,"excerpt":"Ttous les styles sont repr\u00e9sent\u00e9s : du classique au baroque en passant par du contemporain, du latin-jazz, de la vari\u00e9t\u00e9 et du gospel. Une constante n\u00e9anmoins : la qualit\u00e9 ! Jeudi 21 mars - 20h30 - Salle St Charles, Maison des Jeunes de St Vincent de Paul, 12 rue Bossuet\u2026","rel":"","context":"Dans &quot;Festivals \/ Manifestations&quot;","block_context":{"text":"Festivals \/ Manifestations","link":"http:\/\/www.letourismeaparis.fr\/index.php\/category\/spectacle\/festival\/"},"img":{"alt_text":"","src":"https:\/\/i0.wp.com\/www.letourismeaparis.fr\/wp-content\/uploads\/2013\/03\/10-200x300.jpg?resize=350%2C200","width":350,"height":200},"classes":[]},{"id":8021,"url":"http:\/\/www.letourismeaparis.fr\/index.php\/2010\/06\/27\/voix-sur-berges-dimanche-27-juin-a-ne-pas-manquer-des-chorales-magnifiques\/","url_meta":{"origin":16499,"position":2},"title":"&quot;Voix sur berges&quot; dimanche 27 juin \u00e0 ne pas manquer ! des chorales magnifiques !","author":"Fabienne TM","date":"27 juin 2010","format":false,"excerpt":"Dimanche 27 juin de 14h \u00e0 20h sur les bords du canal Saint Martin ;la plus grande rencontre de chorales \u00ab a cappella \u00bb d\u2019Ile-de-France aura lieu\u00a0 dimanche 27 juin de 14h \u00e0 20h sur les quais du canal Saint-Martin Cette \u00e9dition des Voix Sur Berges r\u00e9unira 130 chorales et\u2026","rel":"","context":"Dans &quot;Non class\u00e9&quot;","block_context":{"text":"Non class\u00e9","link":"http:\/\/www.letourismeaparis.fr\/index.php\/category\/non-classe\/"},"img":{"alt_text":"","src":"","width":0,"height":0},"classes":[]},{"id":19467,"url":"http:\/\/www.letourismeaparis.fr\/index.php\/2017\/03\/24\/spectacle-phuphuma-love-minus-choeur-masculin-isicathamiya-afrique-du-sud-au-theatre-levi-strauss-quai-branly\/","url_meta":{"origin":16499,"position":3},"title":"SPECTACLE PHUPHUMA LOVE MINUS  Ch\u0153ur masculin Isicathamiya   au Th\u00e9atre Levi-Strauss ,Quai Branly","author":"Fabienne TM","date":"24 mars 2017","format":false,"excerpt":"Un beau spectacle,de tr\u00e8s belles voix, des spectateurs invit\u00e9s \u00e0 monter sur sc\u00e8ne .... Un chant traditionnel entra\u00eenant, une danse au pouvoir enivrant, pour un spectacle haut en couleur... Le ch\u0153ur PHUPHUMA LOVE MINUS tout droit venu d'Afrique du Sud, pose ses valises au mus\u00e9e du quai Branly - Jacques\u2026","rel":"","context":"Dans &quot;Cultures du Monde&quot;","block_context":{"text":"Cultures du Monde","link":"http:\/\/www.letourismeaparis.fr\/index.php\/category\/culture\/musees-expositions\/cultures-du-monde\/"},"img":{"alt_text":"","src":"https:\/\/i0.wp.com\/www.letourismeaparis.fr\/wp-content\/uploads\/2017\/02\/Capture-d%C3%A2%C2%80%C2%99e%C3%8C%C2%81cran-2017-02-07-a%C3%8C%C2%80-18.15.00-202x300.png?resize=350%2C200","width":350,"height":200},"classes":[]},{"id":17125,"url":"http:\/\/www.letourismeaparis.fr\/index.php\/2015\/09\/26\/paris-sans-voiture-dimanche-27-septembre\/","url_meta":{"origin":16499,"position":4},"title":"Paris sans voiture dimanche 27 septembre","author":"Fabienne TM","date":"26 septembre 2015","format":false,"excerpt":"Le 27 septembre, de 11h \u00e0 18h, les Parisiens sont invit\u00e9s \u00e0 limiter leurs d\u00e9placements en voiture pour pouvoir profiter le temps d'une journ\u00e9e, d'une ville plus calme et plus respirable. Les secteurs ferm\u00e9s \u00e0 la circulation Le p\u00e9rim\u00e8tre concerne les arrondissements centraux de la capitale (1er, 2e, 3e et\u2026","rel":"","context":"Dans &quot;Familles&quot;","block_context":{"text":"Familles","link":"http:\/\/www.letourismeaparis.fr\/index.php\/category\/familles\/"},"img":{"alt_text":"","src":"","width":0,"height":0},"classes":[]},{"id":8738,"url":"http:\/\/www.letourismeaparis.fr\/index.php\/2010\/09\/29\/lacademie-de-musique-un-orchestre-et-un-choeur-detudiants-unique-a-paris\/","url_meta":{"origin":16499,"position":5},"title":"L&#039;Acad\u00e9mie de musique : Un orchestre et un choeur d&#039;\u00e9tudiants unique \u00e0 Paris","author":"Fabienne TM","date":"29 septembre 2010","format":false,"excerpt":"L'Acad\u00e9mie de musique : Un orchestre et un choeur \u00e9tudiants unique \u00e0 Paris\u00a0 recrutent(choeur symphonique, choeur de chambre, choeur vocal) et vous proposent un programme int\u00e9resssant : En d\u00e9cembre 2010, 1re symphonie de Beethoven suivie de chants de no\u00ebl traditionnels interpr\u00e9t\u00e9s dans une version in\u00e9dite pour solistes, choeurs, harpe, grandes\u2026","rel":"","context":"Dans &quot;Non class\u00e9&quot;","block_context":{"text":"Non class\u00e9","link":"http:\/\/www.letourismeaparis.fr\/index.php\/category\/non-classe\/"},"img":{"alt_text":"","src":"","width":0,"height":0},"classes":[]}],"jetpack_sharing_enabled":true,"jetpack_likes_enabled":true,"_links":{"self":[{"href":"http:\/\/www.letourismeaparis.fr\/index.php\/wp-json\/wp\/v2\/posts\/16499","targetHints":{"allow":["GET"]}}],"collection":[{"href":"http:\/\/www.letourismeaparis.fr\/index.php\/wp-json\/wp\/v2\/posts"}],"about":[{"href":"http:\/\/www.letourismeaparis.fr\/index.php\/wp-json\/wp\/v2\/types\/post"}],"author":[{"embeddable":true,"href":"http:\/\/www.letourismeaparis.fr\/index.php\/wp-json\/wp\/v2\/users\/2"}],"replies":[{"embeddable":true,"href":"http:\/\/www.letourismeaparis.fr\/index.php\/wp-json\/wp\/v2\/comments?post=16499"}],"version-history":[{"count":0,"href":"http:\/\/www.letourismeaparis.fr\/index.php\/wp-json\/wp\/v2\/posts\/16499\/revisions"}],"wp:attachment":[{"href":"http:\/\/www.letourismeaparis.fr\/index.php\/wp-json\/wp\/v2\/media?parent=16499"}],"wp:term":[{"taxonomy":"category","embeddable":true,"href":"http:\/\/www.letourismeaparis.fr\/index.php\/wp-json\/wp\/v2\/categories?post=16499"},{"taxonomy":"post_tag","embeddable":true,"href":"http:\/\/www.letourismeaparis.fr\/index.php\/wp-json\/wp\/v2\/tags?post=16499"}],"curies":[{"name":"wp","href":"https:\/\/api.w.org\/{rel}","templated":true}]}}