{"id":16516,"date":"2015-03-27T18:20:08","date_gmt":"2015-03-27T18:20:08","guid":{"rendered":"http:\/\/www.letourismeaparis.fr\/?p=16516"},"modified":"2015-03-27T18:20:08","modified_gmt":"2015-03-27T18:20:08","slug":"latelier-radio-france-info-prend-ses-quartiers-au-coeur-de-la-place-carree-du-forum-des-halles","status":"publish","type":"post","link":"http:\/\/www.letourismeaparis.fr\/index.php\/2015\/03\/27\/latelier-radio-france-info-prend-ses-quartiers-au-coeur-de-la-place-carree-du-forum-des-halles\/","title":{"rendered":"l\u2019Atelier radio France Info prend ses quartiers au c\u0153ur de la Place Carr\u00e9e du Forum des Halles."},"content":{"rendered":"<p>Jusqu&rsquo; au samedi 28 mars, \u00e0 l\u2019occasion de la semaine de la presse et des m\u00e9dias dans l\u2019\u00e9cole, cet \u00e9v\u00e9nement, ouvert au public, invite petits et grands \u00e0 se mettre dans la peau de professionnels de la radio : journaliste, pr\u00e9sentateur, technicien\u2026<br \/>\n<!--more--><br \/>\nLe public pourra d\u00e9couvrir les coulisses de ce m\u00e9dia et s\u2019initier \u00e0 l\u2019art des questions\/r\u00e9ponses journalistiques. le public d\u00e9couvre l\u2019int\u00e9rieur d\u2019un studio radio, ses codes, son fonctionnement et la r\u00e9alisation d\u2019un journal.<br \/>\n. Le public est invit\u00e9 \u00e0 participer aux Ateliers radio France Info le samedi 28 mars de 10h \u00e0 18h.<!--more--><br \/>\n&nbsp;<br \/>\nParisiens et visiteurs sont attendus sur la Place Carr\u00e9e pour s\u2019inscrire \u00e0 ces ateliers et r\u00e9aliser, dans les conditions du direct, leur propre journal.<br \/>\n&nbsp;<br \/>\nUn poste diff\u00e9rent sera assign\u00e9 \u00e0 chaque participant : lancement des sujets et des reportages, r\u00e9alisation d\u2019interviews, pr\u00e9sentation de la m\u00e9t\u00e9o\u2026 D\u2019autres s\u2019occuperont de la partie technique : gestion des ouvertures micros, lancement des jingles et des promotions \u00e0 l\u2019antenne entre les journalistes et techniciens<br \/>\nAtelier radio France Info samedi 28 mars, de 10h \u00e0 18h, Place Carr\u00e9e du Forum des Halles France Info en direct de la Place Carr\u00e9e du Forum des Halles : Acc\u00e8s ouvert au public (\u00e0 partir de 7 ans) : \u00a0samedi 28 mars Par groupes de 8 personnes, pour 45 minutes par atelier (30 minutes de brief, 10 min de direct et 5 min de debrief). Inscriptions libres et gratuites directement \u00e0 l\u2019Atelier .<\/p>\n","protected":false},"excerpt":{"rendered":"<p>Jusqu&rsquo; au samedi 28 mars, \u00e0 l\u2019occasion de la semaine de la presse et des m\u00e9dias dans l\u2019\u00e9cole, cet \u00e9v\u00e9nement, ouvert au public, invite petits et grands \u00e0 se mettre dans la peau de professionnels de la radio : journaliste,&#8230;<\/p>\n","protected":false},"author":2,"featured_media":0,"comment_status":"open","ping_status":"open","sticky":false,"template":"","format":"standard","meta":{"ngg_post_thumbnail":0,"jetpack_post_was_ever_published":false,"_jetpack_newsletter_access":"","footnotes":""},"categories":[1],"tags":[],"class_list":["post-16516","post","type-post","status-publish","format-standard","hentry","category-non-classe"],"jetpack_featured_media_url":"","jetpack-related-posts":[{"id":24739,"url":"http:\/\/www.letourismeaparis.fr\/index.php\/2022\/06\/08\/jardins-jardin-aux-tuileries-du-8-au-12-juin\/","url_meta":{"origin":16516,"position":0},"title":"Jardins, jardin  aux Tuileries du 8 au 12 juin","author":"Fabienne TM","date":"8 juin 2022","format":false,"excerpt":"Jardins, jardin est un \u00e9v\u00e8nement d\u00e9di\u00e9 au jardin, pour professionnels et grand public. Un \u00e9v\u00e9nement unique dans un \u00e9crin de verdure. LES JARDINS EXTRAORDINAIRES Pour que vous \u00e9criviez un moment heureux de votre histoire dans ce jardin historique, Jardins, jardin cr\u00e9e, une semaine durant, un jardin extraordinaire. 1 700 des\u2026","rel":"","context":"Dans &quot;Jardins \/ Plein air&quot;","block_context":{"text":"Jardins \/ Plein air","link":"http:\/\/www.letourismeaparis.fr\/index.php\/category\/jardins\/"},"img":{"alt_text":"","src":"https:\/\/i0.wp.com\/www.letourismeaparis.fr\/wp-content\/uploads\/2022\/06\/Capture-d%E2%80%99e%CC%81cran-2022-06-08-a%CC%80-15.45.37.png?resize=350%2C200","width":350,"height":200},"classes":[]},{"id":10408,"url":"http:\/\/www.letourismeaparis.fr\/index.php\/2011\/06\/03\/8e-edition-dentrez-dans-la-danse-de-nombreux-spectacles-gratuits-dimanche-5-juin\/","url_meta":{"origin":16516,"position":1},"title":"8e \u00e9dition d&#039;&quot;Entrez dans la danse&quot; : de nombreux spectacles gratuits , dimanche 5 juin","author":"Fabienne TM","date":"3 juin 2011","format":false,"excerpt":"\u00ab Entrez dans la danse \u00bb vous donne rendez-vous le dimanche 5 juin de 14h \u00e0 23h. Paris et notamment le quartier Bercy deviendront le cadre sc\u00e9nique de 200 artistes qui vous feront (re)d\u00e9couvrir la danse \u00e0 travers plus de 50 spectacles gratuits et 18 ateliers d'initiations. Pr\u00e9sentation de plus\u2026","rel":"","context":"Dans &quot;Non class\u00e9&quot;","block_context":{"text":"Non class\u00e9","link":"http:\/\/www.letourismeaparis.fr\/index.php\/category\/non-classe\/"},"img":{"alt_text":"","src":"","width":0,"height":0},"classes":[]},{"id":18645,"url":"http:\/\/www.letourismeaparis.fr\/index.php\/2016\/09\/13\/journees-europeennes-du-patrimoine-portes-ouvertes-a-la-maison-de-la-radio-les-17-18-septembre-2016\/","url_meta":{"origin":16516,"position":2},"title":"JOURN\u00c9ES EUROP\u00c9ENNES DU PATRIMOINE    Portes ouvertes \u00e0 la Maison de la radio les 17 &amp; 18 septembre 2016","author":"Fabienne TM","date":"13 septembre 2016","format":false,"excerpt":"\u00a0 A l\u2019occasion des Journ\u00e9es europ\u00e9ennes du patrimoine, qui se tiendront les samedi 17 et dimanche 18 septembre 2016, Radio France ouvre ses portes pour vous faire vivre une exp\u00e9rience unique et conviviale. \u00c0 partir de 9h30, venez explorer les coulisses de la Maison de la radio, b\u00e2timent embl\u00e9matique du\u2026","rel":"","context":"Dans &quot;Non class\u00e9&quot;","block_context":{"text":"Non class\u00e9","link":"http:\/\/www.letourismeaparis.fr\/index.php\/category\/non-classe\/"},"img":{"alt_text":"","src":"","width":0,"height":0},"classes":[]},{"id":14327,"url":"http:\/\/www.letourismeaparis.fr\/index.php\/2013\/12\/14\/concert-pour-les-50-ans-de-la-maison-de-la-radio-samedi-17-decembre-20h-sur-le-parvis-de-la-maison-de-la-radio\/","url_meta":{"origin":16516,"position":3},"title":"Concert pour les 50 ans de la maison de la radio  samedi 17 d\u00e9cembre \u00e0 20h sur le parvis de la maison de la radio","author":"Fabienne TM","date":"14 d\u00e9cembre 2013","format":false,"excerpt":"LE 17 D\u00c9CEMBRE LA MAISON DE LA RADIO F\u00caTE SES 50ANS. SUIVEZ LES CONCERTS EN DIRECT ET EN VID\u00c9O \u00ab A tant d\u2019id\u00e9es, de mots, d\u2019images, de sons lanc\u00e9s sur les ondes merveilleuses\u2026fallait-il une maison ? Oui ! \u00bb\u00a0d\u00e9clarait le\u00a0g\u00e9n\u00e9ral de Gaulle\u00a0lors de l\u2019inauguration de la maison de Radio France\u2026","rel":"","context":"Dans &quot;Non class\u00e9&quot;","block_context":{"text":"Non class\u00e9","link":"http:\/\/www.letourismeaparis.fr\/index.php\/category\/non-classe\/"},"img":{"alt_text":"","src":"","width":0,"height":0},"classes":[]},{"id":1384,"url":"http:\/\/www.letourismeaparis.fr\/index.php\/2009\/01\/11\/les-concerts-pedagogiques-a-radio-france\/","url_meta":{"origin":16516,"position":4},"title":"Les concerts p\u00e9dagogiques \u00e0 Radio France","author":"Fabienne TM","date":"11 janvier 2009","format":false,"excerpt":"Connaissez vous les concerts p\u00e9dagogiques(adultes et enfants \u00e0 partir de 7 ans) de Jean-Francois Zygel ? Celui-ci commentera prochainement \u00e0 la Salle Olivier Messiaen de la Maison de la Radio le samedi 17 janvier \u00e0 11h..... Britten samedi 7 f\u00e9vrier \u00e0 11h : Variations susr un th\u00e8me de Franck Bridge\u2026","rel":"","context":"Dans &quot;Non class\u00e9&quot;","block_context":{"text":"Non class\u00e9","link":"http:\/\/www.letourismeaparis.fr\/index.php\/category\/non-classe\/"},"img":{"alt_text":"","src":"","width":0,"height":0},"classes":[]},{"id":17246,"url":"http:\/\/www.letourismeaparis.fr\/index.php\/2015\/10\/17\/kidexpo-porte-de-versailles-a-paris\/","url_meta":{"origin":16516,"position":5},"title":"&quot;Kidexpo&quot;  porte de Versailles  \u00e0 Paris","author":"Fabienne TM","date":"17 octobre 2015","format":false,"excerpt":"jusqu'au 21 octobre 2015, le rendez-vous incontournable pour les familles, o\u00f9 les parents font le plein d\u2019id\u00e9es et de solutions dans tous les domaines : \u00e9ducation, vie pratique, sports, vacances\u2026 Les familles peuvent participer \u00e0 une centaine d\u2019ateliers ludiques et p\u00e9dagogiques. Kidexpo est \u00e9galement l\u2019occasion de d\u00e9couvrir et tester en\u2026","rel":"","context":"Dans &quot;Familles&quot;","block_context":{"text":"Familles","link":"http:\/\/www.letourismeaparis.fr\/index.php\/category\/familles\/"},"img":{"alt_text":"","src":"https:\/\/i0.wp.com\/www.letourismeaparis.fr\/wp-content\/uploads\/2015\/10\/F_c15dc0c4ce17f248d7919a299576ef4f55dee908d0098-300x225.jpg?resize=350%2C200","width":350,"height":200},"classes":[]}],"jetpack_sharing_enabled":true,"jetpack_likes_enabled":true,"_links":{"self":[{"href":"http:\/\/www.letourismeaparis.fr\/index.php\/wp-json\/wp\/v2\/posts\/16516","targetHints":{"allow":["GET"]}}],"collection":[{"href":"http:\/\/www.letourismeaparis.fr\/index.php\/wp-json\/wp\/v2\/posts"}],"about":[{"href":"http:\/\/www.letourismeaparis.fr\/index.php\/wp-json\/wp\/v2\/types\/post"}],"author":[{"embeddable":true,"href":"http:\/\/www.letourismeaparis.fr\/index.php\/wp-json\/wp\/v2\/users\/2"}],"replies":[{"embeddable":true,"href":"http:\/\/www.letourismeaparis.fr\/index.php\/wp-json\/wp\/v2\/comments?post=16516"}],"version-history":[{"count":0,"href":"http:\/\/www.letourismeaparis.fr\/index.php\/wp-json\/wp\/v2\/posts\/16516\/revisions"}],"wp:attachment":[{"href":"http:\/\/www.letourismeaparis.fr\/index.php\/wp-json\/wp\/v2\/media?parent=16516"}],"wp:term":[{"taxonomy":"category","embeddable":true,"href":"http:\/\/www.letourismeaparis.fr\/index.php\/wp-json\/wp\/v2\/categories?post=16516"},{"taxonomy":"post_tag","embeddable":true,"href":"http:\/\/www.letourismeaparis.fr\/index.php\/wp-json\/wp\/v2\/tags?post=16516"}],"curies":[{"name":"wp","href":"https:\/\/api.w.org\/{rel}","templated":true}]}}