{"id":16529,"date":"2015-04-02T19:41:33","date_gmt":"2015-04-02T19:41:33","guid":{"rendered":"http:\/\/www.letourismeaparis.fr\/?p=16529"},"modified":"2015-04-02T19:41:33","modified_gmt":"2015-04-02T19:41:33","slug":"des-conferences-musicales-a-paris-bellini-mairie-du-11-eme-liszttheatre-de-lile-saint-louis","status":"publish","type":"post","link":"http:\/\/www.letourismeaparis.fr\/index.php\/2015\/04\/02\/des-conferences-musicales-a-paris-bellini-mairie-du-11-eme-liszttheatre-de-lile-saint-louis\/","title":{"rendered":"Des conf\u00e9rences musicales \u00e0 Paris : Bellini (mairie du 11 \u00e8me), Liszt(th\u00e9atre de l&#039;\u00eele saint louis)"},"content":{"rendered":"<p><strong>\u00a0Vincenzo Bellini (1801-1835)<\/strong><br \/>\nmercredi 15 avril : une conf\u00e9rence consacr\u00e9e \u00e0 Vincenzo Bellini et \u00e0 son \u0153uvre majeure : Norma<br \/>\nMaestro dans l\u2019art du \u00ab\u00a0bel canto romantique\u00a0\u00bb, Bellini appartient \u00e0 la grande triade des compositeurs d\u2019op\u00e9ras pr\u00e9-verdiens avec Rossini et Donizetti. Tr\u00e8s souvent caract\u00e9ris\u00e9 par ses contemporains de \u00ab c\u00e9r\u00e9bral \u00bb, son style fut admir\u00e9 notamment par Chopin, Verdi et Wagner.<!--more--><br \/>\nAvec Norma, Vincenzo Bellini met en sc\u00e8ne une v\u00e9ritable communion avec la mort, tirant son origine d\u2019une trag\u00e9die fran\u00e7aise sign\u00e9e Soumet. Le r\u00f4le titre &#8211; sp\u00e9cialement con\u00e7u pour la voix de Giuditta Pasta &#8211; est un r\u00f4le \u00ab tragico-sublime \u00bb exigeant une tessiture tr\u00e8s \u00e9tendue. Par l\u2019art de la \u00ab m\u00e9lodie lunghe \u00bb, l\u2019ornementation s\u2019int\u00e8gre parfaitement au chant, ce qui permet au compositeur de traduire au mieux l\u2019\u00e9volution psychologique de Norma qui, d\u00e9chir\u00e9e entre les amours divin, humain, filial, maternel et patriotique, entre un d\u00e9sir d\u2019asc\u00e8se et l\u2019appel de la chair, finit par s\u2019immoler avec Pollione, cet homme parjure et repenti pour qui elle a trahi son v\u0153u de chastet\u00e9.<br \/>\nUne conf\u00e9rence anim\u00e9e par G\u00e9rard Sutton, musicologue, professeur d\u2019histoire de la musique au CRR de Saint-Maur-des-Foss\u00e9s, \u00e0 la Schola Cantorum et au Conservatoire du 11e arrondissement de Paris.<br \/>\n<strong>Mercredi 15 avril \u00e0 19h30<\/strong><br \/>\n<strong>Vincenzo Bellini\u00a0(1801-1835) : Norma (1831)<\/strong><br \/>\n<strong>Mairie du 11e \u2013 salle des mariages<\/strong><br \/>\nEntr\u00e9e libre<!--more--><br \/>\nAllicent Ratzlaff<br \/>\nPatrick Laval<br \/>\n<strong style=\"font-style: inherit;\">\u201cLiszt l&rsquo;Archange &#8230; entre ciel et terre\u201d<\/strong>\u00a0le texte \u00e9crit par Dominique Xardel et Patrick Laval \u00e9voque la vie de Franz Liszt \u00e0 travers ses oeuvres qui seront interpr\u00e9t\u00e9es au piano et certaines chant\u00e9es simultan\u00e9ment par la concertiste Allicent Ratzlaff. LI<strong style=\"font-style: inherit;\">SZ<\/strong>T the BE<strong style=\"font-style: inherit;\">SZ<\/strong>T : \u00a0\u00bb Ce si\u00e8cle avait deux ans ! Rome rempla\u00e7ait Sparte, d\u00e9j\u00e0 Napol\u00e9on per\u00e7ait sous Bonaparte \u201d avait \u00e9crit Victor Hugo. N\u00e9 \u00e0 Doborj\u00e1n \u2026<br \/>\nR\u00e9servation 01 46 33 48 65<br \/>\n&nbsp;<br \/>\n39 Quai d\u2019Anjou dans le 4e arrondissement de Paris.<br \/>\n&nbsp;<br \/>\n&nbsp;<\/p>\n","protected":false},"excerpt":{"rendered":"<p>\u00a0Vincenzo Bellini (1801-1835) mercredi 15 avril : une conf\u00e9rence consacr\u00e9e \u00e0 Vincenzo Bellini et \u00e0 son \u0153uvre majeure : Norma Maestro dans l\u2019art du \u00ab\u00a0bel canto romantique\u00a0\u00bb, Bellini appartient \u00e0 la grande triade des compositeurs d\u2019op\u00e9ras pr\u00e9-verdiens avec Rossini et&#8230;<\/p>\n","protected":false},"author":2,"featured_media":0,"comment_status":"open","ping_status":"open","sticky":false,"template":"","format":"standard","meta":{"ngg_post_thumbnail":0,"jetpack_post_was_ever_published":false,"_jetpack_newsletter_access":"","footnotes":""},"categories":[39],"tags":[],"class_list":["post-16529","post","type-post","status-publish","format-standard","hentry","category-musique"],"jetpack_featured_media_url":"","jetpack-related-posts":[{"id":24468,"url":"http:\/\/www.letourismeaparis.fr\/index.php\/2021\/11\/30\/les-grandes-voix-a-la-philharmonie-juan-diego-florez-vincenzo-scalera\/","url_meta":{"origin":16529,"position":0},"title":"\u00ab\u00a0LES GRANDES  VOIX\u00a0\u00bb  \u00c0 LA PHILHARMONIE Juan Diego Fl\u00f3rez &#038; Vincenzo Scalera.","author":"Fabienne TM","date":"30 novembre 2021","format":false,"excerpt":"Vendredi 3 d\u00e9cembre 2021 \/ 20h30 Philharmonie de Paris \/ Grande salle Pierre Boulez T\u00e9nor acclam\u00e9 dans le monde entier pour son immense talent de bel-cantiste allant de pair avec un charisme ravageur, Juan Diego Fl\u00f3rez pr\u00e9sente cette ann\u00e9e aux c\u00f4t\u00e9s de son fid\u00e8le compagnon Vincenzo Scalera un r\u00e9cital au\u2026","rel":"","context":"Dans &quot;Concerts \/ Musique&quot;","block_context":{"text":"Concerts \/ Musique","link":"http:\/\/www.letourismeaparis.fr\/index.php\/category\/culture\/concerts-musique\/"},"img":{"alt_text":"","src":"","width":0,"height":0},"classes":[]},{"id":9150,"url":"http:\/\/www.letourismeaparis.fr\/index.php\/2010\/12\/13\/rencontres-musicales-de-puteaux-2010-du-13-au-18-decembre\/","url_meta":{"origin":16529,"position":1},"title":"Rencontres Musicales de Puteaux 2010 jusqu&#039;au 18 d\u00e9cembre","author":"Fabienne TM","date":"13 d\u00e9cembre 2010","format":false,"excerpt":"Mardi 14 d\u00e9cembre 2010 de 15h \u00e0 18h Palais de la Culture Master Class de June Anderson Mardi 14 d\u00e9cembre 2010 \u00e0 20h45 Th\u00e9\u00e2tre des Hauts de Seine Feu Sacr\u00e9 Dans le cadre de l'ann\u00e9e Chopin, MACHA MERIL et MARC LAFORET. Musique de Fred\u00e9ric CHOPIN Textes George Sand Concert suivi\u2026","rel":"","context":"Dans &quot;Non class\u00e9&quot;","block_context":{"text":"Non class\u00e9","link":"http:\/\/www.letourismeaparis.fr\/index.php\/category\/non-classe\/"},"img":{"alt_text":"","src":"","width":0,"height":0},"classes":[]},{"id":23823,"url":"http:\/\/www.letourismeaparis.fr\/index.php\/2019\/11\/20\/hibla-gerzmava-lundi-25-novembre-20h30-salle-gaveau\/","url_meta":{"origin":16529,"position":2},"title":"Hibla Gerzmava Lundi 25 novembre \/ 20h30 Salle Gaveau","author":"Fabienne TM","date":"20 novembre 2019","format":false,"excerpt":"ROMANCES ET GRANDS AIRS D\u2019OP\u00c9RAS Hibla Gerzmava, soprano Ekaterina Ganelina, direction Romances et airs d'op\u00e9ras de MIKHAIL GLINKA NIKOLA\u00cf RIMSKY-KORSAKOV PIOTR ILITCH TCHA\u00cfKOVSKI SERGUE\u00cf RACHMANINOV GAETANO DONIZETTI REYNALDO HAHN GIUSEPPE VERDI GABRIEL FAURE VINCENZO BELLINI https:\/\/lesgrandesvoix.fr\/portfolio\/hibla-gerzmava-salle-gaveau-25-novembre-2019\/ Hibla Gerzmava compte parmi les tr\u00e8s grandes voix des sc\u00e8nes lyriques internationales, abordant avec\u2026","rel":"","context":"Dans &quot;Non class\u00e9&quot;","block_context":{"text":"Non class\u00e9","link":"http:\/\/www.letourismeaparis.fr\/index.php\/category\/non-classe\/"},"img":{"alt_text":"","src":"","width":0,"height":0},"classes":[]},{"id":21689,"url":"http:\/\/www.letourismeaparis.fr\/index.php\/2018\/11\/29\/gala-bel-canto-a-la-philharmonie-le-11-decembre-airs-doperas-de-bellini-donizetti-rossini-et-bizet-2\/","url_meta":{"origin":16529,"position":3},"title":"Gala&quot; Bel Canto&quot; \u00e0 la philharmonie le 11 d\u00e9cembre  : Airs d\u2019op\u00e9ras de BELLINI, DONIZETTI, ROSSINI et BIZET","author":"Fabienne TM","date":"29 novembre 2018","format":false,"excerpt":"Les grandes l\u00e9gendes du bel canto fascinent le public depuis deux si\u00e8cles. Elles ont fait \u00e9cole, et la nouvelle g\u00e9n\u00e9ration d'artistes montre un talent extraordinaire. Du c\u00f4t\u00e9 des chanteurs fran\u00e7ais, la soprano Ang\u00e9lique Boudeville, membre de l'Acad\u00e9mie de l'Op\u00e9ra national de Paris, commence une belle carri\u00e8re. R\u00e9put\u00e9 dans les r\u00f4les\u2026","rel":"","context":"Dans &quot;Musique&quot;","block_context":{"text":"Musique","link":"http:\/\/www.letourismeaparis.fr\/index.php\/category\/culture\/concerts-musique\/musique\/"},"img":{"alt_text":"","src":"","width":0,"height":0},"classes":[]},{"id":23694,"url":"http:\/\/www.letourismeaparis.fr\/index.php\/2019\/10\/18\/les-grandes-voixles-grands-solistes-a-la-philharmonie-et-a-la-salle-gaveau-en-octobre-et-novembre\/","url_meta":{"origin":16529,"position":4},"title":"\u00ab\u00a0Les grandes voix\u00a0\u00bb,\u00a0\u00bbles grands solistes\u00a0\u00bb \u00e0 la Philharmonie et \u00e0 la salle Gaveau  en  octobre et novembre","author":"Fabienne TM","date":"18 octobre 2019","format":false,"excerpt":"El\u012bna Garan\u010da . Lundi 14 octobre \/ 20hTh\u00e9\u00e2tre des Champs-\u00c9lys\u00e9es MEZZO DE VELOURS El\u012bna Garan\u010da, mezzo-sopranoet\u00a0Karel Mark Chichon,\u00a0direction Deutsche Staatsphilharmonie\u00a0Rheinland-Pfalz Airs d'op\u00e9rasGIUSEPPE VERDI\u00a0Don CarloFRANCESCO CILEA\u00a0Adriana LecouvreurM\u00e9lodies et airs de zarzuelasEDVARD GRIEGSTANISLAO GASTALDONROSENDO MATO \/ CASTELAOCARLOS GARDELPABLO SOROZ\u00c1BAL Juan Diego Fl\u00f3rez . Lundi 18 novembre \/ 20h30 Philharmonie de Paris .\u2026","rel":"","context":"Dans &quot;Concert&quot;","block_context":{"text":"Concert","link":"http:\/\/www.letourismeaparis.fr\/index.php\/category\/culture\/concerts-musique\/concert\/"},"img":{"alt_text":"","src":"","width":0,"height":0},"classes":[]},{"id":24569,"url":"http:\/\/www.letourismeaparis.fr\/index.php\/2022\/01\/29\/les-grandes-voix-les-14-et-16-fevrier-a-paris\/","url_meta":{"origin":16529,"position":5},"title":"LES GRANDES VOIX  les 14 et 16 f\u00e9vrier \u00e0 Paris","author":"Fabienne TM","date":"29 janvier 2022","format":false,"excerpt":"LES GRANDES VOIX \u00e0 Paris deux belles soir\u00e9es en perspective Unis par une belle complicit\u00e9, Roberto Alagna et Aleksandra Kurzak pr\u00e9sentent \u00e0 la Philharmonie de Paris de grands airs et duos de l\u2019op\u00e9ra italien, de Bellini \u00e0 Mascagni en passant par Puccini et Verdi, mais \u00e9galement le beau duo final\u2026","rel":"","context":"Dans &quot;Concert&quot;","block_context":{"text":"Concert","link":"http:\/\/www.letourismeaparis.fr\/index.php\/category\/culture\/concerts-musique\/concert\/"},"img":{"alt_text":"","src":"","width":0,"height":0},"classes":[]}],"jetpack_sharing_enabled":true,"jetpack_likes_enabled":true,"_links":{"self":[{"href":"http:\/\/www.letourismeaparis.fr\/index.php\/wp-json\/wp\/v2\/posts\/16529","targetHints":{"allow":["GET"]}}],"collection":[{"href":"http:\/\/www.letourismeaparis.fr\/index.php\/wp-json\/wp\/v2\/posts"}],"about":[{"href":"http:\/\/www.letourismeaparis.fr\/index.php\/wp-json\/wp\/v2\/types\/post"}],"author":[{"embeddable":true,"href":"http:\/\/www.letourismeaparis.fr\/index.php\/wp-json\/wp\/v2\/users\/2"}],"replies":[{"embeddable":true,"href":"http:\/\/www.letourismeaparis.fr\/index.php\/wp-json\/wp\/v2\/comments?post=16529"}],"version-history":[{"count":0,"href":"http:\/\/www.letourismeaparis.fr\/index.php\/wp-json\/wp\/v2\/posts\/16529\/revisions"}],"wp:attachment":[{"href":"http:\/\/www.letourismeaparis.fr\/index.php\/wp-json\/wp\/v2\/media?parent=16529"}],"wp:term":[{"taxonomy":"category","embeddable":true,"href":"http:\/\/www.letourismeaparis.fr\/index.php\/wp-json\/wp\/v2\/categories?post=16529"},{"taxonomy":"post_tag","embeddable":true,"href":"http:\/\/www.letourismeaparis.fr\/index.php\/wp-json\/wp\/v2\/tags?post=16529"}],"curies":[{"name":"wp","href":"https:\/\/api.w.org\/{rel}","templated":true}]}}