{"id":16536,"date":"2015-04-03T16:48:32","date_gmt":"2015-04-03T16:48:32","guid":{"rendered":"http:\/\/www.letourismeaparis.fr\/?p=16536"},"modified":"2020-12-01T13:49:08","modified_gmt":"2020-12-01T12:49:08","slug":"une-escapade-a-auvers-sur-oise-avec-van-gogh-les-impressionistes-des-artistes-contemporains","status":"publish","type":"post","link":"http:\/\/www.letourismeaparis.fr\/index.php\/2015\/04\/03\/une-escapade-a-auvers-sur-oise-avec-van-gogh-les-impressionistes-des-artistes-contemporains\/","title":{"rendered":"Une escapade \u00e0 Auvers sur Oise avec Van Gogh, les impressionistes, des artistes contemporains &#8230;.."},"content":{"rendered":"<p><strong>Vincent van Gogh dans son intimit\u00e9<\/strong><br \/>\n<strong>les 4, 17 et 18 avril 2015\u00a0et\u00a015, 16, 29 et 30 mai 2015<\/strong><br \/>\nVisitez le village d\u2019Auvers-sur-Oise avec Vincent van Gogh et ses amis comme guides !<br \/>\n2\u00a0com\u00e9diens de la compagnie \u00ab\u00a0Les Compagnons d\u2019Ulysse\u00a0\u00bb Antoine de Giuli et Jean-Baptiste Siaussat, joueront <a href=\"http:\/\/www.letourismeaparis.fr\/wp-content\/uploads\/2015\/04\/Promenade-VG-2015-Affiche-214x300.jpg\"><img loading=\"lazy\" decoding=\"async\" class=\"aligncenter size-full wp-image-16538\" src=\"http:\/\/www.letourismeaparis.fr\/wp-content\/uploads\/2015\/04\/Promenade-VG-2015-Affiche-214x300.jpg\" alt=\"Promenade-VG-2015-Affiche-214x300\" width=\"214\" height=\"300\" \/><\/a>pour vous la correspondance du grand peintre et celle de ses proches : son fr\u00e8re Th\u00e9o, ses amis Paul Gauguin et <!--more-->Emile Bernard\u2026<!--more--><br \/>\nDurant 1h15 vous rentrerez dans l\u2019intimit\u00e9 de l\u2019artiste gr\u00e2ce \u00e0 une s\u00e9lection de quelques lettres les plus marquantes de sa vie.<br \/>\nR\u00e9servation au 01 34 48 48 48 ou sur Fnac.com<!--more--><br \/>\n&nbsp;<\/p>\n<h2>CH\u00c2TEAU D&rsquo;AUVERS SUR OISE \u00ab\u00a0VOYAGE AU TEMPS DES IMPRESSIONNISTES\u00a0\u00bb<\/h2>\n<p>Le Ch\u00e2teau d&rsquo;Auvers, construit au XVIIe si\u00e8cle pour un banquier italien de la suite de Marie de M\u00e9dicis est achet\u00e9 en 1987 par le Conseil g\u00e9n\u00e9ral du Val dOise. Restaur\u00e9, il ouvre au public en 1994. Gr\u00e2ce au\u00a0<strong>parcours multim\u00e9dia \u00ab\u00a0Voyage au temps des Impressionnistes\u00a0\u00bb<\/strong>\u00a0&#8211; vibrant hommage aux peintres de la seconde moiti\u00e9 du XIXe si\u00e8cle -, aux expositions temporaires, \u00e0 l&rsquo;\u00e9cole d&rsquo;Art floral de renomm\u00e9e europ\u00e9enne, aux Irisiades et aux nombreuses animations et activit\u00e9s p\u00e9dagogiques ou culturelles, le Ch\u00e2teau d&rsquo;Auvers attire chaque ann\u00e9e plus de 70 000 visiteurs, fran\u00e7ais et \u00e9trangers. Il est situ\u00e9 \u00e0 30 minutes de la capitale, acc\u00e8s direct en train depuis la Gare du Nord d&rsquo;avril \u00e0 octobre les samedis, dimanches et jours f\u00e9ri\u00e9s.<!--more--><br \/>\n<strong>Sur les pas de Van Gogh<\/strong>\u00a0<strong>\u00bb &#8211; Du 4 Avril au 20 Septembre<\/strong><br \/>\n<strong>-Ch\u00e2teau d&rsquo;Auvers<\/strong>\u00a0<strong>(L&rsquo;Orangerie)<\/strong><br \/>\nExposition-Immersion \u00ab The Van Gogh Experience \u00e0 l&rsquo;Orangerie Sud \u00bb<br \/>\nC&rsquo;est un regard cr\u00e9atif et artistique qui est port\u00e9 sur les 70 derniers jours de la vie de Vincent van Gogh \u00e0 Auvers-sur-Oise. Le collectif d&rsquo;artistes professionnels, choisi et anim\u00e9 par Arnaud Rabier Nowart, s&rsquo;attache \u00e0 \u00e9voquer les diff\u00e9rentes facettes de ce personnage hors du commun.Art in space, light painting, anamorphoses&#8230;<br \/>\n<strong>-Maison du Dr Gachet :<\/strong><br \/>\nExposition \u00ab Goupil \u00e9diteur et marchand d&rsquo;art &#8211; De G\u00e9r\u00f4me aux fr\u00e8res Van Gogh \u00bb Cette exposition se justifie pleinement par l&rsquo;histoire de la maison du Dr Gachet, la pratique et le go\u00fbt du c\u00e9l\u00e8bre m\u00e9decin pour la gravure et les liens qui unissaient la maison Goupil aux deux fr\u00e8res Van Gogh.<br \/>\n<strong>-Mus\u00e9e Daubigny :<\/strong><br \/>\nExposition \u00ab Un certain regard sur Vincent van Gogh : Minnelli, Kurosawa, Pialat \u00bb (<br \/>\nle mus\u00e9e Daubigny vous invite \u00e0 d\u00e9couvrir la perception de trois cin\u00e9astes surl&rsquo;artiste et l&rsquo;homme : flamboyance de Minnelli, onirisme de Kurosawa et m\u00e9lancolie sourde de Pialat.<br \/>\n<strong>&#8211; Galerie d&rsquo;Art Contemporain :<\/strong><br \/>\nExposition d&rsquo;Herv\u00e9 Di Rosa\u00a0\u00a0 (en partenariat avec le Festival d&rsquo;Auvers)<br \/>\nconfrontation de la couleur, r\u00e9surgence formelle, figuration expressive, ma\u00eetrise technique et sensible.<br \/>\n<strong>&#8211; Eglise Notre Dame d&rsquo;Auvers<\/strong><br \/>\n&nbsp;<br \/>\n<strong>&#8211; Cimeti\u00e8re : <\/strong>Tombes des fr\u00e8res Van Gogh et de nombreux autres artistes<br \/>\n<strong>-Mus\u00e9e de l&rsquo;Absinthe<\/strong><br \/>\n<strong>-Maison-Atelier de Daubigny<\/strong>\u00a0<strong>:<\/strong> le premier foyer artistique d&rsquo;Auvers-sur-Oise cr\u00e9\u00e9 par le peintre paysagiste d&rsquo;une grande renomm\u00e9e Daubigny qui s&rsquo;installa \u00e0 Auvers en 1861.<br \/>\n<strong>-Auberge Ravoux dite \u00ab Maison de Van Gogh \u00bb<\/strong>\u00a0<strong>:<\/strong> situ\u00e9e au c\u0153ur du village d&rsquo;Auvers-sur-Oise, ce fut le dernier domicile de Vincent van Gogh (1853-1890). C&rsquo;est aussi \u00e0 l&rsquo;Auberge Ravoux, fleurie de tournesols, de dahlias jaunes, et d\u00e9cor\u00e9e pour l&rsquo;occasion avec les derni\u00e8res toiles de l&rsquo;artiste, que son fr\u00e8re Th\u00e9o organisa la c\u00e9r\u00e9monie de fun\u00e9railles.<br \/>\n<a href=\"http:\/\/surlespasdevangogh.eu\/\">http:\/\/surlespasdevangogh.eu\/<\/a><br \/>\n&nbsp;<\/p>\n","protected":false},"excerpt":{"rendered":"<p>Vincent van Gogh dans son intimit\u00e9 les 4, 17 et 18 avril 2015\u00a0et\u00a015, 16, 29 et 30 mai 2015 Visitez le village d\u2019Auvers-sur-Oise avec Vincent van Gogh et ses amis comme guides ! 2\u00a0com\u00e9diens de la compagnie \u00ab\u00a0Les Compagnons d\u2019Ulysse\u00a0\u00bb&#8230;<\/p>\n","protected":false},"author":2,"featured_media":0,"comment_status":"open","ping_status":"open","sticky":false,"template":"","format":"standard","meta":{"ngg_post_thumbnail":0,"jetpack_post_was_ever_published":false,"_jetpack_newsletter_access":"","footnotes":""},"categories":[11],"tags":[],"class_list":["post-16536","post","type-post","status-publish","format-standard","hentry","category-bon-plan"],"jetpack_featured_media_url":"","jetpack-related-posts":[{"id":20061,"url":"http:\/\/www.letourismeaparis.fr\/index.php\/2017\/09\/05\/%e2%80%8b-imagine-van-gogh-a-la-grande-halle-de-la-villette\/","url_meta":{"origin":16536,"position":0},"title":"\u200b IMAGINE VAN GOGH \u00e0 la grande halle de la Villette jusqu&#039;au 10 septembre","author":"Fabienne TM","date":"5 septembre 2017","format":false,"excerpt":"\u00a0 Pour la premie\u0300re fois, la Grande halle de La Villette ouvre ses portes a\u0300 Vincent Van Gogh pour une expe\u0301rience immersive qui emme\u0300ne le spectateur dans un voyage au c\u0153ur des toiles de l\u2019artiste. Cette re\u0301alisation est l\u2019\u0153uvre d\u2019Annabelle Mauger et Julien Baron, qui ont collabore\u0301 a\u0300 la cre\u0301ation\u2026","rel":"","context":"Dans &quot;Beaux arts&quot;","block_context":{"text":"Beaux arts","link":"http:\/\/www.letourismeaparis.fr\/index.php\/category\/culture\/musees-expositions\/beaux-arts\/"},"img":{"alt_text":"","src":"","width":0,"height":0},"classes":[]},{"id":11279,"url":"http:\/\/www.letourismeaparis.fr\/index.php\/2011\/11\/19\/cezanne-et-paris-au-musee-du-luxembourg\/","url_meta":{"origin":16536,"position":1},"title":"C\u00e9zanne et Paris au mus\u00e9e du Luxembourg","author":"Fabienne TM","date":"19 novembre 2011","format":false,"excerpt":"C\u00e9zanne (1839-1906), ne s\u2019est jamais \u00e9loign\u00e9 de la capitale et de l\u2019Ile-de-France : entre 1861 et 1905, il n\u2019a cess\u00e9 d\u2019y revenir et de s\u2019en inspirer. il fr\u00e9quente les impressionnistes, Pissarro, Guillaumin, Renoir, Monet.Quelques amis le soutiennent comme le Docteur Gachet \u00e0 Auvers-sur-Oise. \u00c0 Paris, C\u00e9zanne se confronte tout autant\u2026","rel":"","context":"Dans &quot;Non class\u00e9&quot;","block_context":{"text":"Non class\u00e9","link":"http:\/\/www.letourismeaparis.fr\/index.php\/category\/non-classe\/"},"img":{"alt_text":"","src":"","width":0,"height":0},"classes":[]},{"id":11540,"url":"http:\/\/www.letourismeaparis.fr\/index.php\/2012\/02\/23\/cezanne-et-paris-au-musee-du-luxembourg-jusquau-26-fevrier\/","url_meta":{"origin":16536,"position":2},"title":"C\u00e9zanne et Paris, au mus\u00e9e du Luxembourg, jusqu\u2019au 26 f\u00e9vrier !","author":"Fabienne TM","date":"23 f\u00e9vrier 2012","format":false,"excerpt":"Si Paul C\u00e9zanne (1839-1906) a longtemps v\u00e9cu retir\u00e9 pr\u00e8s d\u2019Aix-en-Provence, dont il \u00e9tait originaire, Paris restait le lieu de son \u00e9ternelle confrontation avec l\u2019art dit classique. De 1861 \u00e0 1905, il y effectua de tr\u00e8s fr\u00e9quents s\u00e9jours qui lui permettaient de visiter le Louvre et de rencontrer aussi les peintres\u2026","rel":"","context":"Dans &quot;Non class\u00e9&quot;","block_context":{"text":"Non class\u00e9","link":"http:\/\/www.letourismeaparis.fr\/index.php\/category\/non-classe\/"},"img":{"alt_text":"","src":"","width":0,"height":0},"classes":[]},{"id":13931,"url":"http:\/\/www.letourismeaparis.fr\/index.php\/2013\/09\/18\/les-lundis-des-arts-conferences-gratuites-dhistoire-de-lart-a-la-mairie-du-3-eme\/","url_meta":{"origin":16536,"position":3},"title":"Les lundis des arts : conf\u00e9rences gratuites d&#039;histoire de l&#039;art \u00e0 la mairie du 3 \u00e8me","author":"Fabienne TM","date":"18 septembre 2013","format":false,"excerpt":"Les lundis des arts Cette ann\u00e9e, le XIXe si\u00e8cle est \u00e0 l\u2019honneur \u00a0: David et le classicisme, Daumier et Millet, les impressionnistes, mais aussi les grands pr\u00e9curseurs du XXe si\u00e8cle, comme Toulouse Lautrec ou Van Gogh LUNDI 7 OCTOBRE - CLASSICISME ET ACADEMISME La longue carri\u00e8re de David s\u2019ach\u00e8ve par\u2026","rel":"","context":"Dans &quot;Beaux arts&quot;","block_context":{"text":"Beaux arts","link":"http:\/\/www.letourismeaparis.fr\/index.php\/category\/culture\/musees-expositions\/beaux-arts\/"},"img":{"alt_text":"","src":"","width":0,"height":0},"classes":[]},{"id":22066,"url":"http:\/\/www.letourismeaparis.fr\/index.php\/2019\/02\/20\/samuel-courtauld-collections-de-peintres-impressionnistes-rassembles-pour-la-premiere-fois-a-paris-depuis-60-ans-a-la-fondation-vuitton%ef%bb%bf\/","url_meta":{"origin":16536,"position":4},"title":"Samuel Courtauld, collections de peintres impressionnistes, rassembl\u00e9s pour la premi\u00e8re fois \u00e0 Paris depuis 60 ans \u00e0 la Fondation Vuitton\ufeff","author":"Fabienne TM","date":"20 f\u00e9vrier 2019","format":false,"excerpt":"L\u2019exposition t\u00e9moigne de l\u2019extr\u00eame exigence et de l\u2019engagement artistique de Samuel Courtauld. Elle r\u00e9unit quelque\u00a0110 \u0153uvres\u00a0\u2013 dont une soixantaine de peintures, mais aussi des \u0153uvres graphiques, ayant toutes appartenu \u00e0 Samuel Courtauld et majoritairement conserv\u00e9es \u00e0 la Courtauld Gallery ou dans diff\u00e9rentes collections publiques et priv\u00e9es internationales. Elle pr\u00e9sente \u00e9galement\u2026","rel":"","context":"Dans &quot;Non class\u00e9&quot;","block_context":{"text":"Non class\u00e9","link":"http:\/\/www.letourismeaparis.fr\/index.php\/category\/non-classe\/"},"img":{"alt_text":"","src":"","width":0,"height":0},"classes":[]},{"id":23911,"url":"http:\/\/www.letourismeaparis.fr\/index.php\/2019\/12\/20\/monet-renoir-chagall-voyages-en-mediterranee-yves-klein-linfini-bleu\/","url_meta":{"origin":16536,"position":5},"title":"MONET, RENOIR&#8230; CHAGALL VOYAGES EN M\u00c9DITERRAN\u00c9E                 YVES KLEIN, L&rsquo;INFINI BLEU","author":"Fabienne TM","date":"20 d\u00e9cembre 2019","format":false,"excerpt":"28 F\u00c9VRIER 2020 - 3 JANVIER 2021 -\u00ab Monet, Renoir\u2026 Chagall, Voyages en M\u00e9diterran\u00e9e \u00bb proposera un parcours, de l\u2019impressionnisme \u00e0 la modernit\u00e9. Apr\u00e8s Van Gogh, cette nouvelle exposition num\u00e9rique r\u00e9v\u00e8lera le lien entre la cr\u00e9ation artistique et les rives m\u00e9diterran\u00e9ennes, bassins majeurs de la modernit\u00e9. Une immersion dans les\u2026","rel":"","context":"Dans &quot;Non class\u00e9&quot;","block_context":{"text":"Non class\u00e9","link":"http:\/\/www.letourismeaparis.fr\/index.php\/category\/non-classe\/"},"img":{"alt_text":"","src":"https:\/\/i0.wp.com\/www.letourismeaparis.fr\/wp-content\/uploads\/2019\/12\/Capture-d%E2%80%99e%CC%81cran-2019-12-20-a%CC%80-15.32.35.png?resize=350%2C200","width":350,"height":200,"srcset":"https:\/\/i0.wp.com\/www.letourismeaparis.fr\/wp-content\/uploads\/2019\/12\/Capture-d%E2%80%99e%CC%81cran-2019-12-20-a%CC%80-15.32.35.png?resize=350%2C200 1x, https:\/\/i0.wp.com\/www.letourismeaparis.fr\/wp-content\/uploads\/2019\/12\/Capture-d%E2%80%99e%CC%81cran-2019-12-20-a%CC%80-15.32.35.png?resize=525%2C300 1.5x"},"classes":[]}],"jetpack_sharing_enabled":true,"jetpack_likes_enabled":true,"_links":{"self":[{"href":"http:\/\/www.letourismeaparis.fr\/index.php\/wp-json\/wp\/v2\/posts\/16536","targetHints":{"allow":["GET"]}}],"collection":[{"href":"http:\/\/www.letourismeaparis.fr\/index.php\/wp-json\/wp\/v2\/posts"}],"about":[{"href":"http:\/\/www.letourismeaparis.fr\/index.php\/wp-json\/wp\/v2\/types\/post"}],"author":[{"embeddable":true,"href":"http:\/\/www.letourismeaparis.fr\/index.php\/wp-json\/wp\/v2\/users\/2"}],"replies":[{"embeddable":true,"href":"http:\/\/www.letourismeaparis.fr\/index.php\/wp-json\/wp\/v2\/comments?post=16536"}],"version-history":[{"count":1,"href":"http:\/\/www.letourismeaparis.fr\/index.php\/wp-json\/wp\/v2\/posts\/16536\/revisions"}],"predecessor-version":[{"id":24199,"href":"http:\/\/www.letourismeaparis.fr\/index.php\/wp-json\/wp\/v2\/posts\/16536\/revisions\/24199"}],"wp:attachment":[{"href":"http:\/\/www.letourismeaparis.fr\/index.php\/wp-json\/wp\/v2\/media?parent=16536"}],"wp:term":[{"taxonomy":"category","embeddable":true,"href":"http:\/\/www.letourismeaparis.fr\/index.php\/wp-json\/wp\/v2\/categories?post=16536"},{"taxonomy":"post_tag","embeddable":true,"href":"http:\/\/www.letourismeaparis.fr\/index.php\/wp-json\/wp\/v2\/tags?post=16536"}],"curies":[{"name":"wp","href":"https:\/\/api.w.org\/{rel}","templated":true}]}}