{"id":16580,"date":"2015-04-28T15:21:03","date_gmt":"2015-04-28T15:21:03","guid":{"rendered":"http:\/\/www.letourismeaparis.fr\/?p=16580"},"modified":"2015-04-28T15:21:03","modified_gmt":"2015-04-28T15:21:03","slug":"conference-gratuite-sur-le-design-contemporain-jeudi-30-avril","status":"publish","type":"post","link":"http:\/\/www.letourismeaparis.fr\/index.php\/2015\/04\/28\/conference-gratuite-sur-le-design-contemporain-jeudi-30-avril\/","title":{"rendered":"Conf\u00e9rence  gratuite sur le Design contemporain jeudi 30 avril"},"content":{"rendered":"<p><strong>La Mairie du 9e,\u00a0en partenariat avec Drouot formation,proposera une conf\u00e9rence gratuite\u00a0sur le \u00ab\u00a0Design contemporain\u00a0\u00bb le jeudi 30 avril de 19h00 \u00e0 20h30.<a href=\"http:\/\/www.letourismeaparis.fr\/wp-content\/uploads\/2015\/04\/iD.png\"><img loading=\"lazy\" decoding=\"async\" class=\"aligncenter size-medium wp-image-16581\" src=\"http:\/\/www.letourismeaparis.fr\/wp-content\/uploads\/2015\/04\/iD-212x300.png\" alt=\"iD\" width=\"212\" height=\"300\" \/><\/a><\/strong> Elle s\u2019inscrit dans le cadre du cycle \u00ab l\u2019Art en Conf\u00e9rences \u00bb organis\u00e9\u00a0tous les derniers jeudis du mois,\u00a0de 19h00 \u00e0 20h30\u00a0jusqu&rsquo;en\u00a0juin 2015. Des experts seront pr\u00e9sents, pour une conf\u00e9rence interactive et p\u00e9dagogique o\u00f9 des d\u00e9monstrations d\u2019expertise seront r\u00e9alis\u00e9es.<!--more--> Le programme des prochaines conf\u00e9rences est le suivant : &#8211; Le march\u00e9 du vin (28 mai) &#8211; Le march\u00e9 du vintage (25 juin) Entr\u00e9e Libre Mairie du 9e arrondissement Salle Rossini 6, rue Drouot, 75009 Paris<!--more--><\/p>\n","protected":false},"excerpt":{"rendered":"<p>La Mairie du 9e,\u00a0en partenariat avec Drouot formation,proposera une conf\u00e9rence gratuite\u00a0sur le \u00ab\u00a0Design contemporain\u00a0\u00bb le jeudi 30 avril de 19h00 \u00e0 20h30. Elle s\u2019inscrit dans le cadre du cycle \u00ab l\u2019Art en Conf\u00e9rences \u00bb organis\u00e9\u00a0tous les derniers jeudis du mois,\u00a0de&#8230;<\/p>\n","protected":false},"author":2,"featured_media":0,"comment_status":"open","ping_status":"open","sticky":false,"template":"","format":"standard","meta":{"ngg_post_thumbnail":0,"jetpack_post_was_ever_published":false,"_jetpack_newsletter_access":"","footnotes":""},"categories":[1],"tags":[],"class_list":["post-16580","post","type-post","status-publish","format-standard","hentry","category-non-classe"],"jetpack_featured_media_url":"","jetpack-related-posts":[{"id":16167,"url":"http:\/\/www.letourismeaparis.fr\/index.php\/2015\/01\/21\/lart-en-conferences-gratuites-la-mairie-du-9-eme\/","url_meta":{"origin":16580,"position":0},"title":"L&#039;art en conf\u00e9rences (gratuites) \u00e0 la mairie du 9 \u00e8me","author":"Fabienne TM","date":"21 janvier 2015","format":false,"excerpt":"La Mairie du 9e,en partenariat avec Drouot formation,proposera une conf\u00e9rence gratuite sur la Joaillerie Contemporaine\u00a0le 29 janvier de 19h \u00e0 20h30. Elle s\u2019inscrit dans le cadre du cycle \u00ab l\u2019Art en Conf\u00e9rences \u00bb qui aura lieu de 19h \u00e0 20h30 tous les derniers jeudis du mois de janvier \u00e0 juin\u2026","rel":"","context":"Dans &quot;Conf\u00e9rences&quot;","block_context":{"text":"Conf\u00e9rences","link":"http:\/\/www.letourismeaparis.fr\/index.php\/category\/spectacle\/conferences\/"},"img":{"alt_text":"","src":"","width":0,"height":0},"classes":[]},{"id":16882,"url":"http:\/\/www.letourismeaparis.fr\/index.php\/2015\/06\/25\/conference-drouot-formation-a-la-mairie-le-2506-le-marche-du-vintage\/","url_meta":{"origin":16580,"position":1},"title":"Conf\u00e9rence Drouot Formation \u00e0 la Mairie le  25\/06 : le march\u00e9 du vintage","author":"Fabienne TM","date":"25 juin 2015","format":false,"excerpt":"de 19h \u00e0 20h30 . Des experts seront pr\u00e9sents, pour une conf\u00e9rence interactive et p\u00e9dagogique o\u00f9 des d\u00e9monstrations d\u2019expertise seront r\u00e9alis\u00e9es.\u00a0 \u2022 Le march\u00e9 du vintage (25 juin) Entr\u00e9e Libre Mairie du 9e arrondissement Salle Rossini 6, rue Drouot - 75009 Paris \u00a0 conf\u00e9rences pass\u00e9es\u2022 La joaillerie contemporaine (29 janvier)\u2026","rel":"","context":"Dans &quot;Conf\u00e9rences&quot;","block_context":{"text":"Conf\u00e9rences","link":"http:\/\/www.letourismeaparis.fr\/index.php\/category\/spectacle\/conferences\/"},"img":{"alt_text":"","src":"https:\/\/i0.wp.com\/www.letourismeaparis.fr\/wp-content\/uploads\/2015\/06\/drouot-211x300.jpeg?resize=350%2C200","width":350,"height":200},"classes":[]},{"id":850,"url":"http:\/\/www.letourismeaparis.fr\/index.php\/2009\/01\/01\/decouvrir-et-comprendre-la-musique-classique-1501\/","url_meta":{"origin":16580,"position":2},"title":"D\u00e9couvrir et comprendre la musique classique&#8230;","author":"Fabienne TM","date":"1 janvier 2009","format":false,"excerpt":"www.letourismeaparis.fr Cycle de\u00a0 8 conf\u00e9rences ,pour d\u00e9couvrir et comprendre la musique classique, propos\u00e9 par les associations \u00ab Opus Open \u00bb et \u00ab Les Cl\u00e9s de l\u2019\u00e9coute \u00bb, \u00e0 la mairie du 9e. * 17 janvier 2009 Haydn, l\u2019invention du style classique * 14 f\u00e9vrier 2009 Lorsque le th\u00e9\u00e2tre s\u2019int\u00e8gre \u00e0\u2026","rel":"","context":"Dans &quot;Non class\u00e9&quot;","block_context":{"text":"Non class\u00e9","link":"http:\/\/www.letourismeaparis.fr\/index.php\/category\/non-classe\/"},"img":{"alt_text":"","src":"","width":0,"height":0},"classes":[]},{"id":2527,"url":"http:\/\/www.letourismeaparis.fr\/index.php\/2009\/04\/06\/concert-jeudi-9-avril-a-12h30-a-la-mairie-du-9eme\/","url_meta":{"origin":16580,"position":3},"title":"Concert jeudi 9 avril \u00e0 12h30 \u00e0 la mairie du 9\u00e8me","author":"Fabienne TM","date":"6 avril 2009","format":false,"excerpt":"Chaque mois, la mairie du 9e vous invite \u00e0 d\u00e9couvrir les talents de la nouvelle g\u00e9n\u00e9ration de musiciens, chanteurs et compositeurs, lors d\u2019un concert classique gratuit, organis\u00e9 par l\u2019association Jeunes Talents.Entr\u00e9e libre.? Ag\u00e9s de 18 \u00e0 26 ans, les musiciens que l'association Jeunes Talents pr\u00e9sente, sont pour la plupart issus\u2026","rel":"","context":"Dans &quot;Non class\u00e9&quot;","block_context":{"text":"Non class\u00e9","link":"http:\/\/www.letourismeaparis.fr\/index.php\/category\/non-classe\/"},"img":{"alt_text":"","src":"","width":0,"height":0},"classes":[]},{"id":6143,"url":"http:\/\/www.letourismeaparis.fr\/index.php\/2010\/01\/19\/concerts-jeunes-talents-a-la-mairie-du-9-eme-gratuits-le-jeudi\/","url_meta":{"origin":16580,"position":4},"title":"Concerts Jeunes Talents \u00e0 la mairie du 9 \u00e8me (gratuits, le jeudi)","author":"Fabienne TM","date":"19 janvier 2010","format":false,"excerpt":"Chaque mois, la mairie du 9e vous invite \u00e0 d\u00e9couvrir les talents de la nouvelle g\u00e9n\u00e9ration de musiciens, chanteurs et compositeurs, lors d\u2019un concert classique gratuit, organis\u00e9 par l\u2019association Jeunes Talents. Ag\u00e9s de 18 \u00e0 26 ans,\u00a0 pour la plupart issus du Conservatoire National Sup\u00e9rieur de Musique (CNSM) et d'autres\u2026","rel":"","context":"Dans &quot;Non class\u00e9&quot;","block_context":{"text":"Non class\u00e9","link":"http:\/\/www.letourismeaparis.fr\/index.php\/category\/non-classe\/"},"img":{"alt_text":"","src":"","width":0,"height":0},"classes":[]},{"id":2273,"url":"http:\/\/www.letourismeaparis.fr\/index.php\/2009\/03\/10\/initiation-au-marche-de-lart-conference-et-visite-decouverte-jeudi-12-mars\/","url_meta":{"origin":16580,"position":5},"title":"Initiation au march\u00e9 de l\u2019art, conf\u00e9rence et visite-d\u00e9couverte jeudi 12 mars","author":"Fabienne TM","date":"10 mars 2009","format":false,"excerpt":"Jeudi 12 mars \u00e0 11h30 \"Vous aimeriez conna\u00eetre le monde du march\u00e9 de l\u2019art, le fonctionnement d\u2019une vente aux ench\u00e8res ou peut-\u00eatre y participer ?Afin de vous familiariser avec le march\u00e9 de l\u2019art, la biblioth\u00e8que Drouot re\u00e7oit Fr\u00e9d\u00e9ricElka\u00efm, directeur de Drouot Formation et vous propose une conf\u00e9rence sur l\u2019histoire des\u2026","rel":"","context":"Dans &quot;Non class\u00e9&quot;","block_context":{"text":"Non class\u00e9","link":"http:\/\/www.letourismeaparis.fr\/index.php\/category\/non-classe\/"},"img":{"alt_text":"","src":"","width":0,"height":0},"classes":[]}],"jetpack_sharing_enabled":true,"jetpack_likes_enabled":true,"_links":{"self":[{"href":"http:\/\/www.letourismeaparis.fr\/index.php\/wp-json\/wp\/v2\/posts\/16580","targetHints":{"allow":["GET"]}}],"collection":[{"href":"http:\/\/www.letourismeaparis.fr\/index.php\/wp-json\/wp\/v2\/posts"}],"about":[{"href":"http:\/\/www.letourismeaparis.fr\/index.php\/wp-json\/wp\/v2\/types\/post"}],"author":[{"embeddable":true,"href":"http:\/\/www.letourismeaparis.fr\/index.php\/wp-json\/wp\/v2\/users\/2"}],"replies":[{"embeddable":true,"href":"http:\/\/www.letourismeaparis.fr\/index.php\/wp-json\/wp\/v2\/comments?post=16580"}],"version-history":[{"count":0,"href":"http:\/\/www.letourismeaparis.fr\/index.php\/wp-json\/wp\/v2\/posts\/16580\/revisions"}],"wp:attachment":[{"href":"http:\/\/www.letourismeaparis.fr\/index.php\/wp-json\/wp\/v2\/media?parent=16580"}],"wp:term":[{"taxonomy":"category","embeddable":true,"href":"http:\/\/www.letourismeaparis.fr\/index.php\/wp-json\/wp\/v2\/categories?post=16580"},{"taxonomy":"post_tag","embeddable":true,"href":"http:\/\/www.letourismeaparis.fr\/index.php\/wp-json\/wp\/v2\/tags?post=16580"}],"curies":[{"name":"wp","href":"https:\/\/api.w.org\/{rel}","templated":true}]}}