{"id":16585,"date":"2015-04-28T15:57:33","date_gmt":"2015-04-28T15:57:33","guid":{"rendered":"http:\/\/www.letourismeaparis.fr\/?p=16585"},"modified":"2015-04-28T15:57:33","modified_gmt":"2015-04-28T15:57:33","slug":"la-tropezienne-du-trocadero-tous-les-jeudis-soirs","status":"publish","type":"post","link":"http:\/\/www.letourismeaparis.fr\/index.php\/2015\/04\/28\/la-tropezienne-du-trocadero-tous-les-jeudis-soirs\/","title":{"rendered":"LA TROPEZIENNE DU TROCADERO , tous les jeudis soirs"},"content":{"rendered":"<p><strong>LA TROPEZIENNE DU TROCADERO <\/strong><br \/>\n\u25ba INAUGURATION de la saison 2015, Jeudi 7 mai, d\u00e8s 18h00.<br \/>\nPuis tous les jeudis, de 18h00 \u00e0 1h00.<br \/>\nCet \u00e9t\u00e9 les jeudis soirs parisiens vont \u00eatre berc\u00e9s par le chant des cigales\u2026 La place des Lices de Saint-Tropez en face de la Tour Eiffel, vous en r\u00eaviez ?<br \/>\nun univers 100% trop\u00e9zien dans les jardins du Trocad\u00e9ro une Place des Lices \u00e9ph\u00e9m\u00e8re pour l\u2019\u00e9t\u00e9 !<!--more--><br \/>\n\u2740 Venez retrouver un esprit festif, authentique, insouciant et joyeux, qui n\u2019existe nulle part ailleurs\u2026<br \/>\nParties de p\u00e9tanque, ap\u00e9ro ros\u00e9, lampions, transats de plage, tartes trop\u00e9ziennes vous attendent d\u00e8s 19h et jusqu\u2019au coucher\u2026 des lumi\u00e8res de la Tour Eiffel \u00e0 1h !<br \/>\n\u2740 Acc\u00e8s libre et gratuit.<br \/>\n&nbsp;<br \/>\nL&rsquo;Esplanade de l&rsquo;Aquarium &#8211; Les jardins du Trocad\u00e9ro<br \/>\n5 Avenue Albert de Mun<br \/>\n75116 Paris<br \/>\nAcc\u00e8s :<br \/>\nM\u00e9tro : Ligne 6-9, station Trocad\u00e9ro<br \/>\nRER : Ligne C, station Champs de Mars\/Tour Eiffel<br \/>\n\u25ba INAUGURATION de la saison 2015, Jeudi 7 mai, d\u00e8s 18h00.<br \/>\nPuis tous les jeudis, de 18h00 \u00e0 1h00.<br \/>\nCet \u00e9t\u00e9 les jeudis soirs parisiens vont \u00eatre berc\u00e9s par le chant des cigales\u2026 La place des Lices de Saint-Tropez en face de la Tour Eiffel, vous en r\u00eaviez ?<br \/>\nun univers 100% trop\u00e9zien dans les jardins du Trocad\u00e9ro une Place des Lices \u00e9ph\u00e9m\u00e8re pour l\u2019\u00e9t\u00e9 !<br \/>\n\u2740 Venez retrouver un esprit festif, authentique, insouciant et joyeux, qui n\u2019existe nulle part ailleurs\u2026<br \/>\nParties de p\u00e9tanque, ap\u00e9ro ros\u00e9, lampions, transats de plage, tartes trop\u00e9ziennes vous attendent d\u00e8s 19h et jusqu\u2019au coucher\u2026 des lumi\u00e8res de la Tour Eiffel \u00e0 1h !<br \/>\n\u2740 Acc\u00e8s libre et gratuit.<br \/>\n&nbsp;<br \/>\nL&rsquo;Esplanade de l&rsquo;Aquarium &#8211; Les jardins du Trocad\u00e9ro<br \/>\n5 Avenue Albert de Mun<br \/>\n75116 Paris<br \/>\nAcc\u00e8s :<br \/>\nM\u00e9tro : Ligne 6-9, station Trocad\u00e9ro<br \/>\nRER : Ligne C, station Champs de Mars\/Tour Eiffel<\/p>\n","protected":false},"excerpt":{"rendered":"<p>LA TROPEZIENNE DU TROCADERO \u25ba INAUGURATION de la saison 2015, Jeudi 7 mai, d\u00e8s 18h00. Puis tous les jeudis, de 18h00 \u00e0 1h00. Cet \u00e9t\u00e9 les jeudis soirs parisiens vont \u00eatre berc\u00e9s par le chant des cigales\u2026 La place des&#8230;<\/p>\n","protected":false},"author":2,"featured_media":0,"comment_status":"open","ping_status":"open","sticky":false,"template":"","format":"standard","meta":{"ngg_post_thumbnail":0,"jetpack_post_was_ever_published":false,"_jetpack_newsletter_access":"","footnotes":""},"categories":[1],"tags":[],"class_list":["post-16585","post","type-post","status-publish","format-standard","hentry","category-non-classe"],"jetpack_featured_media_url":"","jetpack-related-posts":[{"id":9183,"url":"http:\/\/www.letourismeaparis.fr\/index.php\/2010\/01\/02\/les-patinoires-en-plein-air-a-paris\/","url_meta":{"origin":16585,"position":0},"title":"Les patinoires en plein air \u00e0 Paris","author":"Fabienne TM","date":"2 janvier 2010","format":false,"excerpt":"Les patinoires en plein air \u00e0 Paris Patinoire \u00e0 H\u00f4tel de Ville jusqu'au dimanche 27 f\u00e9vrier 2011,\u00a0 deux patinoires seront\u00a0 install\u00e9es , une piste de luge et une petite patinoire sont \u00e9galement pr\u00e9vues. M\u00e9tro H\u00f4tel de Ville Acc\u00e8s gratuit Du lundi au vendredi de 12h \u00e0 22h et les samedis,\u2026","rel":"","context":"Dans &quot;Non class\u00e9&quot;","block_context":{"text":"Non class\u00e9","link":"http:\/\/www.letourismeaparis.fr\/index.php\/category\/non-classe\/"},"img":{"alt_text":"","src":"","width":0,"height":0},"classes":[]},{"id":4686,"url":"http:\/\/www.letourismeaparis.fr\/index.php\/2009\/12\/22\/spectacle-de-lumiere-pour-les-120-ans-de-la-tour-eiffel\/","url_meta":{"origin":16585,"position":1},"title":"SPECTACLE DE LUMIERE POUR LES 120 ANS DE LA TOUR EIFFEL","author":"Fabienne TM","date":"22 d\u00e9cembre 2009","format":false,"excerpt":"Tous les soirs jusqu'au 31 d\u00e9cembre 2009 \u00e0 20h, 21h, 22h et 23h ,la tour Eiffel\u00a0 vous donne rendez-vous\u00a0\u00a0 pour un\u00a0 magnifique spectacle Pour la premi\u00e8re fois, gr\u00e2ce \u00e0 un dispositif de projecteurs \u00e0 leds derni\u00e8re g\u00e9n\u00e9ration, la fa\u00e7ade c\u00f4t\u00e9 Trocad\u00e9ro va s\u2019animer de couleurs, mouvements, modulations pour offrir un\u2026","rel":"","context":"Dans &quot;Non class\u00e9&quot;","block_context":{"text":"Non class\u00e9","link":"http:\/\/www.letourismeaparis.fr\/index.php\/category\/non-classe\/"},"img":{"alt_text":"","src":"","width":0,"height":0},"classes":[]},{"id":8118,"url":"http:\/\/www.letourismeaparis.fr\/index.php\/2010\/07\/12\/le-feu-dartifice-du-14-juillet-a-paris-magnifique\/","url_meta":{"origin":16585,"position":2},"title":"Le feu d\u2019artifice du 14 juillet \u00e0 Paris  et la circulation automobile !","author":"Fabienne TM","date":"12 juillet 2010","format":false,"excerpt":"Le feu d\u2019artifice sera tir\u00e9 \u00e0 23h le 14 juillet depuis les jardins du Trocad\u00e9ro sur le th\u00e8me des couleurs de la francophonie. un voyage de 30 minutes au coeur des pays francophones. Interdictions de stationnement Du mercredi 14 \u00e0 partir de 08h au jeudi 15 juillet 01h, le stationnement\u2026","rel":"","context":"Dans &quot;Non class\u00e9&quot;","block_context":{"text":"Non class\u00e9","link":"http:\/\/www.letourismeaparis.fr\/index.php\/category\/non-classe\/"},"img":{"alt_text":"","src":"","width":0,"height":0},"classes":[]},{"id":17743,"url":"http:\/\/www.letourismeaparis.fr\/index.php\/2015\/12\/30\/des-idees-de-reveillon-3\/","url_meta":{"origin":16585,"position":3},"title":"Des id\u00e9es de r\u00e9veillon&#8230;&#8230;.","author":"Fabienne TM","date":"30 d\u00e9cembre 2015","format":false,"excerpt":"Le jeudi 31 d\u00e9cembre 2015, direction l'Aquarium de Paris - Cin\u00e9aqua pour une soir\u00e9e Aquarium's New Year Tour Eiffel! Un cadre f\u00e9\u00e9rique avec un Aquarium g\u00e9ant sous le Trocad\u00e9ro et face \u00e0 la Tour Eiffel! Le jeudi 31 d\u00e9cembre 2015, vous danserez devant l\u2019Aquarium Avenue Albert de Mun Paris \u00a0\u2026","rel":"","context":"Dans &quot;Non class\u00e9&quot;","block_context":{"text":"Non class\u00e9","link":"http:\/\/www.letourismeaparis.fr\/index.php\/category\/non-classe\/"},"img":{"alt_text":"","src":"","width":0,"height":0},"classes":[]},{"id":15494,"url":"http:\/\/www.letourismeaparis.fr\/index.php\/2014\/08\/31\/le-retour-des-guinguettes-la-tour-eiffel-javel\/","url_meta":{"origin":16585,"position":4},"title":"Le retour des &quot;guinguettes&quot; \u00e0 la Tour Eiffel ,\u00e0 Javel","author":"Fabienne TM","date":"31 ao\u00fbt 2014","format":false,"excerpt":"la Guinguette au pied de la Tour Eiffel! L\u2019ap\u00e9ro bon chic bon groove tous les Vendredis de l\u2019\u00e9t\u00e9 au bord de l\u2019eau avec vue imprenable sur la tour Eiffel et le Trocadero. sa grande terrasse transform\u00e9e en club d\u2019\u00e9t\u00e9avec palmiers & dancefloor\u2026 La Guinguette - au pied de la Tour\u2026","rel":"","context":"Dans &quot;Non class\u00e9&quot;","block_context":{"text":"Non class\u00e9","link":"http:\/\/www.letourismeaparis.fr\/index.php\/category\/non-classe\/"},"img":{"alt_text":"","src":"","width":0,"height":0},"classes":[]},{"id":11137,"url":"http:\/\/www.letourismeaparis.fr\/index.php\/2011\/10\/08\/les-20-kms-de-paris-dimanche-9-octobre\/","url_meta":{"origin":16585,"position":5},"title":"Les 20 kms de Paris , dimanche 9 octobre","author":"Fabienne TM","date":"8 octobre 2011","format":false,"excerpt":"La 33\u00e8me Edition des \"20 kilom\u00e8tres de Paris\", organis\u00e9e par l'ASCAIR sur le th\u00e8me \"Courons ensemble\", prendra son d\u00e9part le dimanche 9 octobre 2011 \u00e0 10h00 sur le Pont d'I\u00e9na, au pied de la Tour Eiffel. \"Courons ensemble\" avec plus de 20000 concurrents .... les \" 20 Kilom\u00e8tres de Paris\u2026","rel":"","context":"Dans &quot;Non class\u00e9&quot;","block_context":{"text":"Non class\u00e9","link":"http:\/\/www.letourismeaparis.fr\/index.php\/category\/non-classe\/"},"img":{"alt_text":"","src":"","width":0,"height":0},"classes":[]}],"jetpack_sharing_enabled":true,"jetpack_likes_enabled":true,"_links":{"self":[{"href":"http:\/\/www.letourismeaparis.fr\/index.php\/wp-json\/wp\/v2\/posts\/16585","targetHints":{"allow":["GET"]}}],"collection":[{"href":"http:\/\/www.letourismeaparis.fr\/index.php\/wp-json\/wp\/v2\/posts"}],"about":[{"href":"http:\/\/www.letourismeaparis.fr\/index.php\/wp-json\/wp\/v2\/types\/post"}],"author":[{"embeddable":true,"href":"http:\/\/www.letourismeaparis.fr\/index.php\/wp-json\/wp\/v2\/users\/2"}],"replies":[{"embeddable":true,"href":"http:\/\/www.letourismeaparis.fr\/index.php\/wp-json\/wp\/v2\/comments?post=16585"}],"version-history":[{"count":0,"href":"http:\/\/www.letourismeaparis.fr\/index.php\/wp-json\/wp\/v2\/posts\/16585\/revisions"}],"wp:attachment":[{"href":"http:\/\/www.letourismeaparis.fr\/index.php\/wp-json\/wp\/v2\/media?parent=16585"}],"wp:term":[{"taxonomy":"category","embeddable":true,"href":"http:\/\/www.letourismeaparis.fr\/index.php\/wp-json\/wp\/v2\/categories?post=16585"},{"taxonomy":"post_tag","embeddable":true,"href":"http:\/\/www.letourismeaparis.fr\/index.php\/wp-json\/wp\/v2\/tags?post=16585"}],"curies":[{"name":"wp","href":"https:\/\/api.w.org\/{rel}","templated":true}]}}