{"id":16587,"date":"2015-04-28T16:02:21","date_gmt":"2015-04-28T16:02:21","guid":{"rendered":"http:\/\/www.letourismeaparis.fr\/?p=16587"},"modified":"2015-04-28T16:02:21","modified_gmt":"2015-04-28T16:02:21","slug":"10-km-lequipe-2015-le-14-juin-a-paris","status":"publish","type":"post","link":"http:\/\/www.letourismeaparis.fr\/index.php\/2015\/04\/28\/10-km-lequipe-2015-le-14-juin-a-paris\/","title":{"rendered":"10 Km l&#039;Equipe 2015, le 14 juin \u00e0 Paris"},"content":{"rendered":"<h4>Le 10km l\u2019Equipe c\u2019est le 14 juin \u00e0 10h00, place de la R\u00e9publique, en plein c\u0153ur de Paris.<\/h4>\n<p>IL faut avoir 3 amis et former une \u00e9quipe de 4 coureurs ! Il est aussi possible de courir en solo.<!--more--><br \/>\n<a style=\"font-style: inherit; font-weight: inherit;\" href=\"http:\/\/www.10km.lequipe.fr\/\">www.10km.lequipe.fr<\/a><br \/>\n&nbsp;<\/p>\n","protected":false},"excerpt":{"rendered":"<p>Le 10km l\u2019Equipe c\u2019est le 14 juin \u00e0 10h00, place de la R\u00e9publique, en plein c\u0153ur de Paris. IL faut avoir 3 amis et former une \u00e9quipe de 4 coureurs ! Il est aussi possible de courir en solo.<\/p>\n","protected":false},"author":2,"featured_media":0,"comment_status":"open","ping_status":"open","sticky":false,"template":"","format":"standard","meta":{"ngg_post_thumbnail":0,"jetpack_post_was_ever_published":false,"_jetpack_newsletter_access":"","footnotes":""},"categories":[1],"tags":[],"class_list":["post-16587","post","type-post","status-publish","format-standard","hentry","category-non-classe"],"jetpack_featured_media_url":"","jetpack-related-posts":[{"id":17828,"url":"http:\/\/www.letourismeaparis.fr\/index.php\/2016\/01\/14\/paris-deco-off-2016-du-21-au-25-janvier-2016-rive-droite-et-rive-gauche-our-le-grand-public-et-les-profzqqionnels\/","url_meta":{"origin":16587,"position":0},"title":"Paris D\u00e9co Off 2016 du 21 au 25 Janvier 2016, rive droite et rive gauche our le grand public et les profzqqionnels","author":"Fabienne TM","date":"14 janvier 2016","format":false,"excerpt":"\u00a0 Paris D\u00e9co Off est un Ev\u00e8nement gratuit, ouvert au grand Public et aux Professionnels, c\u2019est un \u00e9v\u00e9nement Convivial, International, incontournable. Recevoir dans son show-room, d\u2019une mani\u00e8re conviviale, \u00ab comme on re\u00e7oit ses amis \u00bb est le Concept de Paris D\u00e9co Off, pour pr\u00e9senter ses anciennes et ses nouvelles collections,\u2026","rel":"","context":"Dans &quot;D\u00e9coration&quot;","block_context":{"text":"D\u00e9coration","link":"http:\/\/www.letourismeaparis.fr\/index.php\/category\/culture\/musees-expositions\/decoration\/"},"img":{"alt_text":"","src":"https:\/\/i0.wp.com\/www.letourismeaparis.fr\/wp-content\/uploads\/2016\/01\/Capture-d%C3%A2%C2%80%C2%99e%C3%8C%C2%81cran-2016-01-14-a%C3%8C%C2%80-11.55.15-237x300.png?resize=350%2C200","width":350,"height":200},"classes":[]},{"id":192,"url":"http:\/\/www.letourismeaparis.fr\/index.php\/2008\/06\/14\/vous-aimez-le-tango-rendez-vous-au-palais-de-chaillot-le-1406-et-le-1506\/","url_meta":{"origin":16587,"position":1},"title":"Vous aimez le Tango , Rendez-vous au Palais de Chaillot le 14\/06 et le 15\/06","author":"Fabienne TM","date":"14 juin 2008","format":false,"excerpt":"Paris Adviosr Le Tourisme \u00e0 Paris Tangos Cl\u00e1sicos II Spectacles :14 juin \u00e0 20h30, 15 juin \u00e0 15h Bal : 14 juin \u00e0 partir de 22h30 Orquesta La Bordona : Victor Villena (bandon\u00e9on), Alejandro Schwarz (guitare, composition et arrangements), Cyril Garac (violon), Ivo de Greef (piano), Ignacio Varchausky (contrebasse) \/\u2026","rel":"","context":"Dans &quot;Non class\u00e9&quot;","block_context":{"text":"Non class\u00e9","link":"http:\/\/www.letourismeaparis.fr\/index.php\/category\/non-classe\/"},"img":{"alt_text":"","src":"","width":0,"height":0},"classes":[]},{"id":6378,"url":"http:\/\/www.letourismeaparis.fr\/index.php\/2010\/02\/02\/concorde-le-musee-de-lair-et-de-lespace-expose-deux-concorde\/","url_meta":{"origin":16587,"position":2},"title":"Concorde : le mus\u00e9e de l\u2019Air et de l\u2019Espace expose deux Concorde","author":"Fabienne TM","date":"2 f\u00e9vrier 2010","format":false,"excerpt":"- Le Concorde F-WTSS prototype 001, qui effectua son 1er vol le 2 mars 1969 pilot\u00e9 par Andr\u00e9 Turcat et Jacques Guignard. Cet appareil , destin\u00e9 \u00e0 valider la formule d\u2019avion de transport supersonique a \u00e9t\u00e9 remis au mus\u00e9e le 19 octobre 1973 apr\u00e8s 397 vols d\u2019essais et 812 heures\u2026","rel":"","context":"Dans &quot;Non class\u00e9&quot;","block_context":{"text":"Non class\u00e9","link":"http:\/\/www.letourismeaparis.fr\/index.php\/category\/non-classe\/"},"img":{"alt_text":"","src":"","width":0,"height":0},"classes":[]},{"id":16748,"url":"http:\/\/www.letourismeaparis.fr\/index.php\/2015\/05\/27\/le-14e-fete-les-60-ans-du-conservatoire-a-partir-du-31-mai\/","url_meta":{"origin":16587,"position":3},"title":"Le 14e f\u00eate les 60 ans du conservatoire ,\u00e0 partir du 31 mai","author":"Fabienne TM","date":"27 mai 2015","format":false,"excerpt":"Pour le 60e anniversaire du conservatoire Darius Milhaud, ses \u00e9l\u00e8ves et ses \u00e9quipes se mobilisent pour vous proposer 4 grands rendez-vous\u00a0: Dimanche 31 mai \u00e0 16h Spectacle de danse \u00e0 la Cit\u00e9 Internationale Spectacle des classes de danse et de l\u2019ensemble instrumental des professeurs et des \u00e9l\u00e8ves du conservatoire avec\u2026","rel":"","context":"Dans &quot;Musique&quot;","block_context":{"text":"Musique","link":"http:\/\/www.letourismeaparis.fr\/index.php\/category\/culture\/concerts-musique\/musique\/"},"img":{"alt_text":"","src":"","width":0,"height":0},"classes":[]},{"id":3031,"url":"http:\/\/www.letourismeaparis.fr\/index.php\/2009\/06\/03\/singinin-paris-trois-americains-a-paris-du-5-au-14-juin\/","url_meta":{"origin":16587,"position":4},"title":"SINGIN\u2019IN PARIS ! TROIS AMERICAINS A PARIS du 5 au 14 juin","author":"Fabienne TM","date":"3 juin 2009","format":false,"excerpt":"Com\u00e9die musicale Un hommage aux plus grandes com\u00e9dies musicales adapt\u00e9es au cin\u00e9ma :de \"West Side Story\" \u00e0 \"Tous en sc\u00e8ne\" en passant par \"Un Am\u00e9ricain \u00e0 Paris\",\"Yentl\", \"My Fair Lady\", \"Hello Dolly\", \"Night and Day\",\"Oklahoma\", \"Cabaret\", \"Le Magicien d\u2019Oz\", \"Evita\", \"Les Parapluies de Cherbourg\", \"Les Demoiselles de Rochefort\"... 9 repr\u00e9sentations\u2026","rel":"","context":"Dans &quot;Non class\u00e9&quot;","block_context":{"text":"Non class\u00e9","link":"http:\/\/www.letourismeaparis.fr\/index.php\/category\/non-classe\/"},"img":{"alt_text":"","src":"","width":0,"height":0},"classes":[]},{"id":23336,"url":"http:\/\/www.letourismeaparis.fr\/index.php\/2019\/06\/12\/fete-des-fruits-et-legumes-frais-du-14-au-23-juin\/","url_meta":{"origin":16587,"position":5},"title":"F\u00eate des fruits et l\u00e9gumes frais du 14 au 23 juin","author":"Fabienne TM","date":"12 juin 2019","format":false,"excerpt":"Top d\u00e9part de la F\u00eate des fruits et l\u00e9gumes frais le mercredi 12 juin au Parc des Buttes-Chaumont ! Du 14 au 23 juin, c\u2019est la F\u00eate des fruits et l\u00e9gumes frais partout en France ! Rendezvous pour le top d\u00e9part de l\u2019\u00e9v\u00e9nement le mercredi 12 juin : Interfel, l\u2019Interprofession\u2026","rel":"","context":"Dans &quot;Non class\u00e9&quot;","block_context":{"text":"Non class\u00e9","link":"http:\/\/www.letourismeaparis.fr\/index.php\/category\/non-classe\/"},"img":{"alt_text":"","src":"","width":0,"height":0},"classes":[]}],"jetpack_sharing_enabled":true,"jetpack_likes_enabled":true,"_links":{"self":[{"href":"http:\/\/www.letourismeaparis.fr\/index.php\/wp-json\/wp\/v2\/posts\/16587","targetHints":{"allow":["GET"]}}],"collection":[{"href":"http:\/\/www.letourismeaparis.fr\/index.php\/wp-json\/wp\/v2\/posts"}],"about":[{"href":"http:\/\/www.letourismeaparis.fr\/index.php\/wp-json\/wp\/v2\/types\/post"}],"author":[{"embeddable":true,"href":"http:\/\/www.letourismeaparis.fr\/index.php\/wp-json\/wp\/v2\/users\/2"}],"replies":[{"embeddable":true,"href":"http:\/\/www.letourismeaparis.fr\/index.php\/wp-json\/wp\/v2\/comments?post=16587"}],"version-history":[{"count":0,"href":"http:\/\/www.letourismeaparis.fr\/index.php\/wp-json\/wp\/v2\/posts\/16587\/revisions"}],"wp:attachment":[{"href":"http:\/\/www.letourismeaparis.fr\/index.php\/wp-json\/wp\/v2\/media?parent=16587"}],"wp:term":[{"taxonomy":"category","embeddable":true,"href":"http:\/\/www.letourismeaparis.fr\/index.php\/wp-json\/wp\/v2\/categories?post=16587"},{"taxonomy":"post_tag","embeddable":true,"href":"http:\/\/www.letourismeaparis.fr\/index.php\/wp-json\/wp\/v2\/tags?post=16587"}],"curies":[{"name":"wp","href":"https:\/\/api.w.org\/{rel}","templated":true}]}}