{"id":16590,"date":"2015-04-29T18:33:39","date_gmt":"2015-04-29T18:33:39","guid":{"rendered":"http:\/\/www.letourismeaparis.fr\/?p=16590"},"modified":"2015-04-29T18:33:39","modified_gmt":"2015-04-29T18:33:39","slug":"le-cinema-italien-au-temps-du-fascisme-du-5-au-11-juin-au-musee-dorsay","status":"publish","type":"post","link":"http:\/\/www.letourismeaparis.fr\/index.php\/2015\/04\/29\/le-cinema-italien-au-temps-du-fascisme-du-5-au-11-juin-au-musee-dorsay\/","title":{"rendered":"Le cin\u00e9ma italien au temps du fascisme , du 5 au 11 juin au mus\u00e9e d&#039;Orsay"},"content":{"rendered":"<p>&nbsp;<br \/>\nPendant les dix derni\u00e8res ann\u00e9es du fascisme (1933-1943), l&rsquo;industrie cin\u00e9matographique italienne connut un nouvel essor, notamment gr\u00e2ce \u00e0 la cr\u00e9ation des studios de Cinecit\u00e0 en 1937.<br \/>\nCe ne sont pas les films de propagande qui dominent alors la production mais des genres ou des courants qui, chacun \u00e0 sa fa\u00e7on, contournent la r\u00e9alit\u00e9 sociale et politique du pays.\u00a0<!--more--><br \/>\nLe plus conventionnel est le cin\u00e9ma dit des \u00ab\u00a0t\u00e9l\u00e9phones blancs\u00a0\u00bb, allusion ironique \u00e0 un accessoire que l&rsquo;on retrouve beaucoup dans ces com\u00e9dies bourgeoises et qui trahit leur irr\u00e9alisme. Dans la continuit\u00e9 des films \u00e0 grand spectacle des ann\u00e9es 1910, des films historiques impressionnants sont \u00e9galement r\u00e9alis\u00e9s.\u00a0<!--more--><br \/>\nC&rsquo;est aussi pendant cette p\u00e9riode qu&rsquo;appara\u00eet un mouvement esth\u00e9tique important : le calligraphisme, inspir\u00e9s par la litt\u00e9rature du XIXe si\u00e8cle et marqu\u00e9 par un formalisme minutieux. Enfin, d\u00e8s le d\u00e9but des ann\u00e9es 30, des films plus connect\u00e9s aux r\u00e9alit\u00e9s sociales du pays peuvent \u00eatre vus comme les pr\u00e9misses du mouvement n\u00e9or\u00e9aliste, dont\u00a0<em>Ossessione<\/em>\u00a0marquera l&rsquo;av\u00e8nement.<br \/>\n&nbsp;<br \/>\nAuditorium niveau -2<br \/>\n<strong>Mussolinia di Sardegna 5 juin 20 h<\/strong><br \/>\n<strong>Treno populare<\/strong><br \/>\n&nbsp;<br \/>\n<strong>1860 \u00a0\u00a0<\/strong>sam. 6 juin 2015 &#8211; 16h00<br \/>\nAuditorium niveau -2<br \/>\n&nbsp;<br \/>\n<strong>Monsieur Max<\/strong><br \/>\nsam. 6 juin 2015 &#8211; 19h00<br \/>\nAuditorium niveau -2<br \/>\nhttp:\/\/www.musee-orsay.fr\/fr\/evenements\/cinema\/<br \/>\nMus\u00e9e d&rsquo;Orsay<br \/>\n1 Rue de la L\u00e9gion d&rsquo;Honneur, 75007 Paris, France<\/p>\n","protected":false},"excerpt":{"rendered":"<p>&nbsp; Pendant les dix derni\u00e8res ann\u00e9es du fascisme (1933-1943), l&rsquo;industrie cin\u00e9matographique italienne connut un nouvel essor, notamment gr\u00e2ce \u00e0 la cr\u00e9ation des studios de Cinecit\u00e0 en 1937. Ce ne sont pas les films de propagande qui dominent alors la production&#8230;<\/p>\n","protected":false},"author":2,"featured_media":0,"comment_status":"open","ping_status":"open","sticky":false,"template":"","format":"standard","meta":{"ngg_post_thumbnail":0,"jetpack_post_was_ever_published":false,"_jetpack_newsletter_access":"","footnotes":""},"categories":[1],"tags":[],"class_list":["post-16590","post","type-post","status-publish","format-standard","hentry","category-non-classe"],"jetpack_featured_media_url":"","jetpack-related-posts":[{"id":9389,"url":"http:\/\/www.letourismeaparis.fr\/index.php\/2011\/01\/29\/la-nouvelle-vague-italienne-a-la-cinematheque-en-janvier-et-fevrier\/","url_meta":{"origin":16590,"position":0},"title":"La &quot;Nouvelle vague&quot; italienne \u00e0 la cin\u00e9math\u00e8que en janvier et f\u00e9vrier","author":"Fabienne TM","date":"29 janvier 2011","format":false,"excerpt":"Le cin\u00e9ma italien a-t-il connu lui aussi sa \u00ab Nouvelle Vague \u00bb ? La Cin\u00e9math\u00e8que programme une vingtaine de films r\u00e9alis\u00e9s dans les ann\u00e9es 50 28 janvier 17h00 LA VIE AIGRE\u00a0\u00a0 CARLO LIZZANI* 29 janvier 15h00 LA PREUVE D'AMOUR\/ LES GARCONS o 19h30 INGRID BERGMAN\/ UN MONDE NOUVEAU 21h30 LA\u2026","rel":"","context":"Dans &quot;Non class\u00e9&quot;","block_context":{"text":"Non class\u00e9","link":"http:\/\/www.letourismeaparis.fr\/index.php\/category\/non-classe\/"},"img":{"alt_text":"","src":"","width":0,"height":0},"classes":[]},{"id":13402,"url":"http:\/\/www.letourismeaparis.fr\/index.php\/2013\/06\/17\/le-festival-du-7e-art-ouvre-ses-portes-a-litalie-du-6-au-19-juin-2013\/","url_meta":{"origin":16590,"position":1},"title":"Le Festival du 7e art ouvre ses portes \u00e0 l\u2019Italie du 6 au 19 juin 2013","author":"Fabienne TM","date":"17 juin 2013","format":false,"excerpt":"la Mairie du 7e propose\u00a0 une soir\u00e9e de pr\u00e9sentation de la programmation, une exposition sur le th\u00e8me du cin\u00e9ma, un concours de courts-m\u00e9trages et un apr\u00e8s-midi pour les enfants sur le th\u00e8me de l\u2019Italie et du cin\u00e9ma \u00e0 l\u2019Institut culturel italien. (r\u00e9servation 01 53 58 75 60 ) Lundi 10\u2026","rel":"","context":"Dans &quot;Cin\u00e9ma&quot;","block_context":{"text":"Cin\u00e9ma","link":"http:\/\/www.letourismeaparis.fr\/index.php\/category\/spectacle\/cinema\/"},"img":{"alt_text":"","src":"https:\/\/i0.wp.com\/www.letourismeaparis.fr\/wp-content\/uploads\/2013\/06\/festival_7e_art-bf3c6.jpg?resize=350%2C200","width":350,"height":200},"classes":[]},{"id":20009,"url":"http:\/\/www.letourismeaparis.fr\/index.php\/2017\/06\/28\/la-semaine-italienne-du-23-juin-au-4-juillet-2017\/","url_meta":{"origin":16590,"position":2},"title":"la Semaine Italienne  du 23 juin au 4 juillet 2017, un spectacle pour enfants le 28 juin.","author":"Fabienne TM","date":"28 juin 2017","format":false,"excerpt":"Ouverte \u00e0 tous et gratuite\u00a0 Mercredi 28 juin - 14H30Un grand spectacle pour tous les enfants ce mercredi ! -LA VOCE le magazine des Italiens de France propose un divertissement culturel en fran\u00e7ais pour les enfants : Histoires au t\u00e9l\u00e9phone d\u2019apr\u00e8s l\u2019oeuvre Gianni Rodari. Dans la salle des f\u00eates de\u2026","rel":"","context":"Dans &quot;Cultures du Monde&quot;","block_context":{"text":"Cultures du Monde","link":"http:\/\/www.letourismeaparis.fr\/index.php\/category\/culture\/musees-expositions\/cultures-du-monde\/"},"img":{"alt_text":"","src":"https:\/\/i0.wp.com\/www.letourismeaparis.fr\/wp-content\/uploads\/2017\/06\/Capture-d%C3%A2%C2%80%C2%99e%C3%8C%C2%81cran-2017-06-14-a%C3%8C%C2%80-17.48.45.png?resize=350%2C200","width":350,"height":200},"classes":[]},{"id":10533,"url":"http:\/\/www.letourismeaparis.fr\/index.php\/2011\/08\/27\/la-chaise-et-lecran-a-partir-du-17-juin\/","url_meta":{"origin":16590,"position":3},"title":"La chaise et l&#039;\u00e9cran  : cin\u00e9ma en plein air gratuit  :Il \u00e9tait une fois en Am\u00e9rique","author":"Fabienne TM","date":"27 ao\u00fbt 2011","format":false,"excerpt":"jusqu'au 2 septembre, la Mairie du 11e vous invite \u00e0 assister gratuitement \u00e0 des projections de films en plein air. Il \u00e9tait une fois en Am\u00e9rique\u2013Projection gratuite Vendredi 2 septembre, la Mairie du 11e vous invite \u00e0 la projection du film de Sergio Leone \u00ab Il \u00e9tait une fois en\u2026","rel":"","context":"Dans &quot;Non class\u00e9&quot;","block_context":{"text":"Non class\u00e9","link":"http:\/\/www.letourismeaparis.fr\/index.php\/category\/non-classe\/"},"img":{"alt_text":"","src":"","width":0,"height":0},"classes":[]},{"id":11247,"url":"http:\/\/www.letourismeaparis.fr\/index.php\/2011\/11\/28\/le-risorgimento-dans-le-cinema-italien-aux-invalides\/","url_meta":{"origin":16590,"position":4},"title":"Le Risorgimento dans le cin\u00e9ma italien, aux Invalides","author":"Fabienne TM","date":"28 novembre 2011","format":false,"excerpt":"Le mus\u00e9e de l\u2019Arm\u00e9e - H\u00f4tel national des Invalides pr\u00e9sente \u00e0\u00a0 l\u2019occasion de l\u2019exposition Napol\u00e9on III et l\u2019Italie ,naissance d\u2019une nation, 1848 \u2013 1870 jusqu'au 15 janvier 2012 Le Risorgimento dans le cin\u00e9ma italien En partenariat avec l\u2019Institut culturel italien (Paris) Du 6 au 9 d\u00e9cembre 2011 quatre grands classiques\u2026","rel":"","context":"Dans &quot;Non class\u00e9&quot;","block_context":{"text":"Non class\u00e9","link":"http:\/\/www.letourismeaparis.fr\/index.php\/category\/non-classe\/"},"img":{"alt_text":"","src":"","width":0,"height":0},"classes":[]},{"id":3669,"url":"http:\/\/www.letourismeaparis.fr\/index.php\/2009\/08\/04\/cinema-en-plein-air-gratuit-a-la-villette-un-bon-programme\/","url_meta":{"origin":16590,"position":5},"title":"Cin\u00e9ma en plein air, gratuit \u00e0 la Villette : 1-9 ao\u00fbt","author":"Fabienne TM","date":"4 ao\u00fbt 2009","format":false,"excerpt":"Mardi 4 ao\u00fbt\u00a0: Mulholland Drive David Lynch - 2001 - 2h26 - \u00c9tats-Unis Mercredi 5 ao\u00fbt\u00a0: Golden Door Emmanuele Crialese - 2006 - 1h58 - Italien, Fran\u00e7ais Jeudi 6 ao\u00fbt\u00a0: Little Miss Sunshine Jonathan Dayton - Valerie Faris - 2005 - 1h40 - \u00c9tats-Unis Vendredi 7 ao\u00fbt\u00a0: America America Elia\u2026","rel":"","context":"Dans &quot;Non class\u00e9&quot;","block_context":{"text":"Non class\u00e9","link":"http:\/\/www.letourismeaparis.fr\/index.php\/category\/non-classe\/"},"img":{"alt_text":"","src":"","width":0,"height":0},"classes":[]}],"jetpack_sharing_enabled":true,"jetpack_likes_enabled":true,"_links":{"self":[{"href":"http:\/\/www.letourismeaparis.fr\/index.php\/wp-json\/wp\/v2\/posts\/16590","targetHints":{"allow":["GET"]}}],"collection":[{"href":"http:\/\/www.letourismeaparis.fr\/index.php\/wp-json\/wp\/v2\/posts"}],"about":[{"href":"http:\/\/www.letourismeaparis.fr\/index.php\/wp-json\/wp\/v2\/types\/post"}],"author":[{"embeddable":true,"href":"http:\/\/www.letourismeaparis.fr\/index.php\/wp-json\/wp\/v2\/users\/2"}],"replies":[{"embeddable":true,"href":"http:\/\/www.letourismeaparis.fr\/index.php\/wp-json\/wp\/v2\/comments?post=16590"}],"version-history":[{"count":0,"href":"http:\/\/www.letourismeaparis.fr\/index.php\/wp-json\/wp\/v2\/posts\/16590\/revisions"}],"wp:attachment":[{"href":"http:\/\/www.letourismeaparis.fr\/index.php\/wp-json\/wp\/v2\/media?parent=16590"}],"wp:term":[{"taxonomy":"category","embeddable":true,"href":"http:\/\/www.letourismeaparis.fr\/index.php\/wp-json\/wp\/v2\/categories?post=16590"},{"taxonomy":"post_tag","embeddable":true,"href":"http:\/\/www.letourismeaparis.fr\/index.php\/wp-json\/wp\/v2\/tags?post=16590"}],"curies":[{"name":"wp","href":"https:\/\/api.w.org\/{rel}","templated":true}]}}