{"id":16610,"date":"2015-05-22T19:47:43","date_gmt":"2015-05-22T19:47:43","guid":{"rendered":"http:\/\/www.letourismeaparis.fr\/?p=16610"},"modified":"2015-05-22T19:47:43","modified_gmt":"2015-05-22T19:47:43","slug":"littoral-40-ans-de-merveilles-preservees-nouvelle-exposition-photo-au-jardin-des-plantes","status":"publish","type":"post","link":"http:\/\/www.letourismeaparis.fr\/index.php\/2015\/05\/22\/littoral-40-ans-de-merveilles-preservees-nouvelle-exposition-photo-au-jardin-des-plantes\/","title":{"rendered":"&quot;LITTORAL : 40 ANS DE MERVEILLES PRESERVEES &quot;  Nouvelle exposition photo au Jardin des Plantes"},"content":{"rendered":"<table style=\"height: 1036px;\" width=\"1305\">\n<tbody>\n<tr>\n<td colspan=\"3\" width=\"0\"><\/td>\n<\/tr>\n<tr>\n<td colspan=\"3\" width=\"0\">A partir du 14 mai 2015 A l\u2019occasion des 40 ans du Conservatoire du littoral, et en association avec le Mus\u00e9um national d\u2019Histoire naturelle, une exposition photographique in\u00e9dite vient embarquer les visiteurs du Jardin des Plantes d\u00e8s le 14 mai prochain.<a href=\"http:\/\/www.letourismeaparis.fr\/wp-content\/uploads\/2015\/05\/Aper\u00e7u-Document-pila.jpeg\"><img loading=\"lazy\" decoding=\"async\" class=\"aligncenter size-full wp-image-16611\" src=\"http:\/\/www.letourismeaparis.fr\/wp-content\/uploads\/2015\/05\/Aper\u00e7u-Document-pila.jpeg\" alt=\"Aper\u00e7u Document pila\" width=\"213\" height=\"142\" \/><\/a>\u00a0 <span style=\"letter-spacing: 0.05em; line-height: 1.6875;\">Ravine S\u00e8che. Littoral de La R\u00e9union \u00a9 Fr\u00e9d\u00e9ric Larrey-Conservatoire du littoral<\/span><span style=\"letter-spacing: 0.05em; line-height: 1.6875;\">Fr\u00e9d\u00e9ric Larrey, photographe naturaliste, parti explorer les rivages pr\u00e9serv\u00e9s en France m\u00e9tropolitaine et dans certaines r\u00e9gions d\u2019Outre-mer nous en rapporte de somptueux clich\u00e9s. Ou comment humer l\u2019air du large dans la capitale avant l\u2019\u00e9t\u00e9 ! <\/span><br \/>\n<span style=\"letter-spacing: 0.05em; line-height: 1.6875;\">\u00a0Sur les grilles du jardin de l\u2019\u00c9cole de Botanique du Jardin des Plantes, 65 photographies couleur en grands et moyens formats, emm\u00e8neront le public en promenade entre terre et mer.<\/span><br \/>\n<span style=\"letter-spacing: 0.05em; line-height: 1.6875;\">\u00a0Ces images ont \u00a0\u00e9t\u00e9 prises \u00a0en France, et c\u2019est bien le spectacle de nos rivages de la c\u00f4te d\u2019Opale \u00e0 la M\u00e9diterran\u00e9e, des grands lacs \u00e0 l\u2019Outre-mer\u2026 qui sera au rendez-vous. <\/span><br \/>\n<span style=\"letter-spacing: 0.05em; line-height: 1.6875;\">A bord d\u2019un ULM, Fr\u00e9d\u00e9ric Larrey \u00a0nous offre une immersion dans ce que la France compte de plus beaux et plus \u00e9mouvants paysages,<\/span><\/td>\n<\/tr>\n<tr>\n<td colspan=\"3\" width=\"0\">Exposition gratuite du 14 mai au 27 septembre 2015<\/p>\n<p style=\"color: #666666;\">Sur les grilles de l\u2019\u00c9cole de Botanique du Jardin des plantes<\/p>\n<p style=\"color: #666666;\">Acc\u00e8s : place Valhubert \u2013 Paris V\u00e8me<\/p>\n<\/td>\n<\/tr>\n<tr>\n<td colspan=\"3\" width=\"0\"><\/td>\n<\/tr>\n<tr>\n<td colspan=\"3\" width=\"0\"><\/td>\n<\/tr>\n<tr>\n<td colspan=\"3\" width=\"0\"><\/td>\n<\/tr>\n<\/tbody>\n<\/table>\n<p><!--more--><\/p>\n","protected":false},"excerpt":{"rendered":"<p>A partir du 14 mai 2015 A l\u2019occasion des 40 ans du Conservatoire du littoral, et en association avec le Mus\u00e9um national d\u2019Histoire naturelle, une exposition photographique in\u00e9dite vient embarquer les visiteurs du Jardin des Plantes d\u00e8s le 14 mai&#8230;<\/p>\n","protected":false},"author":2,"featured_media":0,"comment_status":"open","ping_status":"open","sticky":false,"template":"","format":"standard","meta":{"ngg_post_thumbnail":0,"jetpack_post_was_ever_published":false,"_jetpack_newsletter_access":"","footnotes":""},"categories":[1],"tags":[],"class_list":["post-16610","post","type-post","status-publish","format-standard","hentry","category-non-classe"],"jetpack_featured_media_url":"","jetpack-related-posts":[{"id":2922,"url":"http:\/\/www.letourismeaparis.fr\/index.php\/2009\/06\/07\/les-journees-de-la-mer-du-8-au-14-juin-a-paris-et-a-saint-mande\/","url_meta":{"origin":16610,"position":0},"title":"Les journ\u00e9es de la mer du 8 au 14 juin \u00e0 Paris et \u00e0 Saint-Mand\u00e9","author":"Fabienne TM","date":"7 juin 2009","format":false,"excerpt":"De nombreuses\u00a0 conf\u00e9rences, visites, ateliers seront pr\u00e9sent\u00e9s pour petits et grands: Les \u00e9nergies de la mer: l'or bleu,visite de l'aquarium de la Porte dor\u00e9e,\"Les animaux aquatiques du futur\",une exposition de la collection photographique du Conservatoire du littoral,\"la mer monte \u00e0 Paris\", l\u2019avenir menac\u00e9 de l'archipel de Tuvalu ... Les \u00e9nergies\u2026","rel":"","context":"Dans &quot;Non class\u00e9&quot;","block_context":{"text":"Non class\u00e9","link":"http:\/\/www.letourismeaparis.fr\/index.php\/category\/non-classe\/"},"img":{"alt_text":"","src":"","width":0,"height":0},"classes":[]},{"id":16729,"url":"http:\/\/www.letourismeaparis.fr\/index.php\/2015\/05\/23\/ce-week-end-fete-de-la-nature-au-jardin-des-plantes-23-et-24-mai-2015\/","url_meta":{"origin":16610,"position":1},"title":"Ce week-end, F\u00eate de la Nature au Jardin des Plantes   23 et 24 mai 2015","author":"Fabienne TM","date":"23 mai 2015","format":false,"excerpt":"\u00a0 Cette ann\u00e9e, autour de la th\u00e9matique nationale \u00ab\u00a0Au bord de l\u2019eau\u00a0\u00bb, la nature est \u00e0 nouveau mise \u00e0 l\u2019honneur au Jardin des Plantes. Tout au long du week-end, de nombreuses animations et visites gratuites sont pr\u00e9sent\u00e9es pour f\u00eater la nature en plein c\u0153ur de Paris\u00a0! Exceptionnellement pour cette 9\u00e8me\u00a0\u00e9dition,\u2026","rel":"","context":"Dans &quot;Non class\u00e9&quot;","block_context":{"text":"Non class\u00e9","link":"http:\/\/www.letourismeaparis.fr\/index.php\/category\/non-classe\/"},"img":{"alt_text":"","src":"https:\/\/i0.wp.com\/www.letourismeaparis.fr\/wp-content\/uploads\/2015\/05\/Aper%C3%83%C2%A7u-Document-215x300.jpeg?resize=350%2C200","width":350,"height":200},"classes":[]},{"id":9999,"url":"http:\/\/www.letourismeaparis.fr\/index.php\/2011\/04\/03\/exposition-plein-air-du-5-avril-au-1er-mai-2011-dans-les-jardins-du-musee-albert-kahn-o-sumo-san\/","url_meta":{"origin":16610,"position":2},"title":"Exposition plein-air du 5 avril au 1er mai 2011 dans les jardins du mus\u00e9e Albert-Kahn :\u00ab O SUM\u014c SAN \u00bb.","author":"Fabienne TM","date":"3 avril 2011","format":false,"excerpt":"L\u2019art en jardin, une exposition de photographies \u00ab O SUM\u014c SAN \u00bb. Elle met en lumi\u00e8re l\u2019\u0153uvre du photographe fran\u00e7ais Philippe Marinig, n\u00e9e de deux ann\u00e9es de travail pass\u00e9es au Japon. Celui-ci a eu le privil\u00e8ge de p\u00e9n\u00e9trer l\u2019int\u00e9rieur du monde priv\u00e9 des sumos et de suivre les lutteurs professionnels\u2026","rel":"","context":"Dans &quot;Non class\u00e9&quot;","block_context":{"text":"Non class\u00e9","link":"http:\/\/www.letourismeaparis.fr\/index.php\/category\/non-classe\/"},"img":{"alt_text":"","src":"","width":0,"height":0},"classes":[]},{"id":23766,"url":"http:\/\/www.letourismeaparis.fr\/index.php\/2019\/11\/12\/ocean-en-voie-dillumination-au-jardin-des-plantes\/","url_meta":{"origin":16610,"position":3},"title":"OC\u00c9AN EN VOIE D\u2019ILLUMINATION AU JARDIN DES PLANTES","author":"Fabienne TM","date":"12 novembre 2019","format":false,"excerpt":"PLONGEZ DANS UN OC\u00c9AN DE BEAUT\u00c9 Cette ann\u00e9e, dans les all\u00e9es du Jardin et de la M\u00e9nagerie, vos pas vous entra\u00eeneront \u00e0 la d\u00e9couverte des merveilles des Oc\u00e9ans. Au d\u00e9part de la place Valhubert, vous d\u00e9couvrirez les habitants du littoral, la splendeur des mers chaudes ; puis vous plongerez \u00e0\u2026","rel":"","context":"Dans &quot;Non class\u00e9&quot;","block_context":{"text":"Non class\u00e9","link":"http:\/\/www.letourismeaparis.fr\/index.php\/category\/non-classe\/"},"img":{"alt_text":"","src":"https:\/\/i0.wp.com\/www.letourismeaparis.fr\/wp-content\/uploads\/2019\/11\/Capture-d%E2%80%99e%CC%81cran-2019-11-12-a%CC%80-12.53.39.png?resize=350%2C200","width":350,"height":200,"srcset":"https:\/\/i0.wp.com\/www.letourismeaparis.fr\/wp-content\/uploads\/2019\/11\/Capture-d%E2%80%99e%CC%81cran-2019-11-12-a%CC%80-12.53.39.png?resize=350%2C200 1x, https:\/\/i0.wp.com\/www.letourismeaparis.fr\/wp-content\/uploads\/2019\/11\/Capture-d%E2%80%99e%CC%81cran-2019-11-12-a%CC%80-12.53.39.png?resize=525%2C300 1.5x"},"classes":[]},{"id":19038,"url":"http:\/\/www.letourismeaparis.fr\/index.php\/2016\/11\/23\/lexposition-especes-dours-a-la-grande-galerie-de-levolution-en-liaison-avec-une-exposition-photo-de-vincent-munier-dans-le-jardin-des-plantes\/","url_meta":{"origin":16610,"position":4},"title":"L\u2019EXPOSITION ESP\u00c8CES D\u2019OURS ! \u00c0 LA GRANDE GALERIE DE L\u2019\u00c9VOLUTION EN LIAISON avec. UNE EXPOSITION PHOTO DE VINCENT MUNIER DANS LE JARDIN DES PLANTES","author":"Fabienne TM","date":"23 novembre 2016","format":false,"excerpt":"\u00c0 travers cinq parties, le public peut approcher d\u2019un peu plus pr\u00e8s ces animaux sauvages tout en bousculant son imaginaire sur les huit esp\u00e8ces d\u2019ours qui peuplent actuellement la Terre. Esp\u00e8ces d'Ours ! - Ours polaires \u00a9 Steven Kazlowski \/ Nature Picture Library - Ours brun \u00a9 Volodymyr Burdyak_Shutterstock.com sont\u2026","rel":"","context":"Dans &quot;Familles&quot;","block_context":{"text":"Familles","link":"http:\/\/www.letourismeaparis.fr\/index.php\/category\/familles\/"},"img":{"alt_text":"","src":"https:\/\/i0.wp.com\/www.letourismeaparis.fr\/wp-content\/uploads\/2016\/11\/aff-ours2016-40x60-sanslogo-fab_0-201x300.jpg?resize=350%2C200","width":350,"height":200},"classes":[]},{"id":19758,"url":"http:\/\/www.letourismeaparis.fr\/index.php\/2017\/04\/27\/exposition-la-legende-national-geographic-une-superbe-exposition-a-partir-du-3-mai\/","url_meta":{"origin":16610,"position":5},"title":"EXPOSITION LA L\u00c9GENDE NATIONAL GEOGRAPHIC : une superbe exposition \u00e0 partir du 3 mai","author":"Fabienne TM","date":"27 avril 2017","format":false,"excerpt":"Ce sont plus de 100 Photos embl\u00e9matiques qui seront pr\u00e9sent\u00e9es dans un cadre d'exception , accompagn\u00e9es de la projection de 6 vid\u00e9os in\u00e9dites. Un bathyscaphe, engin sous-marin exploit\u00e9 par le Commandant Cousteau, sera \u00e9galement expos\u00e9 au public. C\u2019est la une la plus iconique de National Geographic. Ce portrait d\u2019une jeune\u2026","rel":"","context":"Dans &quot;Non class\u00e9&quot;","block_context":{"text":"Non class\u00e9","link":"http:\/\/www.letourismeaparis.fr\/index.php\/category\/non-classe\/"},"img":{"alt_text":"","src":"https:\/\/i0.wp.com\/www.letourismeaparis.fr\/wp-content\/uploads\/2017\/04\/Capture-d%C3%A2%C2%80%C2%99e%C3%8C%C2%81cran-2017-04-27-a%C3%8C%C2%80-16.23.04-208x300.png?resize=350%2C200","width":350,"height":200},"classes":[]}],"jetpack_sharing_enabled":true,"jetpack_likes_enabled":true,"_links":{"self":[{"href":"http:\/\/www.letourismeaparis.fr\/index.php\/wp-json\/wp\/v2\/posts\/16610","targetHints":{"allow":["GET"]}}],"collection":[{"href":"http:\/\/www.letourismeaparis.fr\/index.php\/wp-json\/wp\/v2\/posts"}],"about":[{"href":"http:\/\/www.letourismeaparis.fr\/index.php\/wp-json\/wp\/v2\/types\/post"}],"author":[{"embeddable":true,"href":"http:\/\/www.letourismeaparis.fr\/index.php\/wp-json\/wp\/v2\/users\/2"}],"replies":[{"embeddable":true,"href":"http:\/\/www.letourismeaparis.fr\/index.php\/wp-json\/wp\/v2\/comments?post=16610"}],"version-history":[{"count":0,"href":"http:\/\/www.letourismeaparis.fr\/index.php\/wp-json\/wp\/v2\/posts\/16610\/revisions"}],"wp:attachment":[{"href":"http:\/\/www.letourismeaparis.fr\/index.php\/wp-json\/wp\/v2\/media?parent=16610"}],"wp:term":[{"taxonomy":"category","embeddable":true,"href":"http:\/\/www.letourismeaparis.fr\/index.php\/wp-json\/wp\/v2\/categories?post=16610"},{"taxonomy":"post_tag","embeddable":true,"href":"http:\/\/www.letourismeaparis.fr\/index.php\/wp-json\/wp\/v2\/tags?post=16610"}],"curies":[{"name":"wp","href":"https:\/\/api.w.org\/{rel}","templated":true}]}}